{"id":82617,"date":"2021-08-03T17:22:42","date_gmt":"2021-08-03T20:22:42","guid":{"rendered":"http:\/\/infoecos.com.ar\/?p=82617"},"modified":"2021-08-05T03:35:51","modified_gmt":"2021-08-05T06:35:51","slug":"el-municipio-de-trenque-lauquen-dio-a-conocer-las-caracteristicas-edilicias-del-pequeno-hogar","status":"publish","type":"post","link":"https:\/\/infoecos.com.ar\/index.php\/el-municipio-de-trenque-lauquen-dio-a-conocer-las-caracteristicas-edilicias-del-pequeno-hogar\/","title":{"rendered":"El municipio de Trenque Lauquen dio a conocer las caracter\u00edsticas edilicias del Peque\u00f1o Hogar"},"content":{"rendered":"\n<p>En el marco del Programa de Emergencia de Infraestructura Municipal de la Provincia de Buenos Aires (PREIMBA), el intendente Miguel Fern\u00e1ndez, desde su casa, v\u00eda Zoom particip\u00f3 del acto en el cual el gobernador Axel Kicillof, acompa\u00f1ado por funcionarios bonaerenses, present\u00f3 94 convenios para la realizaci\u00f3n de obras en 75 distritos, entre ellos Trenque Lauquen, donde se ejecutar\u00e1 el nuevo edificio del Peque\u00f1o Hogar en la Ampliaci\u00f3n Urbana, por un monto de 32.126.250 pesos.<\/p>\n\n\n\n<div class=\"wp-block-image is-style-default\"><figure class=\"aligncenter size-medium\"><img loading=\"lazy\" decoding=\"async\" width=\"460\" height=\"306\" src=\"http:\/\/infoecos.com.ar\/wp-content\/uploads\/2021\/08\/02_08_2021_-AK-Firma-de-convenio_SGE_3557-460x306.jpg\" alt=\"\" class=\"wp-image-82521\" srcset=\"https:\/\/infoecos.com.ar\/wp-content\/uploads\/2021\/08\/02_08_2021_-AK-Firma-de-convenio_SGE_3557-460x306.jpg 460w, https:\/\/infoecos.com.ar\/wp-content\/uploads\/2021\/08\/02_08_2021_-AK-Firma-de-convenio_SGE_3557-920x612.jpg 920w, https:\/\/infoecos.com.ar\/wp-content\/uploads\/2021\/08\/02_08_2021_-AK-Firma-de-convenio_SGE_3557-768x511.jpg 768w, https:\/\/infoecos.com.ar\/wp-content\/uploads\/2021\/08\/02_08_2021_-AK-Firma-de-convenio_SGE_3557-1536x1020.jpg 1536w, https:\/\/infoecos.com.ar\/wp-content\/uploads\/2021\/08\/02_08_2021_-AK-Firma-de-convenio_SGE_3557-2048x1363.jpg 2048w, https:\/\/infoecos.com.ar\/wp-content\/uploads\/2021\/08\/02_08_2021_-AK-Firma-de-convenio_SGE_3557-1024x681.jpg 1024w, https:\/\/infoecos.com.ar\/wp-content\/uploads\/2021\/08\/02_08_2021_-AK-Firma-de-convenio_SGE_3557-675x450.jpg 675w\" sizes=\"(max-width: 460px) 100vw, 460px\" \/><\/figure><\/div>\n\n\n\n<p>Como ya se inform\u00f3 en nuestro sitio, junto al Gobernador bonaerense estuvieron el jefe de Gabinete, Carlos Bianco, y los ministros del Interior, Eduardo de Pedro; Infraestructura y Servicios P\u00fablicos, Agust\u00edn Simone; y de Desarrollo de la Comunidad, Andr\u00e9s Larroque; e intendentes.<\/p>\n\n\n\n<p>En su Sesi\u00f3n Ordinaria del viernes pasado el Concejo Deliberante (HCD) de Trenque Lauquen hab\u00eda aprobado el convenio correspondiente.<\/p>\n\n\n\n<div class=\"wp-block-image is-style-default\"><figure class=\"aligncenter size-medium\"><img loading=\"lazy\" decoding=\"async\" width=\"460\" height=\"326\" src=\"http:\/\/infoecos.com.ar\/wp-content\/uploads\/2021\/08\/Pequeno-Hogar-460x326.jpg\" alt=\"\" class=\"wp-image-82618\" srcset=\"https:\/\/infoecos.com.ar\/wp-content\/uploads\/2021\/08\/Pequeno-Hogar-460x326.jpg 460w, https:\/\/infoecos.com.ar\/wp-content\/uploads\/2021\/08\/Pequeno-Hogar-920x653.jpg 920w, https:\/\/infoecos.com.ar\/wp-content\/uploads\/2021\/08\/Pequeno-Hogar-768x545.jpg 768w, https:\/\/infoecos.com.ar\/wp-content\/uploads\/2021\/08\/Pequeno-Hogar-1024x726.jpg 1024w, https:\/\/infoecos.com.ar\/wp-content\/uploads\/2021\/08\/Pequeno-Hogar.jpg 1280w\" sizes=\"(max-width: 460px) 100vw, 460px\" \/><figcaption>Plano del Peque\u00f1o Hogar<\/figcaption><\/figure><\/div>\n\n\n\n<p>La obra del nuevo Peque\u00f1o Hogar, que se llevar\u00e1 a cabo en la Ampliaci\u00f3n Urbana y demandar\u00e1 una inversi\u00f3n de 32.126.250 pesos, ser\u00e1 una construcci\u00f3n de unos 371,2 mts2 cubiertos y unos 23,5 mts2 semicubiertos de galer\u00edas que desbordan en un amplio patio y espacio verde, y est\u00e1 proyectada para tener futuras ampliaciones en el caso de que las necesidades as\u00ed lo requieran, y por esta raz\u00f3n es un edificio flexible pensado para<\/p>\n\n\n\n<p>generar un \u00e1mbito de contenci\u00f3n donde las y los menores que all\u00ed residan puedan desarrollar distintas actividades relacionadas a la atenci\u00f3n, contenci\u00f3n y educaci\u00f3n.<\/p>\n\n\n\n<p>El proyecto plantea un lugar central, con el Sal\u00f3n de Usos M\u00faltiples (SUM), y dos alas de funciones: Una con las habitaciones -cinco (5)- y sanitarios, dividiendo con una circulaci\u00f3n las de varones y mujeres, y en la otra se plantea el \u00e1rea administrativa y de servicios de cocina y lavadero.<\/p>\n\n\n\n<p>El desarrollo genera un sistema de plazas y patios y se articula en cinco \u00e1reas diferentes, teniendo como premisa posibilidades concretas de futura ampliaci\u00f3n.<\/p>\n\n\n\n<p>. \u00c1rea Administrativa: Acceso, Oficina Administrativa, Gabinete y Ba\u00f1o para el personal.<\/p>\n\n\n\n<p>\u00b7 \u00c1rea de Habitaciones: Lugar para dormir, Lugar para actividades escolares y Sanitarios con ba\u00f1o para personas con discapacidad.<\/p>\n\n\n\n<p>\u00b7 Sal\u00f3n de Usos M\u00faltiples (SUM): Estar, Sala de Juegos y Actividades Escolares.<\/p>\n\n\n\n<p>\u00b7 Comedor<\/p>\n\n\n\n<p>\u00b7 Apoyo de Servicios: Cocina y Lavadero.<\/p>\n\n\n\n<p>\u00b7 \u00c1reas de Esparcimiento: Plaza p\u00fablica con juegos infantiles y Patio expansi\u00f3n del SUM con pileta de nataci\u00f3n.<\/p>\n\n\n\n<p>El \u00c1rea Administrativa tendr\u00e1 un Despacho para el Coordinador, m\u00e1s un trabajador administrativo, y un Consultorio para profesionales de Psicolog\u00eda de atenci\u00f3n a los ni\u00f1os, mientras que el sector de Habitaciones estar\u00e1 conformado por cuatro unidades comunes, de cuatro camas cada una, y una quinta para beb\u00e9s con cuatro cunas, con equipamientos de placard y muebles de apoyo donde realizar tareas escolares.<\/p>\n\n\n\n<p>El SUM ser\u00e1 un \u00e1rea flexible que funcione como Estar, Comedor y Sala de Juegos, donde adem\u00e1s se podr\u00e1n plantear sectores para brindar Apoyo Escolar y los Servicios contar\u00e1n Lavadero, que incluir\u00e1, zona de planchado y guardado; Cocina de abastecimiento al comedor y sitio de Dep\u00f3sito.<\/p>\n\n\n\n<p>Los sectores verdes se constituir\u00e1n como dos patios de expansi\u00f3n para el edificio, uno p\u00fablico, con juegos infantiles, y otro privado, con sector de pileta.<\/p>\n\n\n\n<p>El Peque\u00f1o Hogar recibe a menores de hasta 13 a\u00f1os de edad, hasta su egreso determinado por la autoridad correspondiente, y all\u00ed se trata de resguardar todos aquellos derechos vulnerados de los ni\u00f1os y ni\u00f1as, como as\u00ed tambi\u00e9n contemplar los casos donde no cuenten con referentes familiares.<\/p>\n\n\n\n<div class=\"wp-block-image is-style-default\"><figure class=\"aligncenter size-large\"><img loading=\"lazy\" decoding=\"async\" width=\"512\" height=\"640\" src=\"http:\/\/infoecos.com.ar\/wp-content\/uploads\/2021\/08\/premiba1.jpg\" alt=\"\" class=\"wp-image-82524\" srcset=\"https:\/\/infoecos.com.ar\/wp-content\/uploads\/2021\/08\/premiba1.jpg 512w, https:\/\/infoecos.com.ar\/wp-content\/uploads\/2021\/08\/premiba1-368x460.jpg 368w\" sizes=\"(max-width: 512px) 100vw, 512px\" \/><\/figure><\/div>\n","protected":false},"excerpt":{"rendered":"<p>De la videoconferencia de este lunes, particip\u00f3 Miguel Fern\u00e1ndez, desde su casa<\/p>\n","protected":false},"author":2,"featured_media":82618,"comment_status":"closed","ping_status":"open","sticky":false,"template":"","format":"standard","meta":{"footnotes":""},"categories":[201],"tags":[3238],"class_list":["post-82617","post","type-post","status-publish","format-standard","has-post-thumbnail","hentry","category-inferior9","tag-convenio-con-la-provincia-de-buenos-aires"],"yoast_head":"<!-- This site is optimized with the Yoast SEO plugin v23.4 - https:\/\/yoast.com\/wordpress\/plugins\/seo\/ -->\n<title>El municipio de Trenque Lauquen dio a conocer las caracter\u00edsticas edilicias del Peque\u00f1o Hogar - Infoecos<\/title>\n<meta name=\"robots\" content=\"index, follow, max-snippet:-1, max-image-preview:large, max-video-preview:-1\" \/>\n<link rel=\"canonical\" href=\"https:\/\/infoecos.com.ar\/index.php\/el-municipio-de-trenque-lauquen-dio-a-conocer-las-caracteristicas-edilicias-del-pequeno-hogar\/\" \/>\n<meta property=\"og:locale\" content=\"es_ES\" \/>\n<meta property=\"og:type\" content=\"article\" \/>\n<meta property=\"og:title\" content=\"El municipio de Trenque Lauquen dio a conocer las caracter\u00edsticas edilicias del Peque\u00f1o Hogar - Infoecos\" \/>\n<meta property=\"og:description\" content=\"De la videoconferencia de este lunes, particip\u00f3 Miguel Fern\u00e1ndez, desde su casa\" \/>\n<meta property=\"og:url\" content=\"https:\/\/infoecos.com.ar\/index.php\/el-municipio-de-trenque-lauquen-dio-a-conocer-las-caracteristicas-edilicias-del-pequeno-hogar\/\" \/>\n<meta property=\"og:site_name\" content=\"Infoecos\" \/>\n<meta property=\"article:publisher\" content=\"https:\/\/www.facebook.com\/profile.php?id=100063200290284\" \/>\n<meta property=\"article:published_time\" content=\"2021-08-03T20:22:42+00:00\" \/>\n<meta property=\"article:modified_time\" content=\"2021-08-05T06:35:51+00:00\" \/>\n<meta property=\"og:image\" content=\"https:\/\/infoecos.com.ar\/wp-content\/uploads\/2021\/08\/Pequeno-Hogar.jpg\" \/>\n\t<meta property=\"og:image:width\" content=\"1280\" \/>\n\t<meta property=\"og:image:height\" content=\"908\" \/>\n\t<meta property=\"og:image:type\" content=\"image\/jpeg\" \/>\n<meta name=\"author\" content=\"Jorge Matheus\" \/>\n<meta name=\"twitter:card\" content=\"summary_large_image\" \/>\n<meta name=\"twitter:creator\" content=\"@infoecos\" \/>\n<meta name=\"twitter:site\" content=\"@infoecos\" \/>\n<meta name=\"twitter:label1\" content=\"Escrito por\" \/>\n\t<meta name=\"twitter:data1\" content=\"Jorge Matheus\" \/>\n\t<meta name=\"twitter:label2\" content=\"Tiempo de lectura\" \/>\n\t<meta name=\"twitter:data2\" content=\"3 minutos\" \/>\n<script type=\"application\/ld+json\" class=\"yoast-schema-graph\">{\"@context\":\"https:\/\/schema.org\",\"@graph\":[{\"@type\":\"Article\",\"@id\":\"https:\/\/infoecos.com.ar\/index.php\/el-municipio-de-trenque-lauquen-dio-a-conocer-las-caracteristicas-edilicias-del-pequeno-hogar\/#article\",\"isPartOf\":{\"@id\":\"https:\/\/infoecos.com.ar\/index.php\/el-municipio-de-trenque-lauquen-dio-a-conocer-las-caracteristicas-edilicias-del-pequeno-hogar\/\"},\"author\":{\"name\":\"Jorge Matheus\",\"@id\":\"https:\/\/infoecos.com.ar\/#\/schema\/person\/8f5ace5ce73b4b4aac4b7245aee6f191\"},\"headline\":\"El municipio de Trenque Lauquen dio a conocer las caracter\u00edsticas edilicias del Peque\u00f1o Hogar\",\"datePublished\":\"2021-08-03T20:22:42+00:00\",\"dateModified\":\"2021-08-05T06:35:51+00:00\",\"mainEntityOfPage\":{\"@id\":\"https:\/\/infoecos.com.ar\/index.php\/el-municipio-de-trenque-lauquen-dio-a-conocer-las-caracteristicas-edilicias-del-pequeno-hogar\/\"},\"wordCount\":615,\"publisher\":{\"@id\":\"https:\/\/infoecos.com.ar\/#organization\"},\"image\":{\"@id\":\"https:\/\/infoecos.com.ar\/index.php\/el-municipio-de-trenque-lauquen-dio-a-conocer-las-caracteristicas-edilicias-del-pequeno-hogar\/#primaryimage\"},\"thumbnailUrl\":\"https:\/\/infoecos.com.ar\/wp-content\/uploads\/2021\/08\/Pequeno-Hogar.jpg\",\"keywords\":[\"CONVENIO CON LA PROVINCIA DE BUENOS AIRES\"],\"articleSection\":[\"Bloque inferior - 9\"],\"inLanguage\":\"es\"},{\"@type\":\"WebPage\",\"@id\":\"https:\/\/infoecos.com.ar\/index.php\/el-municipio-de-trenque-lauquen-dio-a-conocer-las-caracteristicas-edilicias-del-pequeno-hogar\/\",\"url\":\"https:\/\/infoecos.com.ar\/index.php\/el-municipio-de-trenque-lauquen-dio-a-conocer-las-caracteristicas-edilicias-del-pequeno-hogar\/\",\"name\":\"El municipio de Trenque Lauquen dio a conocer las caracter\u00edsticas edilicias del Peque\u00f1o Hogar - Infoecos\",\"isPartOf\":{\"@id\":\"https:\/\/infoecos.com.ar\/#website\"},\"primaryImageOfPage\":{\"@id\":\"https:\/\/infoecos.com.ar\/index.php\/el-municipio-de-trenque-lauquen-dio-a-conocer-las-caracteristicas-edilicias-del-pequeno-hogar\/#primaryimage\"},\"image\":{\"@id\":\"https:\/\/infoecos.com.ar\/index.php\/el-municipio-de-trenque-lauquen-dio-a-conocer-las-caracteristicas-edilicias-del-pequeno-hogar\/#primaryimage\"},\"thumbnailUrl\":\"https:\/\/infoecos.com.ar\/wp-content\/uploads\/2021\/08\/Pequeno-Hogar.jpg\",\"datePublished\":\"2021-08-03T20:22:42+00:00\",\"dateModified\":\"2021-08-05T06:35:51+00:00\",\"breadcrumb\":{\"@id\":\"https:\/\/infoecos.com.ar\/index.php\/el-municipio-de-trenque-lauquen-dio-a-conocer-las-caracteristicas-edilicias-del-pequeno-hogar\/#breadcrumb\"},\"inLanguage\":\"es\",\"potentialAction\":[{\"@type\":\"ReadAction\",\"target\":[\"https:\/\/infoecos.com.ar\/index.php\/el-municipio-de-trenque-lauquen-dio-a-conocer-las-caracteristicas-edilicias-del-pequeno-hogar\/\"]}]},{\"@type\":\"ImageObject\",\"inLanguage\":\"es\",\"@id\":\"https:\/\/infoecos.com.ar\/index.php\/el-municipio-de-trenque-lauquen-dio-a-conocer-las-caracteristicas-edilicias-del-pequeno-hogar\/#primaryimage\",\"url\":\"https:\/\/infoecos.com.ar\/wp-content\/uploads\/2021\/08\/Pequeno-Hogar.jpg\",\"contentUrl\":\"https:\/\/infoecos.com.ar\/wp-content\/uploads\/2021\/08\/Pequeno-Hogar.jpg\",\"width\":1280,\"height\":908},{\"@type\":\"BreadcrumbList\",\"@id\":\"https:\/\/infoecos.com.ar\/index.php\/el-municipio-de-trenque-lauquen-dio-a-conocer-las-caracteristicas-edilicias-del-pequeno-hogar\/#breadcrumb\",\"itemListElement\":[{\"@type\":\"ListItem\",\"position\":1,\"name\":\"Portada\",\"item\":\"https:\/\/infoecos.com.ar\/\"},{\"@type\":\"ListItem\",\"position\":2,\"name\":\"El municipio de Trenque Lauquen dio a conocer las caracter\u00edsticas edilicias del Peque\u00f1o Hogar\"}]},{\"@type\":\"WebSite\",\"@id\":\"https:\/\/infoecos.com.ar\/#website\",\"url\":\"https:\/\/infoecos.com.ar\/\",\"name\":\"Infoecos\",\"description\":\"Noticias de trenque lauquen y la zona\",\"publisher\":{\"@id\":\"https:\/\/infoecos.com.ar\/#organization\"},\"alternateName\":\"Noticias\",\"potentialAction\":[{\"@type\":\"SearchAction\",\"target\":{\"@type\":\"EntryPoint\",\"urlTemplate\":\"https:\/\/infoecos.com.ar\/?s={search_term_string}\"},\"query-input\":{\"@type\":\"PropertyValueSpecification\",\"valueRequired\":true,\"valueName\":\"search_term_string\"}}],\"inLanguage\":\"es\"},{\"@type\":\"Organization\",\"@id\":\"https:\/\/infoecos.com.ar\/#organization\",\"name\":\"Infoecos\",\"alternateName\":\"Noticias\",\"url\":\"https:\/\/infoecos.com.ar\/\",\"logo\":{\"@type\":\"ImageObject\",\"inLanguage\":\"es\",\"@id\":\"https:\/\/infoecos.com.ar\/#\/schema\/logo\/image\/\",\"url\":\"https:\/\/infoecos.com.ar\/wp-content\/uploads\/2024\/03\/cropped-logo.png\",\"contentUrl\":\"https:\/\/infoecos.com.ar\/wp-content\/uploads\/2024\/03\/cropped-logo.png\",\"width\":374,\"height\":90,\"caption\":\"Infoecos\"},\"image\":{\"@id\":\"https:\/\/infoecos.com.ar\/#\/schema\/logo\/image\/\"},\"sameAs\":[\"https:\/\/www.facebook.com\/profile.php?id=100063200290284\",\"https:\/\/x.com\/infoecos\"]},{\"@type\":\"Person\",\"@id\":\"https:\/\/infoecos.com.ar\/#\/schema\/person\/8f5ace5ce73b4b4aac4b7245aee6f191\",\"name\":\"Jorge Matheus\",\"url\":\"https:\/\/infoecos.com.ar\/index.php\/author\/jomatheus\/\"}]}<\/script>\n<!-- \/ Yoast SEO plugin. -->","yoast_head_json":{"title":"El municipio de Trenque Lauquen dio a conocer las caracter\u00edsticas edilicias del Peque\u00f1o Hogar - Infoecos","robots":{"index":"index","follow":"follow","max-snippet":"max-snippet:-1","max-image-preview":"max-image-preview:large","max-video-preview":"max-video-preview:-1"},"canonical":"https:\/\/infoecos.com.ar\/index.php\/el-municipio-de-trenque-lauquen-dio-a-conocer-las-caracteristicas-edilicias-del-pequeno-hogar\/","og_locale":"es_ES","og_type":"article","og_title":"El municipio de Trenque Lauquen dio a conocer las caracter\u00edsticas edilicias del Peque\u00f1o Hogar - Infoecos","og_description":"De la videoconferencia de este lunes, particip\u00f3 Miguel Fern\u00e1ndez, desde su casa","og_url":"https:\/\/infoecos.com.ar\/index.php\/el-municipio-de-trenque-lauquen-dio-a-conocer-las-caracteristicas-edilicias-del-pequeno-hogar\/","og_site_name":"Infoecos","article_publisher":"https:\/\/www.facebook.com\/profile.php?id=100063200290284","article_published_time":"2021-08-03T20:22:42+00:00","article_modified_time":"2021-08-05T06:35:51+00:00","og_image":[{"width":1280,"height":908,"url":"https:\/\/infoecos.com.ar\/wp-content\/uploads\/2021\/08\/Pequeno-Hogar.jpg","type":"image\/jpeg"}],"author":"Jorge Matheus","twitter_card":"summary_large_image","twitter_creator":"@infoecos","twitter_site":"@infoecos","twitter_misc":{"Escrito por":"Jorge Matheus","Tiempo de lectura":"3 minutos"},"schema":{"@context":"https:\/\/schema.org","@graph":[{"@type":"Article","@id":"https:\/\/infoecos.com.ar\/index.php\/el-municipio-de-trenque-lauquen-dio-a-conocer-las-caracteristicas-edilicias-del-pequeno-hogar\/#article","isPartOf":{"@id":"https:\/\/infoecos.com.ar\/index.php\/el-municipio-de-trenque-lauquen-dio-a-conocer-las-caracteristicas-edilicias-del-pequeno-hogar\/"},"author":{"name":"Jorge Matheus","@id":"https:\/\/infoecos.com.ar\/#\/schema\/person\/8f5ace5ce73b4b4aac4b7245aee6f191"},"headline":"El municipio de Trenque Lauquen dio a conocer las caracter\u00edsticas edilicias del Peque\u00f1o Hogar","datePublished":"2021-08-03T20:22:42+00:00","dateModified":"2021-08-05T06:35:51+00:00","mainEntityOfPage":{"@id":"https:\/\/infoecos.com.ar\/index.php\/el-municipio-de-trenque-lauquen-dio-a-conocer-las-caracteristicas-edilicias-del-pequeno-hogar\/"},"wordCount":615,"publisher":{"@id":"https:\/\/infoecos.com.ar\/#organization"},"image":{"@id":"https:\/\/infoecos.com.ar\/index.php\/el-municipio-de-trenque-lauquen-dio-a-conocer-las-caracteristicas-edilicias-del-pequeno-hogar\/#primaryimage"},"thumbnailUrl":"https:\/\/infoecos.com.ar\/wp-content\/uploads\/2021\/08\/Pequeno-Hogar.jpg","keywords":["CONVENIO CON LA PROVINCIA DE BUENOS AIRES"],"articleSection":["Bloque inferior - 9"],"inLanguage":"es"},{"@type":"WebPage","@id":"https:\/\/infoecos.com.ar\/index.php\/el-municipio-de-trenque-lauquen-dio-a-conocer-las-caracteristicas-edilicias-del-pequeno-hogar\/","url":"https:\/\/infoecos.com.ar\/index.php\/el-municipio-de-trenque-lauquen-dio-a-conocer-las-caracteristicas-edilicias-del-pequeno-hogar\/","name":"El municipio de Trenque Lauquen dio a conocer las caracter\u00edsticas edilicias del Peque\u00f1o Hogar - Infoecos","isPartOf":{"@id":"https:\/\/infoecos.com.ar\/#website"},"primaryImageOfPage":{"@id":"https:\/\/infoecos.com.ar\/index.php\/el-municipio-de-trenque-lauquen-dio-a-conocer-las-caracteristicas-edilicias-del-pequeno-hogar\/#primaryimage"},"image":{"@id":"https:\/\/infoecos.com.ar\/index.php\/el-municipio-de-trenque-lauquen-dio-a-conocer-las-caracteristicas-edilicias-del-pequeno-hogar\/#primaryimage"},"thumbnailUrl":"https:\/\/infoecos.com.ar\/wp-content\/uploads\/2021\/08\/Pequeno-Hogar.jpg","datePublished":"2021-08-03T20:22:42+00:00","dateModified":"2021-08-05T06:35:51+00:00","breadcrumb":{"@id":"https:\/\/infoecos.com.ar\/index.php\/el-municipio-de-trenque-lauquen-dio-a-conocer-las-caracteristicas-edilicias-del-pequeno-hogar\/#breadcrumb"},"inLanguage":"es","potentialAction":[{"@type":"ReadAction","target":["https:\/\/infoecos.com.ar\/index.php\/el-municipio-de-trenque-lauquen-dio-a-conocer-las-caracteristicas-edilicias-del-pequeno-hogar\/"]}]},{"@type":"ImageObject","inLanguage":"es","@id":"https:\/\/infoecos.com.ar\/index.php\/el-municipio-de-trenque-lauquen-dio-a-conocer-las-caracteristicas-edilicias-del-pequeno-hogar\/#primaryimage","url":"https:\/\/infoecos.com.ar\/wp-content\/uploads\/2021\/08\/Pequeno-Hogar.jpg","contentUrl":"https:\/\/infoecos.com.ar\/wp-content\/uploads\/2021\/08\/Pequeno-Hogar.jpg","width":1280,"height":908},{"@type":"BreadcrumbList","@id":"https:\/\/infoecos.com.ar\/index.php\/el-municipio-de-trenque-lauquen-dio-a-conocer-las-caracteristicas-edilicias-del-pequeno-hogar\/#breadcrumb","itemListElement":[{"@type":"ListItem","position":1,"name":"Portada","item":"https:\/\/infoecos.com.ar\/"},{"@type":"ListItem","position":2,"name":"El municipio de Trenque Lauquen dio a conocer las caracter\u00edsticas edilicias del Peque\u00f1o Hogar"}]},{"@type":"WebSite","@id":"https:\/\/infoecos.com.ar\/#website","url":"https:\/\/infoecos.com.ar\/","name":"Infoecos","description":"Noticias de trenque lauquen y la zona","publisher":{"@id":"https:\/\/infoecos.com.ar\/#organization"},"alternateName":"Noticias","potentialAction":[{"@type":"SearchAction","target":{"@type":"EntryPoint","urlTemplate":"https:\/\/infoecos.com.ar\/?s={search_term_string}"},"query-input":{"@type":"PropertyValueSpecification","valueRequired":true,"valueName":"search_term_string"}}],"inLanguage":"es"},{"@type":"Organization","@id":"https:\/\/infoecos.com.ar\/#organization","name":"Infoecos","alternateName":"Noticias","url":"https:\/\/infoecos.com.ar\/","logo":{"@type":"ImageObject","inLanguage":"es","@id":"https:\/\/infoecos.com.ar\/#\/schema\/logo\/image\/","url":"https:\/\/infoecos.com.ar\/wp-content\/uploads\/2024\/03\/cropped-logo.png","contentUrl":"https:\/\/infoecos.com.ar\/wp-content\/uploads\/2024\/03\/cropped-logo.png","width":374,"height":90,"caption":"Infoecos"},"image":{"@id":"https:\/\/infoecos.com.ar\/#\/schema\/logo\/image\/"},"sameAs":["https:\/\/www.facebook.com\/profile.php?id=100063200290284","https:\/\/x.com\/infoecos"]},{"@type":"Person","@id":"https:\/\/infoecos.com.ar\/#\/schema\/person\/8f5ace5ce73b4b4aac4b7245aee6f191","name":"Jorge Matheus","url":"https:\/\/infoecos.com.ar\/index.php\/author\/jomatheus\/"}]}},"featured_image_urls":{"full":["https:\/\/infoecos.com.ar\/wp-content\/uploads\/2021\/08\/Pequeno-Hogar.jpg",1280,908,false],"thumbnail":["https:\/\/infoecos.com.ar\/wp-content\/uploads\/2021\/08\/Pequeno-Hogar-150x150.jpg",150,150,true],"medium":["https:\/\/infoecos.com.ar\/wp-content\/uploads\/2021\/08\/Pequeno-Hogar-460x326.jpg",460,326,true],"medium_large":["https:\/\/infoecos.com.ar\/wp-content\/uploads\/2021\/08\/Pequeno-Hogar-768x545.jpg",640,454,true],"large":["https:\/\/infoecos.com.ar\/wp-content\/uploads\/2021\/08\/Pequeno-Hogar-920x653.jpg",640,454,true],"1536x1536":["https:\/\/infoecos.com.ar\/wp-content\/uploads\/2021\/08\/Pequeno-Hogar.jpg",1280,908,false],"2048x2048":["https:\/\/infoecos.com.ar\/wp-content\/uploads\/2021\/08\/Pequeno-Hogar.jpg",1280,908,false],"covernews-slider-full":["https:\/\/infoecos.com.ar\/wp-content\/uploads\/2021\/08\/Pequeno-Hogar.jpg",1008,715,false],"covernews-slider-center":["https:\/\/infoecos.com.ar\/wp-content\/uploads\/2021\/08\/Pequeno-Hogar-936x897.jpg",522,500,true],"covernews-featured":["https:\/\/infoecos.com.ar\/wp-content\/uploads\/2021\/08\/Pequeno-Hogar-1024x726.jpg",1024,726,true],"covernews-medium":["https:\/\/infoecos.com.ar\/wp-content\/uploads\/2021\/08\/Pequeno-Hogar-720x380.jpg",540,285,true],"covernews-medium-square":["https:\/\/infoecos.com.ar\/wp-content\/uploads\/2021\/08\/Pequeno-Hogar-675x450.jpg",375,250,true]},"author_info":{"info":["Jorge Matheus"]},"category_info":"<a href=\"https:\/\/infoecos.com.ar\/index.php\/category\/inferior9\/\" rel=\"category tag\">Bloque inferior - 9<\/a>","tag_info":"Bloque inferior - 9","comment_count":"0","_links":{"self":[{"href":"https:\/\/infoecos.com.ar\/index.php\/wp-json\/wp\/v2\/posts\/82617"}],"collection":[{"href":"https:\/\/infoecos.com.ar\/index.php\/wp-json\/wp\/v2\/posts"}],"about":[{"href":"https:\/\/infoecos.com.ar\/index.php\/wp-json\/wp\/v2\/types\/post"}],"author":[{"embeddable":true,"href":"https:\/\/infoecos.com.ar\/index.php\/wp-json\/wp\/v2\/users\/2"}],"replies":[{"embeddable":true,"href":"https:\/\/infoecos.com.ar\/index.php\/wp-json\/wp\/v2\/comments?post=82617"}],"version-history":[{"count":1,"href":"https:\/\/infoecos.com.ar\/index.php\/wp-json\/wp\/v2\/posts\/82617\/revisions"}],"predecessor-version":[{"id":82619,"href":"https:\/\/infoecos.com.ar\/index.php\/wp-json\/wp\/v2\/posts\/82617\/revisions\/82619"}],"wp:featuredmedia":[{"embeddable":true,"href":"https:\/\/infoecos.com.ar\/index.php\/wp-json\/wp\/v2\/media\/82618"}],"wp:attachment":[{"href":"https:\/\/infoecos.com.ar\/index.php\/wp-json\/wp\/v2\/media?parent=82617"}],"wp:term":[{"taxonomy":"category","embeddable":true,"href":"https:\/\/infoecos.com.ar\/index.php\/wp-json\/wp\/v2\/categories?post=82617"},{"taxonomy":"post_tag","embeddable":true,"href":"https:\/\/infoecos.com.ar\/index.php\/wp-json\/wp\/v2\/tags?post=82617"}],"curies":[{"name":"wp","href":"https:\/\/api.w.org\/{rel}","templated":true}]}}