{"id":82633,"date":"2021-08-04T01:43:04","date_gmt":"2021-08-04T04:43:04","guid":{"rendered":"http:\/\/infoecos.com.ar\/?p=82633"},"modified":"2021-08-05T03:34:57","modified_gmt":"2021-08-05T06:34:57","slug":"la-localidad-de-martinez-de-hoz-en-el-distrito-de-lincoln-tendra-sistema-de-desagues-cloacales","status":"publish","type":"post","link":"https:\/\/infoecos.com.ar\/index.php\/la-localidad-de-martinez-de-hoz-en-el-distrito-de-lincoln-tendra-sistema-de-desagues-cloacales\/","title":{"rendered":"La localidad de Mart\u00ednez de Hoz, en el distrito de Lincoln, tendr\u00e1 sistema de desag\u00fces cloacales"},"content":{"rendered":"\n<p class=\"wp-block-paragraph\">El intendente de Lincoln, Salvador&nbsp;Serenal&nbsp;particip\u00f3 en La Plata de la apertura de sobres correspondientes a la \u201cLicitaci\u00f3n P\u00fablica&nbsp;N\u00b0&nbsp;112\/2021 &#8211; Sistemas de Desag\u00fces Cloacales para la localidad de Mart\u00ednez de Hoz\u201d. <\/p>\n\n\n\n<div class=\"wp-block-image is-style-default\"><figure class=\"aligncenter size-medium\"><img loading=\"lazy\" decoding=\"async\" width=\"460\" height=\"306\" src=\"http:\/\/infoecos.com.ar\/wp-content\/uploads\/2021\/08\/WhatsApp-Image-2021-08-03-at-12.34.321-460x306.jpeg\" alt=\"\" class=\"wp-image-82634\" srcset=\"https:\/\/infoecos.com.ar\/wp-content\/uploads\/2021\/08\/WhatsApp-Image-2021-08-03-at-12.34.321-460x306.jpeg 460w, https:\/\/infoecos.com.ar\/wp-content\/uploads\/2021\/08\/WhatsApp-Image-2021-08-03-at-12.34.321-920x613.jpeg 920w, https:\/\/infoecos.com.ar\/wp-content\/uploads\/2021\/08\/WhatsApp-Image-2021-08-03-at-12.34.321-768x512.jpeg 768w, https:\/\/infoecos.com.ar\/wp-content\/uploads\/2021\/08\/WhatsApp-Image-2021-08-03-at-12.34.321-675x450.jpeg 675w, https:\/\/infoecos.com.ar\/wp-content\/uploads\/2021\/08\/WhatsApp-Image-2021-08-03-at-12.34.321.jpeg 1024w\" sizes=\"auto, (max-width: 460px) 100vw, 460px\" \/><figcaption>Apertura de sobres cloacas Mart\u00ednez de Hoz<\/figcaption><\/figure><\/div>\n\n\n\n<p class=\"wp-block-paragraph\">El acto estuvo encabezado por el director provincial de Aguas y Cloacas, Sergio Benet; el director de Saneamiento Rural, Adri\u00e1n Mero; y el presidente de la Autoridad del Agua, Luis Siri. Para esta obra se presentaron dos oferentes.&nbsp;<\/p>\n\n\n\n<p class=\"wp-block-paragraph\">Mart\u00ednez de Hoz se convertir\u00e1 en la segunda localidad de ese diistrito en contar con la cobertura total del servicio de cloacas&nbsp;e incorporar\u00e1 una Planta de Tratamiento Compacto similar a lo ocurrido meses atr\u00e1s con Arenaza.&nbsp;<\/p>\n\n\n\n<div class=\"wp-block-image is-style-default\"><figure class=\"aligncenter size-medium\"><img loading=\"lazy\" decoding=\"async\" width=\"460\" height=\"306\" src=\"http:\/\/infoecos.com.ar\/wp-content\/uploads\/2021\/08\/WhatsApp-Image-2021-08-03-at-12.34.322-460x306.jpeg\" alt=\"\" class=\"wp-image-82635\" srcset=\"https:\/\/infoecos.com.ar\/wp-content\/uploads\/2021\/08\/WhatsApp-Image-2021-08-03-at-12.34.322-460x306.jpeg 460w, https:\/\/infoecos.com.ar\/wp-content\/uploads\/2021\/08\/WhatsApp-Image-2021-08-03-at-12.34.322-920x613.jpeg 920w, https:\/\/infoecos.com.ar\/wp-content\/uploads\/2021\/08\/WhatsApp-Image-2021-08-03-at-12.34.322-768x512.jpeg 768w, https:\/\/infoecos.com.ar\/wp-content\/uploads\/2021\/08\/WhatsApp-Image-2021-08-03-at-12.34.322-675x450.jpeg 675w, https:\/\/infoecos.com.ar\/wp-content\/uploads\/2021\/08\/WhatsApp-Image-2021-08-03-at-12.34.322.jpeg 1024w\" sizes=\"auto, (max-width: 460px) 100vw, 460px\" \/><figcaption>Serenal conversa  con autoridades de la provincia<\/figcaption><\/figure><\/div>\n\n\n\n<p class=\"wp-block-paragraph\">Los trabajos&nbsp;abarcar\u00e1n la construcci\u00f3n de una planta de tratamiento de efluentes cloacales y el tendido de una red de 11.000 metros&nbsp;de ca\u00f1er\u00eda, lo que permitir\u00e1 la conexi\u00f3n del 100% de los domicilios de la localidad a la red de recolecci\u00f3n de efluentes.&nbsp;<\/p>\n\n\n\n<p class=\"wp-block-paragraph\">Seg\u00fan indicaron desde la cartera de Infraestructura y Servicios de la provincia, la obra tiene como objetivo dotar a la comunidad de Mart\u00ednez de Hoz de un \u201csistema eficiente y confiable para la eliminaci\u00f3n de aguas servidas y, de esa forma, reducir el impacto de las enfermedades de origen h\u00eddrico\u201d.&nbsp;<\/p>\n\n\n\n<div class=\"wp-block-image is-style-default\"><figure class=\"aligncenter size-medium\"><img loading=\"lazy\" decoding=\"async\" width=\"460\" height=\"306\" src=\"http:\/\/infoecos.com.ar\/wp-content\/uploads\/2021\/08\/WhatsApp-Image-2021-08-03-at-12.34.323-460x306.jpeg\" alt=\"\" class=\"wp-image-82636\" srcset=\"https:\/\/infoecos.com.ar\/wp-content\/uploads\/2021\/08\/WhatsApp-Image-2021-08-03-at-12.34.323-460x306.jpeg 460w, https:\/\/infoecos.com.ar\/wp-content\/uploads\/2021\/08\/WhatsApp-Image-2021-08-03-at-12.34.323-920x613.jpeg 920w, https:\/\/infoecos.com.ar\/wp-content\/uploads\/2021\/08\/WhatsApp-Image-2021-08-03-at-12.34.323-768x512.jpeg 768w, https:\/\/infoecos.com.ar\/wp-content\/uploads\/2021\/08\/WhatsApp-Image-2021-08-03-at-12.34.323-675x450.jpeg 675w, https:\/\/infoecos.com.ar\/wp-content\/uploads\/2021\/08\/WhatsApp-Image-2021-08-03-at-12.34.323.jpeg 1024w\" sizes=\"auto, (max-width: 460px) 100vw, 460px\" \/><figcaption>apertura de sobres desag\u00fces Mart\u00ednez de Hoz<\/figcaption><\/figure><\/div>\n\n\n\n<p class=\"wp-block-paragraph\"><\/p>\n\n\n\n<p class=\"wp-block-paragraph\"><\/p>\n","protected":false},"excerpt":{"rendered":"<p>Mart\u00ednez de Hoz se convertir\u00e1 en la segunda localidad de ese diistrito en contar con la cobertura total del servicio de cloacas e incorporar\u00e1 una Planta de Tratamiento Compacto similar a lo ocurrido meses atr\u00e1s con Arenaza<\/p>\n","protected":false},"author":2,"featured_media":82635,"comment_status":"closed","ping_status":"open","sticky":false,"template":"","format":"standard","meta":{"footnotes":""},"categories":[199],"tags":[4520],"class_list":["post-82633","post","type-post","status-publish","format-standard","has-post-thumbnail","hentry","category-inferior7","tag-se-abrieron-los-sobres-de-la-licitacion"],"featured_image_urls":{"full":["https:\/\/infoecos.com.ar\/wp-content\/uploads\/2021\/08\/WhatsApp-Image-2021-08-03-at-12.34.322.jpeg",1024,682,false],"thumbnail":["https:\/\/infoecos.com.ar\/wp-content\/uploads\/2021\/08\/WhatsApp-Image-2021-08-03-at-12.34.322-150x150.jpeg",150,150,true],"medium":["https:\/\/infoecos.com.ar\/wp-content\/uploads\/2021\/08\/WhatsApp-Image-2021-08-03-at-12.34.322-460x306.jpeg",460,306,true],"medium_large":["https:\/\/infoecos.com.ar\/wp-content\/uploads\/2021\/08\/WhatsApp-Image-2021-08-03-at-12.34.322-768x512.jpeg",640,427,true],"large":["https:\/\/infoecos.com.ar\/wp-content\/uploads\/2021\/08\/WhatsApp-Image-2021-08-03-at-12.34.322-920x613.jpeg",640,426,true],"1536x1536":["https:\/\/infoecos.com.ar\/wp-content\/uploads\/2021\/08\/WhatsApp-Image-2021-08-03-at-12.34.322.jpeg",1024,682,false],"2048x2048":["https:\/\/infoecos.com.ar\/wp-content\/uploads\/2021\/08\/WhatsApp-Image-2021-08-03-at-12.34.322.jpeg",1024,682,false],"covernews-slider-full":["https:\/\/infoecos.com.ar\/wp-content\/uploads\/2021\/08\/WhatsApp-Image-2021-08-03-at-12.34.322.jpeg",1024,682,false],"covernews-slider-center":["https:\/\/infoecos.com.ar\/wp-content\/uploads\/2021\/08\/WhatsApp-Image-2021-08-03-at-12.34.322-936x682.jpeg",686,500,true],"covernews-featured":["https:\/\/infoecos.com.ar\/wp-content\/uploads\/2021\/08\/WhatsApp-Image-2021-08-03-at-12.34.322.jpeg",1024,682,false],"covernews-medium":["https:\/\/infoecos.com.ar\/wp-content\/uploads\/2021\/08\/WhatsApp-Image-2021-08-03-at-12.34.322-720x380.jpeg",540,285,true],"covernews-medium-square":["https:\/\/infoecos.com.ar\/wp-content\/uploads\/2021\/08\/WhatsApp-Image-2021-08-03-at-12.34.322-675x450.jpeg",375,250,true]},"author_info":{"info":["Jorge Matheus"]},"category_info":"<a href=\"https:\/\/infoecos.com.ar\/index.php\/category\/inferior7\/\" rel=\"category tag\">Bloque inferior - 7<\/a>","tag_info":"Bloque inferior - 7","comment_count":"0","_links":{"self":[{"href":"https:\/\/infoecos.com.ar\/index.php\/wp-json\/wp\/v2\/posts\/82633","targetHints":{"allow":["GET"]}}],"collection":[{"href":"https:\/\/infoecos.com.ar\/index.php\/wp-json\/wp\/v2\/posts"}],"about":[{"href":"https:\/\/infoecos.com.ar\/index.php\/wp-json\/wp\/v2\/types\/post"}],"author":[{"embeddable":true,"href":"https:\/\/infoecos.com.ar\/index.php\/wp-json\/wp\/v2\/users\/2"}],"replies":[{"embeddable":true,"href":"https:\/\/infoecos.com.ar\/index.php\/wp-json\/wp\/v2\/comments?post=82633"}],"version-history":[{"count":2,"href":"https:\/\/infoecos.com.ar\/index.php\/wp-json\/wp\/v2\/posts\/82633\/revisions"}],"predecessor-version":[{"id":82734,"href":"https:\/\/infoecos.com.ar\/index.php\/wp-json\/wp\/v2\/posts\/82633\/revisions\/82734"}],"wp:featuredmedia":[{"embeddable":true,"href":"https:\/\/infoecos.com.ar\/index.php\/wp-json\/wp\/v2\/media\/82635"}],"wp:attachment":[{"href":"https:\/\/infoecos.com.ar\/index.php\/wp-json\/wp\/v2\/media?parent=82633"}],"wp:term":[{"taxonomy":"category","embeddable":true,"href":"https:\/\/infoecos.com.ar\/index.php\/wp-json\/wp\/v2\/categories?post=82633"},{"taxonomy":"post_tag","embeddable":true,"href":"https:\/\/infoecos.com.ar\/index.php\/wp-json\/wp\/v2\/tags?post=82633"}],"curies":[{"name":"wp","href":"https:\/\/api.w.org\/{rel}","templated":true}]}}