{"id":82642,"date":"2021-08-04T02:08:06","date_gmt":"2021-08-04T05:08:06","guid":{"rendered":"http:\/\/infoecos.com.ar\/?p=82642"},"modified":"2021-08-04T02:08:14","modified_gmt":"2021-08-04T05:08:14","slug":"la-solidaridad-y-generosidad-de-luto-murieron-3-bomberos-y-a-las-9-se-escuchara-la-sirena-de-todos-los-cuarteles-bonaerenses","status":"publish","type":"post","link":"https:\/\/infoecos.com.ar\/index.php\/la-solidaridad-y-generosidad-de-luto-murieron-3-bomberos-y-a-las-9-se-escuchara-la-sirena-de-todos-los-cuarteles-bonaerenses\/","title":{"rendered":"La solidaridad y generosidad de luto: murieron 3 bomberos y a las 9 se escuchar\u00e1 la sirena de todos los cuarteles bonaerenses"},"content":{"rendered":"\n<p class=\"wp-block-paragraph\">La Federaci\u00f3n de Bomberos Voluntarios de la Provincia de Buenos Aires declar\u00f3 el duelo en todo el territorio Bonaerense a ra\u00edz del fallecimiento del Oficial Auxiliar, Pablo Javier Silva; Sub Ayudante, Cristian Damian Ragazzoni; y el Bombero, H\u00e9ctor Gabriel Fedeli, ca\u00eddos en cumplimiento del deber en Tres de Febrero.<\/p>\n\n\n\n<div class=\"wp-block-image is-style-default\"><figure class=\"aligncenter size-medium\"><img loading=\"lazy\" decoding=\"async\" width=\"460\" height=\"259\" src=\"http:\/\/infoecos.com.ar\/wp-content\/uploads\/2021\/08\/bomberosfallecidos-460x259.jpg\" alt=\"\" class=\"wp-image-82643\" srcset=\"https:\/\/infoecos.com.ar\/wp-content\/uploads\/2021\/08\/bomberosfallecidos-460x259.jpg 460w, https:\/\/infoecos.com.ar\/wp-content\/uploads\/2021\/08\/bomberosfallecidos-768x432.jpg 768w, https:\/\/infoecos.com.ar\/wp-content\/uploads\/2021\/08\/bomberosfallecidos.jpg 920w\" sizes=\"auto, (max-width: 460px) 100vw, 460px\" \/><\/figure><\/div>\n\n\n\n<p class=\"wp-block-paragraph\">Durante tres d\u00edas la bandera en los cuarteles estar\u00e1 a media asta y este mi\u00e9rcoles habr\u00e1 toque de sirena, a partir de las 9 de la ma\u00f1ana en toda la provincia.<\/p>\n\n\n\n<div class=\"wp-block-image is-style-default\"><figure class=\"aligncenter size-medium\"><img loading=\"lazy\" decoding=\"async\" width=\"460\" height=\"460\" src=\"http:\/\/infoecos.com.ar\/wp-content\/uploads\/2021\/08\/bomberosvoluntarios3df-460x460.jpg\" alt=\"\" class=\"wp-image-82644\" srcset=\"https:\/\/infoecos.com.ar\/wp-content\/uploads\/2021\/08\/bomberosvoluntarios3df-460x460.jpg 460w, https:\/\/infoecos.com.ar\/wp-content\/uploads\/2021\/08\/bomberosvoluntarios3df-150x150.jpg 150w, https:\/\/infoecos.com.ar\/wp-content\/uploads\/2021\/08\/bomberosvoluntarios3df-768x768.jpg 768w, https:\/\/infoecos.com.ar\/wp-content\/uploads\/2021\/08\/bomberosvoluntarios3df.jpg 852w\" sizes=\"auto, (max-width: 460px) 100vw, 460px\" \/><\/figure><\/div>\n\n\n\n<p class=\"wp-block-paragraph\">El incendio en el que actuaron los servidores p\u00fablicos comenz\u00f3 alrededor de las 7 de la ma\u00f1ana, seg\u00fan informaron fuentes policiales en el\u00a0quinto piso de un edificio ubicado sobre la avenida San Mart\u00edn al 1300<strong>.\u00a0<\/strong>Con el fuego fuera de control, los vecinos llamaron a los bomberos. Al menos siete dotaciones trabajaron en el lugar.<\/p>\n\n\n\n<p class=\"wp-block-paragraph\">Cristian Ragazzoni, Gabriel Fedeli y Pablo Silva perdieron la vida en el Hospital Carrillo, a ra\u00edz de las quemaduras recibidas.<\/p>\n\n\n\n<div class=\"wp-block-image is-style-default\"><figure class=\"aligncenter size-medium\"><img loading=\"lazy\" decoding=\"async\" width=\"460\" height=\"307\" src=\"http:\/\/infoecos.com.ar\/wp-content\/uploads\/2021\/08\/bomberosvoluntarios3df1-460x307.jpg\" alt=\"\" class=\"wp-image-82645\" srcset=\"https:\/\/infoecos.com.ar\/wp-content\/uploads\/2021\/08\/bomberosvoluntarios3df1-460x307.jpg 460w, https:\/\/infoecos.com.ar\/wp-content\/uploads\/2021\/08\/bomberosvoluntarios3df1-768x512.jpg 768w, https:\/\/infoecos.com.ar\/wp-content\/uploads\/2021\/08\/bomberosvoluntarios3df1-675x450.jpg 675w, https:\/\/infoecos.com.ar\/wp-content\/uploads\/2021\/08\/bomberosvoluntarios3df1.jpg 879w\" sizes=\"auto, (max-width: 460px) 100vw, 460px\" \/><\/figure><\/div>\n","protected":false},"excerpt":{"rendered":"<p>Durante tres d\u00edas la bandera en los cuarteles estar\u00e1 a media asta. <\/p>\n","protected":false},"author":2,"featured_media":82643,"comment_status":"closed","ping_status":"open","sticky":false,"template":"","format":"standard","meta":{"footnotes":""},"categories":[47],"tags":[4522],"class_list":["post-82642","post","type-post","status-publish","format-standard","has-post-thumbnail","hentry","category-c3nota2","tag-incendio-en-tres-de-febrero"],"featured_image_urls":{"full":["https:\/\/infoecos.com.ar\/wp-content\/uploads\/2021\/08\/bomberosfallecidos.jpg",920,517,false],"thumbnail":["https:\/\/infoecos.com.ar\/wp-content\/uploads\/2021\/08\/bomberosfallecidos-150x150.jpg",150,150,true],"medium":["https:\/\/infoecos.com.ar\/wp-content\/uploads\/2021\/08\/bomberosfallecidos-460x259.jpg",460,259,true],"medium_large":["https:\/\/infoecos.com.ar\/wp-content\/uploads\/2021\/08\/bomberosfallecidos-768x432.jpg",640,360,true],"large":["https:\/\/infoecos.com.ar\/wp-content\/uploads\/2021\/08\/bomberosfallecidos.jpg",640,360,false],"1536x1536":["https:\/\/infoecos.com.ar\/wp-content\/uploads\/2021\/08\/bomberosfallecidos.jpg",920,517,false],"2048x2048":["https:\/\/infoecos.com.ar\/wp-content\/uploads\/2021\/08\/bomberosfallecidos.jpg",920,517,false],"covernews-slider-full":["https:\/\/infoecos.com.ar\/wp-content\/uploads\/2021\/08\/bomberosfallecidos.jpg",920,517,false],"covernews-slider-center":["https:\/\/infoecos.com.ar\/wp-content\/uploads\/2021\/08\/bomberosfallecidos.jpg",800,450,false],"covernews-featured":["https:\/\/infoecos.com.ar\/wp-content\/uploads\/2021\/08\/bomberosfallecidos.jpg",920,517,false],"covernews-medium":["https:\/\/infoecos.com.ar\/wp-content\/uploads\/2021\/08\/bomberosfallecidos-720x380.jpg",540,285,true],"covernews-medium-square":["https:\/\/infoecos.com.ar\/wp-content\/uploads\/2021\/08\/bomberosfallecidos-675x450.jpg",375,250,true]},"author_info":{"info":["Jorge Matheus"]},"category_info":"<a href=\"https:\/\/infoecos.com.ar\/index.php\/category\/c3nota2\/\" rel=\"category tag\">C3 N2<\/a>","tag_info":"C3 N2","comment_count":"0","_links":{"self":[{"href":"https:\/\/infoecos.com.ar\/index.php\/wp-json\/wp\/v2\/posts\/82642","targetHints":{"allow":["GET"]}}],"collection":[{"href":"https:\/\/infoecos.com.ar\/index.php\/wp-json\/wp\/v2\/posts"}],"about":[{"href":"https:\/\/infoecos.com.ar\/index.php\/wp-json\/wp\/v2\/types\/post"}],"author":[{"embeddable":true,"href":"https:\/\/infoecos.com.ar\/index.php\/wp-json\/wp\/v2\/users\/2"}],"replies":[{"embeddable":true,"href":"https:\/\/infoecos.com.ar\/index.php\/wp-json\/wp\/v2\/comments?post=82642"}],"version-history":[{"count":1,"href":"https:\/\/infoecos.com.ar\/index.php\/wp-json\/wp\/v2\/posts\/82642\/revisions"}],"predecessor-version":[{"id":82646,"href":"https:\/\/infoecos.com.ar\/index.php\/wp-json\/wp\/v2\/posts\/82642\/revisions\/82646"}],"wp:featuredmedia":[{"embeddable":true,"href":"https:\/\/infoecos.com.ar\/index.php\/wp-json\/wp\/v2\/media\/82643"}],"wp:attachment":[{"href":"https:\/\/infoecos.com.ar\/index.php\/wp-json\/wp\/v2\/media?parent=82642"}],"wp:term":[{"taxonomy":"category","embeddable":true,"href":"https:\/\/infoecos.com.ar\/index.php\/wp-json\/wp\/v2\/categories?post=82642"},{"taxonomy":"post_tag","embeddable":true,"href":"https:\/\/infoecos.com.ar\/index.php\/wp-json\/wp\/v2\/tags?post=82642"}],"curies":[{"name":"wp","href":"https:\/\/api.w.org\/{rel}","templated":true}]}}