{"id":82647,"date":"2021-08-04T02:15:21","date_gmt":"2021-08-04T05:15:21","guid":{"rendered":"http:\/\/infoecos.com.ar\/?p=82647"},"modified":"2021-08-05T03:37:43","modified_gmt":"2021-08-05T06:37:43","slug":"funcionarios-del-ministerio-de-desarrollo-agrario-en-pehuajo-reunion-con-zurro-y-luego-con-productores","status":"publish","type":"post","link":"https:\/\/infoecos.com.ar\/index.php\/funcionarios-del-ministerio-de-desarrollo-agrario-en-pehuajo-reunion-con-zurro-y-luego-con-productores\/","title":{"rendered":"Funcionarios del Ministerio de Desarrollo Agrario en Pehuaj\u00f3: reuni\u00f3n con Zurro y luego con productores"},"content":{"rendered":"\n<p class=\"wp-block-paragraph\">Visitaron Pehuaj\u00f3 la Directora Provincial de Ganader\u00eda,&nbsp;Paula Rodr\u00edguez, el Director de Carnes, Marcos P\u00e9rez Vis\u00f1uk, la Directora Provincial de Fiscalizaci\u00f3n, Viviana di Marzio, funcionarios del Ministerio de Desarrollo Agrario de la Provincia de Buenos Aires.<\/p>\n\n\n\n<div class=\"wp-block-image is-style-default\"><figure class=\"aligncenter size-medium\"><img loading=\"lazy\" decoding=\"async\" width=\"460\" height=\"307\" src=\"http:\/\/infoecos.com.ar\/wp-content\/uploads\/2021\/08\/mdaenpehuajo1-460x307.jpg\" alt=\"\" class=\"wp-image-82648\" srcset=\"https:\/\/infoecos.com.ar\/wp-content\/uploads\/2021\/08\/mdaenpehuajo1-460x307.jpg 460w, https:\/\/infoecos.com.ar\/wp-content\/uploads\/2021\/08\/mdaenpehuajo1.jpg 639w\" sizes=\"auto, (max-width: 460px) 100vw, 460px\" \/><\/figure><\/div>\n\n\n\n<p class=\"wp-block-paragraph\">Se reunieron en sala de situaciones del palacio municipal con el intendente Pablo Javier Zurro, acompa\u00f1ado por el Director de Producci\u00f3n, Mariano Changazzo, con quien mantuvieron una conversaci\u00f3n sobre la situaci\u00f3n agraria del partido de Pehuaj\u00f3, la pandemia en el sector, el frigor\u00edfico y el matadero.&nbsp;<\/p>\n\n\n\n<div class=\"wp-block-image is-style-default\"><figure class=\"aligncenter size-medium\"><img loading=\"lazy\" decoding=\"async\" width=\"460\" height=\"307\" src=\"http:\/\/infoecos.com.ar\/wp-content\/uploads\/2021\/08\/mdaenpehuajo-460x307.jpg\" alt=\"\" class=\"wp-image-82649\" srcset=\"https:\/\/infoecos.com.ar\/wp-content\/uploads\/2021\/08\/mdaenpehuajo-460x307.jpg 460w, https:\/\/infoecos.com.ar\/wp-content\/uploads\/2021\/08\/mdaenpehuajo.jpg 639w\" sizes=\"auto, (max-width: 460px) 100vw, 460px\" \/><\/figure><\/div>\n\n\n\n<p class=\"wp-block-paragraph\">Por la tarde los visitantes conversaron con productores locales en el Sal\u00f3n Blanco, donde realizaron una charla sobre enfermedades ven\u00e9reas en el ganado, sobre frigor\u00edficos y la industria agr\u00edcola en el pa\u00eds y el partido. Realizaron un intercambio de ideas, consejos y tomaron sugerencias.<\/p>\n","protected":false},"excerpt":{"rendered":"<p>Realizaron una charla sobre enfermedades ven\u00e9reas en el ganado, sobre frigor\u00edficos y la industria agr\u00edcola en el pa\u00eds y el partido<\/p>\n","protected":false},"author":2,"featured_media":82648,"comment_status":"closed","ping_status":"open","sticky":false,"template":"","format":"standard","meta":{"footnotes":""},"categories":[1333],"tags":[4523],"class_list":["post-82647","post","type-post","status-publish","format-standard","has-post-thumbnail","hentry","category-inferior13","tag-pandemia-en-el-sector-frigorifico-matadero"],"featured_image_urls":{"full":["https:\/\/infoecos.com.ar\/wp-content\/uploads\/2021\/08\/mdaenpehuajo1.jpg",639,426,false],"thumbnail":["https:\/\/infoecos.com.ar\/wp-content\/uploads\/2021\/08\/mdaenpehuajo1-150x150.jpg",150,150,true],"medium":["https:\/\/infoecos.com.ar\/wp-content\/uploads\/2021\/08\/mdaenpehuajo1-460x307.jpg",460,307,true],"medium_large":["https:\/\/infoecos.com.ar\/wp-content\/uploads\/2021\/08\/mdaenpehuajo1.jpg",639,426,false],"large":["https:\/\/infoecos.com.ar\/wp-content\/uploads\/2021\/08\/mdaenpehuajo1.jpg",639,426,false],"1536x1536":["https:\/\/infoecos.com.ar\/wp-content\/uploads\/2021\/08\/mdaenpehuajo1.jpg",639,426,false],"2048x2048":["https:\/\/infoecos.com.ar\/wp-content\/uploads\/2021\/08\/mdaenpehuajo1.jpg",639,426,false],"covernews-slider-full":["https:\/\/infoecos.com.ar\/wp-content\/uploads\/2021\/08\/mdaenpehuajo1.jpg",639,426,false],"covernews-slider-center":["https:\/\/infoecos.com.ar\/wp-content\/uploads\/2021\/08\/mdaenpehuajo1.jpg",639,426,false],"covernews-featured":["https:\/\/infoecos.com.ar\/wp-content\/uploads\/2021\/08\/mdaenpehuajo1.jpg",639,426,false],"covernews-medium":["https:\/\/infoecos.com.ar\/wp-content\/uploads\/2021\/08\/mdaenpehuajo1-639x380.jpg",540,321,true],"covernews-medium-square":["https:\/\/infoecos.com.ar\/wp-content\/uploads\/2021\/08\/mdaenpehuajo1.jpg",375,250,false]},"author_info":{"info":["Jorge Matheus"]},"category_info":"<a href=\"https:\/\/infoecos.com.ar\/index.php\/category\/inferior13\/\" rel=\"category tag\">Bloque inferior - 13<\/a>","tag_info":"Bloque inferior - 13","comment_count":"0","_links":{"self":[{"href":"https:\/\/infoecos.com.ar\/index.php\/wp-json\/wp\/v2\/posts\/82647","targetHints":{"allow":["GET"]}}],"collection":[{"href":"https:\/\/infoecos.com.ar\/index.php\/wp-json\/wp\/v2\/posts"}],"about":[{"href":"https:\/\/infoecos.com.ar\/index.php\/wp-json\/wp\/v2\/types\/post"}],"author":[{"embeddable":true,"href":"https:\/\/infoecos.com.ar\/index.php\/wp-json\/wp\/v2\/users\/2"}],"replies":[{"embeddable":true,"href":"https:\/\/infoecos.com.ar\/index.php\/wp-json\/wp\/v2\/comments?post=82647"}],"version-history":[{"count":2,"href":"https:\/\/infoecos.com.ar\/index.php\/wp-json\/wp\/v2\/posts\/82647\/revisions"}],"predecessor-version":[{"id":82735,"href":"https:\/\/infoecos.com.ar\/index.php\/wp-json\/wp\/v2\/posts\/82647\/revisions\/82735"}],"wp:featuredmedia":[{"embeddable":true,"href":"https:\/\/infoecos.com.ar\/index.php\/wp-json\/wp\/v2\/media\/82648"}],"wp:attachment":[{"href":"https:\/\/infoecos.com.ar\/index.php\/wp-json\/wp\/v2\/media?parent=82647"}],"wp:term":[{"taxonomy":"category","embeddable":true,"href":"https:\/\/infoecos.com.ar\/index.php\/wp-json\/wp\/v2\/categories?post=82647"},{"taxonomy":"post_tag","embeddable":true,"href":"https:\/\/infoecos.com.ar\/index.php\/wp-json\/wp\/v2\/tags?post=82647"}],"curies":[{"name":"wp","href":"https:\/\/api.w.org\/{rel}","templated":true}]}}