{"id":82653,"date":"2021-08-04T02:30:04","date_gmt":"2021-08-04T05:30:04","guid":{"rendered":"http:\/\/infoecos.com.ar\/?p=82653"},"modified":"2021-08-06T04:11:36","modified_gmt":"2021-08-06T07:11:36","slug":"se-abrio-la-inscripcion-para-la-8-edicion-del-programa-cultural-barlovento","status":"publish","type":"post","link":"https:\/\/infoecos.com.ar\/index.php\/se-abrio-la-inscripcion-para-la-8-edicion-del-programa-cultural-barlovento\/","title":{"rendered":"Se abri\u00f3 la inscripci\u00f3n para la 8\u00b0 Edici\u00f3n del programa cultural Barlovento"},"content":{"rendered":"\n<p>La realizaci\u00f3n de la edici\u00f3n n\u00ba 8 del programa Barlovento, Desaf\u00edo Cultural 2021, que debido a la emergencia sanitaria provocada por el Covid-19 se llevar\u00e1 a cabo a trav\u00e9s de la modalidad virtual y con car\u00e1cter participativo, no competitivo, fue anunciada este martes por la directora de Cultura del Municipio, Mar\u00eda Elena Bocca.<\/p>\n\n\n\n<div class=\"wp-block-image is-style-default\"><figure class=\"aligncenter size-medium\"><img loading=\"lazy\" decoding=\"async\" width=\"460\" height=\"307\" src=\"http:\/\/infoecos.com.ar\/wp-content\/uploads\/2021\/01\/BOCCA-460x307.jpg\" alt=\"\" class=\"wp-image-72687\" srcset=\"https:\/\/infoecos.com.ar\/wp-content\/uploads\/2021\/01\/BOCCA-460x307.jpg 460w, https:\/\/infoecos.com.ar\/wp-content\/uploads\/2021\/01\/BOCCA-768x512.jpg 768w, https:\/\/infoecos.com.ar\/wp-content\/uploads\/2021\/01\/BOCCA-675x450.jpg 675w, https:\/\/infoecos.com.ar\/wp-content\/uploads\/2021\/01\/BOCCA.jpg 852w\" sizes=\"(max-width: 460px) 100vw, 460px\" \/><\/figure><\/div>\n\n\n\n<p>Desde ayer y hasta el domingo 29 de este mes inclusive permanecer\u00e1 abierta la inscripci\u00f3n para participar del programa que est\u00e1 destinado a la poblaci\u00f3n mayor de 55 a\u00f1os y la entrega de trabajos en la direcci\u00f3n de Cultura. Por consultas, los interesados pueden comunicarse al siguiente tel\u00e9fono: (2392) 54-3847.<\/p>\n\n\n\n<p>\u201cEs la octava edici\u00f3n de este programa que gestionamos en forma conjunta los 12 distritos que integramos la Regi\u00f3n de los Vientos\u201d, se\u00f1al\u00f3 la directora de Cultura del Municipio.<\/p>\n\n\n\n<p>Los distritos participantes son: <strong>Daireaux, 25 de Mayo, Carlos Tejedor, Nueve de Julio, Carlos Casares, Rivadavia, Hip\u00f3lito Irigoyen, Guamin\u00ed, Salliquel\u00f3, Pehuaj\u00f3, Tres Lomas y Trenque Lauquen<\/strong>.<\/p>\n\n\n\n<figure class=\"wp-block-audio\"><audio controls src=\"http:\/\/infoecos.com.ar\/wp-content\/uploads\/2021\/08\/MARIA-ELENA-BOCCA-BARLOVENTO.mp3\"><\/audio><\/figure>\n\n\n\n<p>La inscripci\u00f3n podr\u00e1 realizarse en las disciplinas Est\u00e1ticas o de Escenario<strong>. Las est\u00e1ticas incluyen: Bordado, Cer\u00e1mica, Corte y Costura, Crochet, Herrer\u00eda, Macram\u00e9, Puntillas y encajes, Soguer\u00eda, Tallado en Madera, Tejido con dos agujas, Telar, Cester\u00eda, Mosaiquismo, Dibujo y Pintura, Fotograf\u00eda, Audiovisual, Comidas y Literatura. Las disciplinas de Escenario son: Danzas Folcl\u00f3ricas, Danza tango, Canto, Recitado, Coro y Teatro<\/strong>.<\/p>\n\n\n\n<p>\u201cEn las disciplinas de escenario se trata de que sean individuales porque justamente lo que no podemos hacer en este momento por los protocolos sanitarios de Covid-19 es reunir mucha gente, como hac\u00edamos antes con conjuntos de danzas o coros\u201d, sostuvo Bocca.<\/p>\n\n\n\n<p>En relaci\u00f3n a Danzas Folcl\u00f3ricas y Danza Tango inform\u00f3 que \u201cpodr\u00e1n presentarse parejas convivientes\u201d y en Canto, se han incorporado d\u00faos y cuartetos, siempre respetando los protocolos.<\/p>\n","protected":false},"excerpt":{"rendered":"<p>Los distritos participantes son: Daireaux, 25 de Mayo, Carlos Tejedor, Nueve de Julio, Carlos Casares, Rivadavia, Hip\u00f3lito Irigoyen, Guamin\u00ed, Salliquel\u00f3, Pehuaj\u00f3, Tres Lomas y Trenque Lauquen<\/p>\n","protected":false},"author":2,"featured_media":72687,"comment_status":"closed","ping_status":"open","sticky":false,"template":"","format":"standard","meta":{"footnotes":""},"categories":[1327,1335],"tags":[4525],"class_list":["post-82653","post","type-post","status-publish","format-standard","has-post-thumbnail","hentry","category-audio","category-inferior15","tag-cultura-en-la-region-de-los-vientos"],"yoast_head":"<!-- This site is optimized with the Yoast SEO plugin v23.4 - https:\/\/yoast.com\/wordpress\/plugins\/seo\/ -->\n<title>Se abri\u00f3 la inscripci\u00f3n para la 8\u00b0 Edici\u00f3n del programa cultural Barlovento - Infoecos<\/title>\n<meta name=\"robots\" content=\"index, follow, max-snippet:-1, max-image-preview:large, max-video-preview:-1\" \/>\n<link rel=\"canonical\" href=\"https:\/\/infoecos.com.ar\/index.php\/se-abrio-la-inscripcion-para-la-8-edicion-del-programa-cultural-barlovento\/\" \/>\n<meta property=\"og:locale\" content=\"es_ES\" \/>\n<meta property=\"og:type\" content=\"article\" \/>\n<meta property=\"og:title\" content=\"Se abri\u00f3 la inscripci\u00f3n para la 8\u00b0 Edici\u00f3n del programa cultural Barlovento - Infoecos\" \/>\n<meta property=\"og:description\" content=\"Los distritos participantes son: Daireaux, 25 de Mayo, Carlos Tejedor, Nueve de Julio, Carlos Casares, Rivadavia, Hip\u00f3lito Irigoyen, Guamin\u00ed, Salliquel\u00f3, Pehuaj\u00f3, Tres Lomas y Trenque Lauquen\" \/>\n<meta property=\"og:url\" content=\"https:\/\/infoecos.com.ar\/index.php\/se-abrio-la-inscripcion-para-la-8-edicion-del-programa-cultural-barlovento\/\" \/>\n<meta property=\"og:site_name\" content=\"Infoecos\" \/>\n<meta property=\"article:publisher\" content=\"https:\/\/www.facebook.com\/profile.php?id=100063200290284\" \/>\n<meta property=\"article:published_time\" content=\"2021-08-04T05:30:04+00:00\" \/>\n<meta property=\"article:modified_time\" content=\"2021-08-06T07:11:36+00:00\" \/>\n<meta property=\"og:image\" content=\"https:\/\/infoecos.com.ar\/wp-content\/uploads\/2021\/01\/BOCCA.jpg\" \/>\n\t<meta property=\"og:image:width\" content=\"852\" \/>\n\t<meta property=\"og:image:height\" content=\"568\" \/>\n\t<meta property=\"og:image:type\" content=\"image\/jpeg\" \/>\n<meta name=\"author\" content=\"Jorge Matheus\" \/>\n<meta name=\"twitter:card\" content=\"summary_large_image\" \/>\n<meta name=\"twitter:creator\" content=\"@infoecos\" \/>\n<meta name=\"twitter:site\" content=\"@infoecos\" \/>\n<meta name=\"twitter:label1\" content=\"Escrito por\" \/>\n\t<meta name=\"twitter:data1\" content=\"Jorge Matheus\" \/>\n\t<meta name=\"twitter:label2\" content=\"Tiempo de lectura\" \/>\n\t<meta name=\"twitter:data2\" content=\"2 minutos\" \/>\n<script type=\"application\/ld+json\" class=\"yoast-schema-graph\">{\"@context\":\"https:\/\/schema.org\",\"@graph\":[{\"@type\":\"Article\",\"@id\":\"https:\/\/infoecos.com.ar\/index.php\/se-abrio-la-inscripcion-para-la-8-edicion-del-programa-cultural-barlovento\/#article\",\"isPartOf\":{\"@id\":\"https:\/\/infoecos.com.ar\/index.php\/se-abrio-la-inscripcion-para-la-8-edicion-del-programa-cultural-barlovento\/\"},\"author\":{\"name\":\"Jorge Matheus\",\"@id\":\"https:\/\/infoecos.com.ar\/#\/schema\/person\/8f5ace5ce73b4b4aac4b7245aee6f191\"},\"headline\":\"Se abri\u00f3 la inscripci\u00f3n para la 8\u00b0 Edici\u00f3n del programa cultural Barlovento\",\"datePublished\":\"2021-08-04T05:30:04+00:00\",\"dateModified\":\"2021-08-06T07:11:36+00:00\",\"mainEntityOfPage\":{\"@id\":\"https:\/\/infoecos.com.ar\/index.php\/se-abrio-la-inscripcion-para-la-8-edicion-del-programa-cultural-barlovento\/\"},\"wordCount\":320,\"publisher\":{\"@id\":\"https:\/\/infoecos.com.ar\/#organization\"},\"image\":{\"@id\":\"https:\/\/infoecos.com.ar\/index.php\/se-abrio-la-inscripcion-para-la-8-edicion-del-programa-cultural-barlovento\/#primaryimage\"},\"thumbnailUrl\":\"https:\/\/infoecos.com.ar\/wp-content\/uploads\/2021\/01\/BOCCA.jpg\",\"keywords\":[\"CULTURA EN LA REGI\u00d3N DE LOS VIENTOS\"],\"articleSection\":[\"Audio\",\"Bloque inferior - 15\"],\"inLanguage\":\"es\"},{\"@type\":\"WebPage\",\"@id\":\"https:\/\/infoecos.com.ar\/index.php\/se-abrio-la-inscripcion-para-la-8-edicion-del-programa-cultural-barlovento\/\",\"url\":\"https:\/\/infoecos.com.ar\/index.php\/se-abrio-la-inscripcion-para-la-8-edicion-del-programa-cultural-barlovento\/\",\"name\":\"Se abri\u00f3 la inscripci\u00f3n para la 8\u00b0 Edici\u00f3n del programa cultural Barlovento - Infoecos\",\"isPartOf\":{\"@id\":\"https:\/\/infoecos.com.ar\/#website\"},\"primaryImageOfPage\":{\"@id\":\"https:\/\/infoecos.com.ar\/index.php\/se-abrio-la-inscripcion-para-la-8-edicion-del-programa-cultural-barlovento\/#primaryimage\"},\"image\":{\"@id\":\"https:\/\/infoecos.com.ar\/index.php\/se-abrio-la-inscripcion-para-la-8-edicion-del-programa-cultural-barlovento\/#primaryimage\"},\"thumbnailUrl\":\"https:\/\/infoecos.com.ar\/wp-content\/uploads\/2021\/01\/BOCCA.jpg\",\"datePublished\":\"2021-08-04T05:30:04+00:00\",\"dateModified\":\"2021-08-06T07:11:36+00:00\",\"breadcrumb\":{\"@id\":\"https:\/\/infoecos.com.ar\/index.php\/se-abrio-la-inscripcion-para-la-8-edicion-del-programa-cultural-barlovento\/#breadcrumb\"},\"inLanguage\":\"es\",\"potentialAction\":[{\"@type\":\"ReadAction\",\"target\":[\"https:\/\/infoecos.com.ar\/index.php\/se-abrio-la-inscripcion-para-la-8-edicion-del-programa-cultural-barlovento\/\"]}]},{\"@type\":\"ImageObject\",\"inLanguage\":\"es\",\"@id\":\"https:\/\/infoecos.com.ar\/index.php\/se-abrio-la-inscripcion-para-la-8-edicion-del-programa-cultural-barlovento\/#primaryimage\",\"url\":\"https:\/\/infoecos.com.ar\/wp-content\/uploads\/2021\/01\/BOCCA.jpg\",\"contentUrl\":\"https:\/\/infoecos.com.ar\/wp-content\/uploads\/2021\/01\/BOCCA.jpg\",\"width\":852,\"height\":568},{\"@type\":\"BreadcrumbList\",\"@id\":\"https:\/\/infoecos.com.ar\/index.php\/se-abrio-la-inscripcion-para-la-8-edicion-del-programa-cultural-barlovento\/#breadcrumb\",\"itemListElement\":[{\"@type\":\"ListItem\",\"position\":1,\"name\":\"Portada\",\"item\":\"https:\/\/infoecos.com.ar\/\"},{\"@type\":\"ListItem\",\"position\":2,\"name\":\"Se abri\u00f3 la inscripci\u00f3n para la 8\u00b0 Edici\u00f3n del programa cultural Barlovento\"}]},{\"@type\":\"WebSite\",\"@id\":\"https:\/\/infoecos.com.ar\/#website\",\"url\":\"https:\/\/infoecos.com.ar\/\",\"name\":\"Infoecos\",\"description\":\"Noticias de trenque lauquen y la zona\",\"publisher\":{\"@id\":\"https:\/\/infoecos.com.ar\/#organization\"},\"alternateName\":\"Noticias\",\"potentialAction\":[{\"@type\":\"SearchAction\",\"target\":{\"@type\":\"EntryPoint\",\"urlTemplate\":\"https:\/\/infoecos.com.ar\/?s={search_term_string}\"},\"query-input\":{\"@type\":\"PropertyValueSpecification\",\"valueRequired\":true,\"valueName\":\"search_term_string\"}}],\"inLanguage\":\"es\"},{\"@type\":\"Organization\",\"@id\":\"https:\/\/infoecos.com.ar\/#organization\",\"name\":\"Infoecos\",\"alternateName\":\"Noticias\",\"url\":\"https:\/\/infoecos.com.ar\/\",\"logo\":{\"@type\":\"ImageObject\",\"inLanguage\":\"es\",\"@id\":\"https:\/\/infoecos.com.ar\/#\/schema\/logo\/image\/\",\"url\":\"https:\/\/infoecos.com.ar\/wp-content\/uploads\/2024\/03\/cropped-logo.png\",\"contentUrl\":\"https:\/\/infoecos.com.ar\/wp-content\/uploads\/2024\/03\/cropped-logo.png\",\"width\":374,\"height\":90,\"caption\":\"Infoecos\"},\"image\":{\"@id\":\"https:\/\/infoecos.com.ar\/#\/schema\/logo\/image\/\"},\"sameAs\":[\"https:\/\/www.facebook.com\/profile.php?id=100063200290284\",\"https:\/\/x.com\/infoecos\"]},{\"@type\":\"Person\",\"@id\":\"https:\/\/infoecos.com.ar\/#\/schema\/person\/8f5ace5ce73b4b4aac4b7245aee6f191\",\"name\":\"Jorge Matheus\",\"url\":\"https:\/\/infoecos.com.ar\/index.php\/author\/jomatheus\/\"}]}<\/script>\n<!-- \/ Yoast SEO plugin. -->","yoast_head_json":{"title":"Se abri\u00f3 la inscripci\u00f3n para la 8\u00b0 Edici\u00f3n del programa cultural Barlovento - Infoecos","robots":{"index":"index","follow":"follow","max-snippet":"max-snippet:-1","max-image-preview":"max-image-preview:large","max-video-preview":"max-video-preview:-1"},"canonical":"https:\/\/infoecos.com.ar\/index.php\/se-abrio-la-inscripcion-para-la-8-edicion-del-programa-cultural-barlovento\/","og_locale":"es_ES","og_type":"article","og_title":"Se abri\u00f3 la inscripci\u00f3n para la 8\u00b0 Edici\u00f3n del programa cultural Barlovento - Infoecos","og_description":"Los distritos participantes son: Daireaux, 25 de Mayo, Carlos Tejedor, Nueve de Julio, Carlos Casares, Rivadavia, Hip\u00f3lito Irigoyen, Guamin\u00ed, Salliquel\u00f3, Pehuaj\u00f3, Tres Lomas y Trenque Lauquen","og_url":"https:\/\/infoecos.com.ar\/index.php\/se-abrio-la-inscripcion-para-la-8-edicion-del-programa-cultural-barlovento\/","og_site_name":"Infoecos","article_publisher":"https:\/\/www.facebook.com\/profile.php?id=100063200290284","article_published_time":"2021-08-04T05:30:04+00:00","article_modified_time":"2021-08-06T07:11:36+00:00","og_image":[{"width":852,"height":568,"url":"https:\/\/infoecos.com.ar\/wp-content\/uploads\/2021\/01\/BOCCA.jpg","type":"image\/jpeg"}],"author":"Jorge Matheus","twitter_card":"summary_large_image","twitter_creator":"@infoecos","twitter_site":"@infoecos","twitter_misc":{"Escrito por":"Jorge Matheus","Tiempo de lectura":"2 minutos"},"schema":{"@context":"https:\/\/schema.org","@graph":[{"@type":"Article","@id":"https:\/\/infoecos.com.ar\/index.php\/se-abrio-la-inscripcion-para-la-8-edicion-del-programa-cultural-barlovento\/#article","isPartOf":{"@id":"https:\/\/infoecos.com.ar\/index.php\/se-abrio-la-inscripcion-para-la-8-edicion-del-programa-cultural-barlovento\/"},"author":{"name":"Jorge Matheus","@id":"https:\/\/infoecos.com.ar\/#\/schema\/person\/8f5ace5ce73b4b4aac4b7245aee6f191"},"headline":"Se abri\u00f3 la inscripci\u00f3n para la 8\u00b0 Edici\u00f3n del programa cultural Barlovento","datePublished":"2021-08-04T05:30:04+00:00","dateModified":"2021-08-06T07:11:36+00:00","mainEntityOfPage":{"@id":"https:\/\/infoecos.com.ar\/index.php\/se-abrio-la-inscripcion-para-la-8-edicion-del-programa-cultural-barlovento\/"},"wordCount":320,"publisher":{"@id":"https:\/\/infoecos.com.ar\/#organization"},"image":{"@id":"https:\/\/infoecos.com.ar\/index.php\/se-abrio-la-inscripcion-para-la-8-edicion-del-programa-cultural-barlovento\/#primaryimage"},"thumbnailUrl":"https:\/\/infoecos.com.ar\/wp-content\/uploads\/2021\/01\/BOCCA.jpg","keywords":["CULTURA EN LA REGI\u00d3N DE LOS VIENTOS"],"articleSection":["Audio","Bloque inferior - 15"],"inLanguage":"es"},{"@type":"WebPage","@id":"https:\/\/infoecos.com.ar\/index.php\/se-abrio-la-inscripcion-para-la-8-edicion-del-programa-cultural-barlovento\/","url":"https:\/\/infoecos.com.ar\/index.php\/se-abrio-la-inscripcion-para-la-8-edicion-del-programa-cultural-barlovento\/","name":"Se abri\u00f3 la inscripci\u00f3n para la 8\u00b0 Edici\u00f3n del programa cultural Barlovento - Infoecos","isPartOf":{"@id":"https:\/\/infoecos.com.ar\/#website"},"primaryImageOfPage":{"@id":"https:\/\/infoecos.com.ar\/index.php\/se-abrio-la-inscripcion-para-la-8-edicion-del-programa-cultural-barlovento\/#primaryimage"},"image":{"@id":"https:\/\/infoecos.com.ar\/index.php\/se-abrio-la-inscripcion-para-la-8-edicion-del-programa-cultural-barlovento\/#primaryimage"},"thumbnailUrl":"https:\/\/infoecos.com.ar\/wp-content\/uploads\/2021\/01\/BOCCA.jpg","datePublished":"2021-08-04T05:30:04+00:00","dateModified":"2021-08-06T07:11:36+00:00","breadcrumb":{"@id":"https:\/\/infoecos.com.ar\/index.php\/se-abrio-la-inscripcion-para-la-8-edicion-del-programa-cultural-barlovento\/#breadcrumb"},"inLanguage":"es","potentialAction":[{"@type":"ReadAction","target":["https:\/\/infoecos.com.ar\/index.php\/se-abrio-la-inscripcion-para-la-8-edicion-del-programa-cultural-barlovento\/"]}]},{"@type":"ImageObject","inLanguage":"es","@id":"https:\/\/infoecos.com.ar\/index.php\/se-abrio-la-inscripcion-para-la-8-edicion-del-programa-cultural-barlovento\/#primaryimage","url":"https:\/\/infoecos.com.ar\/wp-content\/uploads\/2021\/01\/BOCCA.jpg","contentUrl":"https:\/\/infoecos.com.ar\/wp-content\/uploads\/2021\/01\/BOCCA.jpg","width":852,"height":568},{"@type":"BreadcrumbList","@id":"https:\/\/infoecos.com.ar\/index.php\/se-abrio-la-inscripcion-para-la-8-edicion-del-programa-cultural-barlovento\/#breadcrumb","itemListElement":[{"@type":"ListItem","position":1,"name":"Portada","item":"https:\/\/infoecos.com.ar\/"},{"@type":"ListItem","position":2,"name":"Se abri\u00f3 la inscripci\u00f3n para la 8\u00b0 Edici\u00f3n del programa cultural Barlovento"}]},{"@type":"WebSite","@id":"https:\/\/infoecos.com.ar\/#website","url":"https:\/\/infoecos.com.ar\/","name":"Infoecos","description":"Noticias de trenque lauquen y la zona","publisher":{"@id":"https:\/\/infoecos.com.ar\/#organization"},"alternateName":"Noticias","potentialAction":[{"@type":"SearchAction","target":{"@type":"EntryPoint","urlTemplate":"https:\/\/infoecos.com.ar\/?s={search_term_string}"},"query-input":{"@type":"PropertyValueSpecification","valueRequired":true,"valueName":"search_term_string"}}],"inLanguage":"es"},{"@type":"Organization","@id":"https:\/\/infoecos.com.ar\/#organization","name":"Infoecos","alternateName":"Noticias","url":"https:\/\/infoecos.com.ar\/","logo":{"@type":"ImageObject","inLanguage":"es","@id":"https:\/\/infoecos.com.ar\/#\/schema\/logo\/image\/","url":"https:\/\/infoecos.com.ar\/wp-content\/uploads\/2024\/03\/cropped-logo.png","contentUrl":"https:\/\/infoecos.com.ar\/wp-content\/uploads\/2024\/03\/cropped-logo.png","width":374,"height":90,"caption":"Infoecos"},"image":{"@id":"https:\/\/infoecos.com.ar\/#\/schema\/logo\/image\/"},"sameAs":["https:\/\/www.facebook.com\/profile.php?id=100063200290284","https:\/\/x.com\/infoecos"]},{"@type":"Person","@id":"https:\/\/infoecos.com.ar\/#\/schema\/person\/8f5ace5ce73b4b4aac4b7245aee6f191","name":"Jorge Matheus","url":"https:\/\/infoecos.com.ar\/index.php\/author\/jomatheus\/"}]}},"featured_image_urls":{"full":["https:\/\/infoecos.com.ar\/wp-content\/uploads\/2021\/01\/BOCCA.jpg",852,568,false],"thumbnail":["https:\/\/infoecos.com.ar\/wp-content\/uploads\/2021\/01\/BOCCA-150x150.jpg",150,150,true],"medium":["https:\/\/infoecos.com.ar\/wp-content\/uploads\/2021\/01\/BOCCA-460x307.jpg",460,307,true],"medium_large":["https:\/\/infoecos.com.ar\/wp-content\/uploads\/2021\/01\/BOCCA-768x512.jpg",640,427,true],"large":["https:\/\/infoecos.com.ar\/wp-content\/uploads\/2021\/01\/BOCCA.jpg",640,427,false],"1536x1536":["https:\/\/infoecos.com.ar\/wp-content\/uploads\/2021\/01\/BOCCA.jpg",852,568,false],"2048x2048":["https:\/\/infoecos.com.ar\/wp-content\/uploads\/2021\/01\/BOCCA.jpg",852,568,false],"covernews-slider-full":["https:\/\/infoecos.com.ar\/wp-content\/uploads\/2021\/01\/BOCCA.jpg",852,568,false],"covernews-slider-center":["https:\/\/infoecos.com.ar\/wp-content\/uploads\/2021\/01\/BOCCA.jpg",750,500,false],"covernews-featured":["https:\/\/infoecos.com.ar\/wp-content\/uploads\/2021\/01\/BOCCA.jpg",852,568,false],"covernews-medium":["https:\/\/infoecos.com.ar\/wp-content\/uploads\/2021\/01\/BOCCA-720x380.jpg",540,285,true],"covernews-medium-square":["https:\/\/infoecos.com.ar\/wp-content\/uploads\/2021\/01\/BOCCA-675x450.jpg",375,250,true]},"author_info":{"info":["Jorge Matheus"]},"category_info":"<a href=\"https:\/\/infoecos.com.ar\/index.php\/category\/audio\/\" rel=\"category tag\">Audio<\/a> <a href=\"https:\/\/infoecos.com.ar\/index.php\/category\/inferior15\/\" rel=\"category tag\">Bloque inferior - 15<\/a>","tag_info":"Bloque inferior - 15","comment_count":"0","_links":{"self":[{"href":"https:\/\/infoecos.com.ar\/index.php\/wp-json\/wp\/v2\/posts\/82653"}],"collection":[{"href":"https:\/\/infoecos.com.ar\/index.php\/wp-json\/wp\/v2\/posts"}],"about":[{"href":"https:\/\/infoecos.com.ar\/index.php\/wp-json\/wp\/v2\/types\/post"}],"author":[{"embeddable":true,"href":"https:\/\/infoecos.com.ar\/index.php\/wp-json\/wp\/v2\/users\/2"}],"replies":[{"embeddable":true,"href":"https:\/\/infoecos.com.ar\/index.php\/wp-json\/wp\/v2\/comments?post=82653"}],"version-history":[{"count":1,"href":"https:\/\/infoecos.com.ar\/index.php\/wp-json\/wp\/v2\/posts\/82653\/revisions"}],"predecessor-version":[{"id":82655,"href":"https:\/\/infoecos.com.ar\/index.php\/wp-json\/wp\/v2\/posts\/82653\/revisions\/82655"}],"wp:featuredmedia":[{"embeddable":true,"href":"https:\/\/infoecos.com.ar\/index.php\/wp-json\/wp\/v2\/media\/72687"}],"wp:attachment":[{"href":"https:\/\/infoecos.com.ar\/index.php\/wp-json\/wp\/v2\/media?parent=82653"}],"wp:term":[{"taxonomy":"category","embeddable":true,"href":"https:\/\/infoecos.com.ar\/index.php\/wp-json\/wp\/v2\/categories?post=82653"},{"taxonomy":"post_tag","embeddable":true,"href":"https:\/\/infoecos.com.ar\/index.php\/wp-json\/wp\/v2\/tags?post=82653"}],"curies":[{"name":"wp","href":"https:\/\/api.w.org\/{rel}","templated":true}]}}