{"id":82661,"date":"2021-08-04T03:20:01","date_gmt":"2021-08-04T06:20:01","guid":{"rendered":"http:\/\/infoecos.com.ar\/?p=82661"},"modified":"2021-08-05T03:32:40","modified_gmt":"2021-08-05T06:32:40","slug":"es-inevitable-que-la-variante-delta-tenga-circulacion-comunitaria-tiene-mayor-poder-de-transmision-y-ya-esta-en-nuestro-pais","status":"publish","type":"post","link":"https:\/\/infoecos.com.ar\/index.php\/es-inevitable-que-la-variante-delta-tenga-circulacion-comunitaria-tiene-mayor-poder-de-transmision-y-ya-esta-en-nuestro-pais\/","title":{"rendered":"\u00abEs inevitable que la variante Delta tenga circulaci\u00f3n comunitaria, tiene mayor poder de transmisi\u00f3n y ya est\u00e1 en nuestro pa\u00eds\u201d"},"content":{"rendered":"\n<p>El bioqu\u00edmico e inmun\u00f3logo Guillermo Docena se\u00f1al\u00f3 en declaraciones a&nbsp;<em><strong>Radio Provincia<\/strong>&nbsp;<\/em>que \u00abes inevitable que la variante Delta tenga circulaci\u00f3n comunitaria, tiene mayor poder de transmisi\u00f3n y ya est\u00e1 en nuestro pa\u00eds\u201d.<\/p>\n\n\n\n<p>Docena enfatiz\u00f3 que seguramente \u201chabr\u00e1 una ola de contagios y el impacto de las vacaciones se ver\u00e1 en el ascenso de casos. Aunque la mayor parte de la poblaci\u00f3n est\u00e9 vacunada estamos lejos de salir, tenemos que volver a que la gente tome conciencia de los recaudos\u00bb a\u00f1adi\u00f3.<\/p>\n\n\n\n<p>Con respecto a los menores de edad asever\u00f3 que la cepa Delta \u201cno produce una enfermedad severa y eso es un riesgo mayor para el contagio. No es lo m\u00e1s adecuado abandonar el distanciamiento en las escuelas, si aumentan los casos se deber\u00e1 restringir la presencialidad\u201d.<\/p>\n\n\n\n<p>Finalmente hizo menci\u00f3n a la combinaci\u00f3n de vacunas y precis\u00f3 que \u201clos estudios vienen muy bien, si se determina que genera igual o mayor protecci\u00f3n, se va a empezar a utilizar\u00bb.<\/p>\n","protected":false},"excerpt":{"rendered":"<p>\u00abEstamos lejos de salir, tenemos que volver a que la gente tome conciencia de los recaudos\u00bb, dijo entre otras cosas<\/p>\n","protected":false},"author":2,"featured_media":74637,"comment_status":"closed","ping_status":"open","sticky":false,"template":"","format":"standard","meta":{"footnotes":""},"categories":[42],"tags":[4527],"class_list":["post-82661","post","type-post","status-publish","format-standard","has-post-thumbnail","hentry","category-inferior3","tag-declaraciones-de-guillermo-docena"],"yoast_head":"<!-- This site is optimized with the Yoast SEO plugin v23.4 - https:\/\/yoast.com\/wordpress\/plugins\/seo\/ -->\n<title>&quot;Es inevitable que la variante Delta tenga circulaci\u00f3n comunitaria, tiene mayor poder de transmisi\u00f3n y ya est\u00e1 en nuestro pa\u00eds\u201d - Infoecos<\/title>\n<meta name=\"robots\" content=\"index, follow, max-snippet:-1, max-image-preview:large, max-video-preview:-1\" \/>\n<link rel=\"canonical\" href=\"https:\/\/infoecos.com.ar\/index.php\/es-inevitable-que-la-variante-delta-tenga-circulacion-comunitaria-tiene-mayor-poder-de-transmision-y-ya-esta-en-nuestro-pais\/\" \/>\n<meta property=\"og:locale\" content=\"es_ES\" \/>\n<meta property=\"og:type\" content=\"article\" \/>\n<meta property=\"og:title\" content=\"&quot;Es inevitable que la variante Delta tenga circulaci\u00f3n comunitaria, tiene mayor poder de transmisi\u00f3n y ya est\u00e1 en nuestro pa\u00eds\u201d - Infoecos\" \/>\n<meta property=\"og:description\" content=\"&quot;Estamos lejos de salir, tenemos que volver a que la gente tome conciencia de los recaudos&quot;, dijo entre otras cosas\" \/>\n<meta property=\"og:url\" content=\"https:\/\/infoecos.com.ar\/index.php\/es-inevitable-que-la-variante-delta-tenga-circulacion-comunitaria-tiene-mayor-poder-de-transmision-y-ya-esta-en-nuestro-pais\/\" \/>\n<meta property=\"og:site_name\" content=\"Infoecos\" \/>\n<meta property=\"article:publisher\" content=\"https:\/\/www.facebook.com\/profile.php?id=100063200290284\" \/>\n<meta property=\"article:published_time\" content=\"2021-08-04T06:20:01+00:00\" \/>\n<meta property=\"article:modified_time\" content=\"2021-08-05T06:32:40+00:00\" \/>\n<meta property=\"og:image\" content=\"https:\/\/infoecos.com.ar\/wp-content\/uploads\/2021\/02\/210220-Vacuna-Ensenada_1100-scaled.jpg\" \/>\n\t<meta property=\"og:image:width\" content=\"1703\" \/>\n\t<meta property=\"og:image:height\" content=\"2560\" \/>\n\t<meta property=\"og:image:type\" content=\"image\/jpeg\" \/>\n<meta name=\"author\" content=\"Jorge Matheus\" \/>\n<meta name=\"twitter:card\" content=\"summary_large_image\" \/>\n<meta name=\"twitter:creator\" content=\"@infoecos\" \/>\n<meta name=\"twitter:site\" content=\"@infoecos\" \/>\n<meta name=\"twitter:label1\" content=\"Escrito por\" \/>\n\t<meta name=\"twitter:data1\" content=\"Jorge Matheus\" \/>\n\t<meta name=\"twitter:label2\" content=\"Tiempo de lectura\" \/>\n\t<meta name=\"twitter:data2\" content=\"1 minuto\" \/>\n<script type=\"application\/ld+json\" class=\"yoast-schema-graph\">{\"@context\":\"https:\/\/schema.org\",\"@graph\":[{\"@type\":\"Article\",\"@id\":\"https:\/\/infoecos.com.ar\/index.php\/es-inevitable-que-la-variante-delta-tenga-circulacion-comunitaria-tiene-mayor-poder-de-transmision-y-ya-esta-en-nuestro-pais\/#article\",\"isPartOf\":{\"@id\":\"https:\/\/infoecos.com.ar\/index.php\/es-inevitable-que-la-variante-delta-tenga-circulacion-comunitaria-tiene-mayor-poder-de-transmision-y-ya-esta-en-nuestro-pais\/\"},\"author\":{\"name\":\"Jorge Matheus\",\"@id\":\"https:\/\/infoecos.com.ar\/#\/schema\/person\/8f5ace5ce73b4b4aac4b7245aee6f191\"},\"headline\":\"\u00abEs inevitable que la variante Delta tenga circulaci\u00f3n comunitaria, tiene mayor poder de transmisi\u00f3n y ya est\u00e1 en nuestro pa\u00eds\u201d\",\"datePublished\":\"2021-08-04T06:20:01+00:00\",\"dateModified\":\"2021-08-05T06:32:40+00:00\",\"mainEntityOfPage\":{\"@id\":\"https:\/\/infoecos.com.ar\/index.php\/es-inevitable-que-la-variante-delta-tenga-circulacion-comunitaria-tiene-mayor-poder-de-transmision-y-ya-esta-en-nuestro-pais\/\"},\"wordCount\":195,\"publisher\":{\"@id\":\"https:\/\/infoecos.com.ar\/#organization\"},\"image\":{\"@id\":\"https:\/\/infoecos.com.ar\/index.php\/es-inevitable-que-la-variante-delta-tenga-circulacion-comunitaria-tiene-mayor-poder-de-transmision-y-ya-esta-en-nuestro-pais\/#primaryimage\"},\"thumbnailUrl\":\"https:\/\/infoecos.com.ar\/wp-content\/uploads\/2021\/02\/210220-Vacuna-Ensenada_1100-scaled.jpg\",\"keywords\":[\"DECLARACIONES DE GUILLERMO DOCENA\"],\"articleSection\":[\"Bloque inferior - 3\"],\"inLanguage\":\"es\"},{\"@type\":\"WebPage\",\"@id\":\"https:\/\/infoecos.com.ar\/index.php\/es-inevitable-que-la-variante-delta-tenga-circulacion-comunitaria-tiene-mayor-poder-de-transmision-y-ya-esta-en-nuestro-pais\/\",\"url\":\"https:\/\/infoecos.com.ar\/index.php\/es-inevitable-que-la-variante-delta-tenga-circulacion-comunitaria-tiene-mayor-poder-de-transmision-y-ya-esta-en-nuestro-pais\/\",\"name\":\"\\\"Es inevitable que la variante Delta tenga circulaci\u00f3n comunitaria, tiene mayor poder de transmisi\u00f3n y ya est\u00e1 en nuestro pa\u00eds\u201d - Infoecos\",\"isPartOf\":{\"@id\":\"https:\/\/infoecos.com.ar\/#website\"},\"primaryImageOfPage\":{\"@id\":\"https:\/\/infoecos.com.ar\/index.php\/es-inevitable-que-la-variante-delta-tenga-circulacion-comunitaria-tiene-mayor-poder-de-transmision-y-ya-esta-en-nuestro-pais\/#primaryimage\"},\"image\":{\"@id\":\"https:\/\/infoecos.com.ar\/index.php\/es-inevitable-que-la-variante-delta-tenga-circulacion-comunitaria-tiene-mayor-poder-de-transmision-y-ya-esta-en-nuestro-pais\/#primaryimage\"},\"thumbnailUrl\":\"https:\/\/infoecos.com.ar\/wp-content\/uploads\/2021\/02\/210220-Vacuna-Ensenada_1100-scaled.jpg\",\"datePublished\":\"2021-08-04T06:20:01+00:00\",\"dateModified\":\"2021-08-05T06:32:40+00:00\",\"breadcrumb\":{\"@id\":\"https:\/\/infoecos.com.ar\/index.php\/es-inevitable-que-la-variante-delta-tenga-circulacion-comunitaria-tiene-mayor-poder-de-transmision-y-ya-esta-en-nuestro-pais\/#breadcrumb\"},\"inLanguage\":\"es\",\"potentialAction\":[{\"@type\":\"ReadAction\",\"target\":[\"https:\/\/infoecos.com.ar\/index.php\/es-inevitable-que-la-variante-delta-tenga-circulacion-comunitaria-tiene-mayor-poder-de-transmision-y-ya-esta-en-nuestro-pais\/\"]}]},{\"@type\":\"ImageObject\",\"inLanguage\":\"es\",\"@id\":\"https:\/\/infoecos.com.ar\/index.php\/es-inevitable-que-la-variante-delta-tenga-circulacion-comunitaria-tiene-mayor-poder-de-transmision-y-ya-esta-en-nuestro-pais\/#primaryimage\",\"url\":\"https:\/\/infoecos.com.ar\/wp-content\/uploads\/2021\/02\/210220-Vacuna-Ensenada_1100-scaled.jpg\",\"contentUrl\":\"https:\/\/infoecos.com.ar\/wp-content\/uploads\/2021\/02\/210220-Vacuna-Ensenada_1100-scaled.jpg\",\"width\":1703,\"height\":2560},{\"@type\":\"BreadcrumbList\",\"@id\":\"https:\/\/infoecos.com.ar\/index.php\/es-inevitable-que-la-variante-delta-tenga-circulacion-comunitaria-tiene-mayor-poder-de-transmision-y-ya-esta-en-nuestro-pais\/#breadcrumb\",\"itemListElement\":[{\"@type\":\"ListItem\",\"position\":1,\"name\":\"Portada\",\"item\":\"https:\/\/infoecos.com.ar\/\"},{\"@type\":\"ListItem\",\"position\":2,\"name\":\"\u00abEs inevitable que la variante Delta tenga circulaci\u00f3n comunitaria, tiene mayor poder de transmisi\u00f3n y ya est\u00e1 en nuestro pa\u00eds\u201d\"}]},{\"@type\":\"WebSite\",\"@id\":\"https:\/\/infoecos.com.ar\/#website\",\"url\":\"https:\/\/infoecos.com.ar\/\",\"name\":\"Infoecos\",\"description\":\"Noticias de trenque lauquen y la zona\",\"publisher\":{\"@id\":\"https:\/\/infoecos.com.ar\/#organization\"},\"alternateName\":\"Noticias\",\"potentialAction\":[{\"@type\":\"SearchAction\",\"target\":{\"@type\":\"EntryPoint\",\"urlTemplate\":\"https:\/\/infoecos.com.ar\/?s={search_term_string}\"},\"query-input\":{\"@type\":\"PropertyValueSpecification\",\"valueRequired\":true,\"valueName\":\"search_term_string\"}}],\"inLanguage\":\"es\"},{\"@type\":\"Organization\",\"@id\":\"https:\/\/infoecos.com.ar\/#organization\",\"name\":\"Infoecos\",\"alternateName\":\"Noticias\",\"url\":\"https:\/\/infoecos.com.ar\/\",\"logo\":{\"@type\":\"ImageObject\",\"inLanguage\":\"es\",\"@id\":\"https:\/\/infoecos.com.ar\/#\/schema\/logo\/image\/\",\"url\":\"https:\/\/infoecos.com.ar\/wp-content\/uploads\/2024\/03\/cropped-logo.png\",\"contentUrl\":\"https:\/\/infoecos.com.ar\/wp-content\/uploads\/2024\/03\/cropped-logo.png\",\"width\":374,\"height\":90,\"caption\":\"Infoecos\"},\"image\":{\"@id\":\"https:\/\/infoecos.com.ar\/#\/schema\/logo\/image\/\"},\"sameAs\":[\"https:\/\/www.facebook.com\/profile.php?id=100063200290284\",\"https:\/\/x.com\/infoecos\"]},{\"@type\":\"Person\",\"@id\":\"https:\/\/infoecos.com.ar\/#\/schema\/person\/8f5ace5ce73b4b4aac4b7245aee6f191\",\"name\":\"Jorge Matheus\",\"url\":\"https:\/\/infoecos.com.ar\/index.php\/author\/jomatheus\/\"}]}<\/script>\n<!-- \/ Yoast SEO plugin. -->","yoast_head_json":{"title":"\"Es inevitable que la variante Delta tenga circulaci\u00f3n comunitaria, tiene mayor poder de transmisi\u00f3n y ya est\u00e1 en nuestro pa\u00eds\u201d - Infoecos","robots":{"index":"index","follow":"follow","max-snippet":"max-snippet:-1","max-image-preview":"max-image-preview:large","max-video-preview":"max-video-preview:-1"},"canonical":"https:\/\/infoecos.com.ar\/index.php\/es-inevitable-que-la-variante-delta-tenga-circulacion-comunitaria-tiene-mayor-poder-de-transmision-y-ya-esta-en-nuestro-pais\/","og_locale":"es_ES","og_type":"article","og_title":"\"Es inevitable que la variante Delta tenga circulaci\u00f3n comunitaria, tiene mayor poder de transmisi\u00f3n y ya est\u00e1 en nuestro pa\u00eds\u201d - Infoecos","og_description":"\"Estamos lejos de salir, tenemos que volver a que la gente tome conciencia de los recaudos\", dijo entre otras cosas","og_url":"https:\/\/infoecos.com.ar\/index.php\/es-inevitable-que-la-variante-delta-tenga-circulacion-comunitaria-tiene-mayor-poder-de-transmision-y-ya-esta-en-nuestro-pais\/","og_site_name":"Infoecos","article_publisher":"https:\/\/www.facebook.com\/profile.php?id=100063200290284","article_published_time":"2021-08-04T06:20:01+00:00","article_modified_time":"2021-08-05T06:32:40+00:00","og_image":[{"width":1703,"height":2560,"url":"https:\/\/infoecos.com.ar\/wp-content\/uploads\/2021\/02\/210220-Vacuna-Ensenada_1100-scaled.jpg","type":"image\/jpeg"}],"author":"Jorge Matheus","twitter_card":"summary_large_image","twitter_creator":"@infoecos","twitter_site":"@infoecos","twitter_misc":{"Escrito por":"Jorge Matheus","Tiempo de lectura":"1 minuto"},"schema":{"@context":"https:\/\/schema.org","@graph":[{"@type":"Article","@id":"https:\/\/infoecos.com.ar\/index.php\/es-inevitable-que-la-variante-delta-tenga-circulacion-comunitaria-tiene-mayor-poder-de-transmision-y-ya-esta-en-nuestro-pais\/#article","isPartOf":{"@id":"https:\/\/infoecos.com.ar\/index.php\/es-inevitable-que-la-variante-delta-tenga-circulacion-comunitaria-tiene-mayor-poder-de-transmision-y-ya-esta-en-nuestro-pais\/"},"author":{"name":"Jorge Matheus","@id":"https:\/\/infoecos.com.ar\/#\/schema\/person\/8f5ace5ce73b4b4aac4b7245aee6f191"},"headline":"\u00abEs inevitable que la variante Delta tenga circulaci\u00f3n comunitaria, tiene mayor poder de transmisi\u00f3n y ya est\u00e1 en nuestro pa\u00eds\u201d","datePublished":"2021-08-04T06:20:01+00:00","dateModified":"2021-08-05T06:32:40+00:00","mainEntityOfPage":{"@id":"https:\/\/infoecos.com.ar\/index.php\/es-inevitable-que-la-variante-delta-tenga-circulacion-comunitaria-tiene-mayor-poder-de-transmision-y-ya-esta-en-nuestro-pais\/"},"wordCount":195,"publisher":{"@id":"https:\/\/infoecos.com.ar\/#organization"},"image":{"@id":"https:\/\/infoecos.com.ar\/index.php\/es-inevitable-que-la-variante-delta-tenga-circulacion-comunitaria-tiene-mayor-poder-de-transmision-y-ya-esta-en-nuestro-pais\/#primaryimage"},"thumbnailUrl":"https:\/\/infoecos.com.ar\/wp-content\/uploads\/2021\/02\/210220-Vacuna-Ensenada_1100-scaled.jpg","keywords":["DECLARACIONES DE GUILLERMO DOCENA"],"articleSection":["Bloque inferior - 3"],"inLanguage":"es"},{"@type":"WebPage","@id":"https:\/\/infoecos.com.ar\/index.php\/es-inevitable-que-la-variante-delta-tenga-circulacion-comunitaria-tiene-mayor-poder-de-transmision-y-ya-esta-en-nuestro-pais\/","url":"https:\/\/infoecos.com.ar\/index.php\/es-inevitable-que-la-variante-delta-tenga-circulacion-comunitaria-tiene-mayor-poder-de-transmision-y-ya-esta-en-nuestro-pais\/","name":"\"Es inevitable que la variante Delta tenga circulaci\u00f3n comunitaria, tiene mayor poder de transmisi\u00f3n y ya est\u00e1 en nuestro pa\u00eds\u201d - Infoecos","isPartOf":{"@id":"https:\/\/infoecos.com.ar\/#website"},"primaryImageOfPage":{"@id":"https:\/\/infoecos.com.ar\/index.php\/es-inevitable-que-la-variante-delta-tenga-circulacion-comunitaria-tiene-mayor-poder-de-transmision-y-ya-esta-en-nuestro-pais\/#primaryimage"},"image":{"@id":"https:\/\/infoecos.com.ar\/index.php\/es-inevitable-que-la-variante-delta-tenga-circulacion-comunitaria-tiene-mayor-poder-de-transmision-y-ya-esta-en-nuestro-pais\/#primaryimage"},"thumbnailUrl":"https:\/\/infoecos.com.ar\/wp-content\/uploads\/2021\/02\/210220-Vacuna-Ensenada_1100-scaled.jpg","datePublished":"2021-08-04T06:20:01+00:00","dateModified":"2021-08-05T06:32:40+00:00","breadcrumb":{"@id":"https:\/\/infoecos.com.ar\/index.php\/es-inevitable-que-la-variante-delta-tenga-circulacion-comunitaria-tiene-mayor-poder-de-transmision-y-ya-esta-en-nuestro-pais\/#breadcrumb"},"inLanguage":"es","potentialAction":[{"@type":"ReadAction","target":["https:\/\/infoecos.com.ar\/index.php\/es-inevitable-que-la-variante-delta-tenga-circulacion-comunitaria-tiene-mayor-poder-de-transmision-y-ya-esta-en-nuestro-pais\/"]}]},{"@type":"ImageObject","inLanguage":"es","@id":"https:\/\/infoecos.com.ar\/index.php\/es-inevitable-que-la-variante-delta-tenga-circulacion-comunitaria-tiene-mayor-poder-de-transmision-y-ya-esta-en-nuestro-pais\/#primaryimage","url":"https:\/\/infoecos.com.ar\/wp-content\/uploads\/2021\/02\/210220-Vacuna-Ensenada_1100-scaled.jpg","contentUrl":"https:\/\/infoecos.com.ar\/wp-content\/uploads\/2021\/02\/210220-Vacuna-Ensenada_1100-scaled.jpg","width":1703,"height":2560},{"@type":"BreadcrumbList","@id":"https:\/\/infoecos.com.ar\/index.php\/es-inevitable-que-la-variante-delta-tenga-circulacion-comunitaria-tiene-mayor-poder-de-transmision-y-ya-esta-en-nuestro-pais\/#breadcrumb","itemListElement":[{"@type":"ListItem","position":1,"name":"Portada","item":"https:\/\/infoecos.com.ar\/"},{"@type":"ListItem","position":2,"name":"\u00abEs inevitable que la variante Delta tenga circulaci\u00f3n comunitaria, tiene mayor poder de transmisi\u00f3n y ya est\u00e1 en nuestro pa\u00eds\u201d"}]},{"@type":"WebSite","@id":"https:\/\/infoecos.com.ar\/#website","url":"https:\/\/infoecos.com.ar\/","name":"Infoecos","description":"Noticias de trenque lauquen y la zona","publisher":{"@id":"https:\/\/infoecos.com.ar\/#organization"},"alternateName":"Noticias","potentialAction":[{"@type":"SearchAction","target":{"@type":"EntryPoint","urlTemplate":"https:\/\/infoecos.com.ar\/?s={search_term_string}"},"query-input":{"@type":"PropertyValueSpecification","valueRequired":true,"valueName":"search_term_string"}}],"inLanguage":"es"},{"@type":"Organization","@id":"https:\/\/infoecos.com.ar\/#organization","name":"Infoecos","alternateName":"Noticias","url":"https:\/\/infoecos.com.ar\/","logo":{"@type":"ImageObject","inLanguage":"es","@id":"https:\/\/infoecos.com.ar\/#\/schema\/logo\/image\/","url":"https:\/\/infoecos.com.ar\/wp-content\/uploads\/2024\/03\/cropped-logo.png","contentUrl":"https:\/\/infoecos.com.ar\/wp-content\/uploads\/2024\/03\/cropped-logo.png","width":374,"height":90,"caption":"Infoecos"},"image":{"@id":"https:\/\/infoecos.com.ar\/#\/schema\/logo\/image\/"},"sameAs":["https:\/\/www.facebook.com\/profile.php?id=100063200290284","https:\/\/x.com\/infoecos"]},{"@type":"Person","@id":"https:\/\/infoecos.com.ar\/#\/schema\/person\/8f5ace5ce73b4b4aac4b7245aee6f191","name":"Jorge Matheus","url":"https:\/\/infoecos.com.ar\/index.php\/author\/jomatheus\/"}]}},"featured_image_urls":{"full":["https:\/\/infoecos.com.ar\/wp-content\/uploads\/2021\/02\/210220-Vacuna-Ensenada_1100-scaled.jpg",1703,2560,false],"thumbnail":["https:\/\/infoecos.com.ar\/wp-content\/uploads\/2021\/02\/210220-Vacuna-Ensenada_1100-150x150.jpg",150,150,true],"medium":["https:\/\/infoecos.com.ar\/wp-content\/uploads\/2021\/02\/210220-Vacuna-Ensenada_1100-306x460.jpg",306,460,true],"medium_large":["https:\/\/infoecos.com.ar\/wp-content\/uploads\/2021\/02\/210220-Vacuna-Ensenada_1100-768x1154.jpg",640,962,true],"large":["https:\/\/infoecos.com.ar\/wp-content\/uploads\/2021\/02\/210220-Vacuna-Ensenada_1100-612x920.jpg",612,920,true],"1536x1536":["https:\/\/infoecos.com.ar\/wp-content\/uploads\/2021\/02\/210220-Vacuna-Ensenada_1100-1022x1536.jpg",1022,1536,true],"2048x2048":["https:\/\/infoecos.com.ar\/wp-content\/uploads\/2021\/02\/210220-Vacuna-Ensenada_1100-1363x2048.jpg",1363,2048,true],"covernews-slider-full":["https:\/\/infoecos.com.ar\/wp-content\/uploads\/2021\/02\/210220-Vacuna-Ensenada_1100-1536x1020.jpg",1077,715,true],"covernews-slider-center":["https:\/\/infoecos.com.ar\/wp-content\/uploads\/2021\/02\/210220-Vacuna-Ensenada_1100-936x897.jpg",522,500,true],"covernews-featured":["https:\/\/infoecos.com.ar\/wp-content\/uploads\/2021\/02\/210220-Vacuna-Ensenada_1100-1024x1539.jpg",1024,1539,true],"covernews-medium":["https:\/\/infoecos.com.ar\/wp-content\/uploads\/2021\/02\/210220-Vacuna-Ensenada_1100-720x380.jpg",540,285,true],"covernews-medium-square":["https:\/\/infoecos.com.ar\/wp-content\/uploads\/2021\/02\/210220-Vacuna-Ensenada_1100-675x450.jpg",375,250,true]},"author_info":{"info":["Jorge Matheus"]},"category_info":"<a href=\"https:\/\/infoecos.com.ar\/index.php\/category\/inferior3\/\" rel=\"category tag\">Bloque inferior - 3<\/a>","tag_info":"Bloque inferior - 3","comment_count":"0","_links":{"self":[{"href":"https:\/\/infoecos.com.ar\/index.php\/wp-json\/wp\/v2\/posts\/82661"}],"collection":[{"href":"https:\/\/infoecos.com.ar\/index.php\/wp-json\/wp\/v2\/posts"}],"about":[{"href":"https:\/\/infoecos.com.ar\/index.php\/wp-json\/wp\/v2\/types\/post"}],"author":[{"embeddable":true,"href":"https:\/\/infoecos.com.ar\/index.php\/wp-json\/wp\/v2\/users\/2"}],"replies":[{"embeddable":true,"href":"https:\/\/infoecos.com.ar\/index.php\/wp-json\/wp\/v2\/comments?post=82661"}],"version-history":[{"count":2,"href":"https:\/\/infoecos.com.ar\/index.php\/wp-json\/wp\/v2\/posts\/82661\/revisions"}],"predecessor-version":[{"id":82733,"href":"https:\/\/infoecos.com.ar\/index.php\/wp-json\/wp\/v2\/posts\/82661\/revisions\/82733"}],"wp:featuredmedia":[{"embeddable":true,"href":"https:\/\/infoecos.com.ar\/index.php\/wp-json\/wp\/v2\/media\/74637"}],"wp:attachment":[{"href":"https:\/\/infoecos.com.ar\/index.php\/wp-json\/wp\/v2\/media?parent=82661"}],"wp:term":[{"taxonomy":"category","embeddable":true,"href":"https:\/\/infoecos.com.ar\/index.php\/wp-json\/wp\/v2\/categories?post=82661"},{"taxonomy":"post_tag","embeddable":true,"href":"https:\/\/infoecos.com.ar\/index.php\/wp-json\/wp\/v2\/tags?post=82661"}],"curies":[{"name":"wp","href":"https:\/\/api.w.org\/{rel}","templated":true}]}}