{"id":82686,"date":"2021-08-04T17:51:52","date_gmt":"2021-08-04T20:51:52","guid":{"rendered":"http:\/\/infoecos.com.ar\/?p=82686"},"modified":"2021-08-04T17:51:54","modified_gmt":"2021-08-04T20:51:54","slug":"se-registraron-300-muertes-y-13-736-nuevos-casos-de-coronavirus","status":"publish","type":"post","link":"https:\/\/infoecos.com.ar\/index.php\/se-registraron-300-muertes-y-13-736-nuevos-casos-de-coronavirus\/","title":{"rendered":"Se registraron 300 muertes y 13.736 nuevos casos de coronavirus"},"content":{"rendered":"\n<p class=\"wp-block-paragraph\">El Ministerio de Salud de la Naci\u00f3n inform\u00f3 este mi\u00e9rcoles que se registraron otras\u00a0<strong>300 muertes<\/strong>\u00a0y 13.736 nuevos casos de coronavirus en la Argentina, en las \u00faltimas 24 horas.<\/p>\n\n\n\n<p class=\"wp-block-paragraph\">Con estas nuevas cifras, el pa\u00eds lleg\u00f3 a 4.975.616 contagios y 106.747 fallecidos desde el inicio de la pandemia.<\/p>\n\n\n\n<div class=\"wp-block-image is-style-default\"><figure class=\"aligncenter size-medium\"><img loading=\"lazy\" decoding=\"async\" width=\"460\" height=\"259\" src=\"http:\/\/infoecos.com.ar\/wp-content\/uploads\/5e92ef0d35853_1004x565-460x259.jpg\" alt=\"\" class=\"wp-image-65618\" srcset=\"https:\/\/infoecos.com.ar\/wp-content\/uploads\/5e92ef0d35853_1004x565-460x259.jpg 460w, https:\/\/infoecos.com.ar\/wp-content\/uploads\/5e92ef0d35853_1004x565-920x518.jpg 920w, https:\/\/infoecos.com.ar\/wp-content\/uploads\/5e92ef0d35853_1004x565-768x432.jpg 768w, https:\/\/infoecos.com.ar\/wp-content\/uploads\/5e92ef0d35853_1004x565.jpg 1004w\" sizes=\"auto, (max-width: 460px) 100vw, 460px\" \/><\/figure><\/div>\n\n\n\n<p class=\"wp-block-paragraph\">Con 13.736 nuevos casos confirmados y 112.987 hisopados realizados, la tasa de positividad fue del 12,1% en las \u00faltimas 24 horas.<\/p>\n\n\n\n<p class=\"wp-block-paragraph\">En cuanto a la ocupaci\u00f3n de camas de Unidad de Terapia Intensiva (UTI), la cartera sanitaria inform\u00f3 que son 3.748 los internados por covid-19 con un porcentaje de ocupaci\u00f3n de camas para todas las patolog\u00edas\u00a0del 53,8% en Naci\u00f3n y 52,6% en el AMBA.<\/p>\n\n\n\n<p class=\"wp-block-paragraph\">Los \u00fanicos distritos que superaron los mil contagios reportados fueron Buenos Aires (4.520), C\u00f3rdoba (2.380) y Santa Fe (1.182)<\/p>\n","protected":false},"excerpt":{"rendered":"<p>Los \u00fanicos distritos que superaron los mil contagios reportados fueron Buenos Aires (4.520), C\u00f3rdoba (2.380) y Santa Fe (1.182)<\/p>\n","protected":false},"author":2,"featured_media":65618,"comment_status":"closed","ping_status":"open","sticky":false,"template":"","format":"standard","meta":{"footnotes":""},"categories":[28],"tags":[4532],"class_list":["post-82686","post","type-post","status-publish","format-standard","has-post-thumbnail","hentry","category-c1nota1","tag-informe-del-miercoles-4-de-agosto"],"featured_image_urls":{"full":["https:\/\/infoecos.com.ar\/wp-content\/uploads\/5e92ef0d35853_1004x565.jpg",1004,565,false],"thumbnail":["https:\/\/infoecos.com.ar\/wp-content\/uploads\/5e92ef0d35853_1004x565-150x150.jpg",150,150,true],"medium":["https:\/\/infoecos.com.ar\/wp-content\/uploads\/5e92ef0d35853_1004x565-460x259.jpg",460,259,true],"medium_large":["https:\/\/infoecos.com.ar\/wp-content\/uploads\/5e92ef0d35853_1004x565-768x432.jpg",640,360,true],"large":["https:\/\/infoecos.com.ar\/wp-content\/uploads\/5e92ef0d35853_1004x565-920x518.jpg",640,360,true],"1536x1536":["https:\/\/infoecos.com.ar\/wp-content\/uploads\/5e92ef0d35853_1004x565.jpg",1004,565,false],"2048x2048":["https:\/\/infoecos.com.ar\/wp-content\/uploads\/5e92ef0d35853_1004x565.jpg",1004,565,false],"covernews-slider-full":["https:\/\/infoecos.com.ar\/wp-content\/uploads\/5e92ef0d35853_1004x565.jpg",1004,565,false],"covernews-slider-center":["https:\/\/infoecos.com.ar\/wp-content\/uploads\/5e92ef0d35853_1004x565-936x565.jpg",800,483,true],"covernews-featured":["https:\/\/infoecos.com.ar\/wp-content\/uploads\/5e92ef0d35853_1004x565.jpg",1004,565,false],"covernews-medium":["https:\/\/infoecos.com.ar\/wp-content\/uploads\/5e92ef0d35853_1004x565-720x380.jpg",540,285,true],"covernews-medium-square":["https:\/\/infoecos.com.ar\/wp-content\/uploads\/5e92ef0d35853_1004x565-675x450.jpg",375,250,true]},"author_info":{"info":["Jorge Matheus"]},"category_info":"<a href=\"https:\/\/infoecos.com.ar\/index.php\/category\/c1nota1\/\" rel=\"category tag\">C1 N1<\/a>","tag_info":"C1 N1","comment_count":"0","_links":{"self":[{"href":"https:\/\/infoecos.com.ar\/index.php\/wp-json\/wp\/v2\/posts\/82686","targetHints":{"allow":["GET"]}}],"collection":[{"href":"https:\/\/infoecos.com.ar\/index.php\/wp-json\/wp\/v2\/posts"}],"about":[{"href":"https:\/\/infoecos.com.ar\/index.php\/wp-json\/wp\/v2\/types\/post"}],"author":[{"embeddable":true,"href":"https:\/\/infoecos.com.ar\/index.php\/wp-json\/wp\/v2\/users\/2"}],"replies":[{"embeddable":true,"href":"https:\/\/infoecos.com.ar\/index.php\/wp-json\/wp\/v2\/comments?post=82686"}],"version-history":[{"count":1,"href":"https:\/\/infoecos.com.ar\/index.php\/wp-json\/wp\/v2\/posts\/82686\/revisions"}],"predecessor-version":[{"id":82687,"href":"https:\/\/infoecos.com.ar\/index.php\/wp-json\/wp\/v2\/posts\/82686\/revisions\/82687"}],"wp:featuredmedia":[{"embeddable":true,"href":"https:\/\/infoecos.com.ar\/index.php\/wp-json\/wp\/v2\/media\/65618"}],"wp:attachment":[{"href":"https:\/\/infoecos.com.ar\/index.php\/wp-json\/wp\/v2\/media?parent=82686"}],"wp:term":[{"taxonomy":"category","embeddable":true,"href":"https:\/\/infoecos.com.ar\/index.php\/wp-json\/wp\/v2\/categories?post=82686"},{"taxonomy":"post_tag","embeddable":true,"href":"https:\/\/infoecos.com.ar\/index.php\/wp-json\/wp\/v2\/tags?post=82686"}],"curies":[{"name":"wp","href":"https:\/\/api.w.org\/{rel}","templated":true}]}}