{"id":82721,"date":"2021-08-05T02:56:41","date_gmt":"2021-08-05T05:56:41","guid":{"rendered":"http:\/\/infoecos.com.ar\/?p=82721"},"modified":"2021-08-05T02:56:42","modified_gmt":"2021-08-05T05:56:42","slug":"el-intendente-de-pehuajo-habria-tenido-un-duro-entredicho-con-un-comerciante-de-la-ciudad-cabecera","status":"publish","type":"post","link":"https:\/\/infoecos.com.ar\/index.php\/el-intendente-de-pehuajo-habria-tenido-un-duro-entredicho-con-un-comerciante-de-la-ciudad-cabecera\/","title":{"rendered":"El intendente de Pehuaj\u00f3 habr\u00eda tenido un duro entredicho con un comerciante de la ciudad cabecera"},"content":{"rendered":"\n<p class=\"wp-block-paragraph\">El sitio pehuajense radiomagicadigital.com da cuenta en el d\u00eda de ayer que \u00abextraoficialmente trascendi\u00f3 que el intendente Pablo Zurro habr\u00eda tenido un duro entredicho con un comerciante de la ciudad cabecera del distrito\u00bb. Tambi\u00e9n el tema fue volcado en algunas redes sociales, aunque no fue confirmado. M\u00e1s a\u00fan no se conoc\u00eda que se hubiese presentado alguna denuncia.<\/p>\n\n\n\n<div class=\"wp-block-image is-style-default\"><figure class=\"aligncenter size-medium\"><img loading=\"lazy\" decoding=\"async\" width=\"460\" height=\"307\" src=\"http:\/\/infoecos.com.ar\/wp-content\/uploads\/2021\/03\/zurropablo-460x307.jpg\" alt=\"\" class=\"wp-image-75416\" srcset=\"https:\/\/infoecos.com.ar\/wp-content\/uploads\/2021\/03\/zurropablo-460x307.jpg 460w, https:\/\/infoecos.com.ar\/wp-content\/uploads\/2021\/03\/zurropablo-920x613.jpg 920w, https:\/\/infoecos.com.ar\/wp-content\/uploads\/2021\/03\/zurropablo-768x512.jpg 768w, https:\/\/infoecos.com.ar\/wp-content\/uploads\/2021\/03\/zurropablo-1024x682.jpg 1024w, https:\/\/infoecos.com.ar\/wp-content\/uploads\/2021\/03\/zurropablo-675x450.jpg 675w, https:\/\/infoecos.com.ar\/wp-content\/uploads\/2021\/03\/zurropablo.jpg 1280w\" sizes=\"auto, (max-width: 460px) 100vw, 460px\" \/><\/figure><\/div>\n\n\n\n<p class=\"wp-block-paragraph\">El mismo medio de comunicaci\u00f3n, agrega de todas maneras, que circula la versi\u00f3n de que se habr\u00eda radicado una denuncia penal contra el comerciante, que contemplar\u00eda la figura de \u201cAtentado contra la autoridad\u201d.<\/p>\n\n\n\n<p class=\"wp-block-paragraph\">En la p\u00e1gina web de la emisora, direcci\u00f3n citada m\u00e1s arriba, se agrega que cientos de mensajes se recibieron durante la ma\u00f1ana en la radio, y otros tantos ya se publican directamente en redes sociales.<\/p>\n\n\n\n<p class=\"wp-block-paragraph\">De acuerdo a lo que se desprende de lo publicado en forma extraoficial, habr\u00eda sido m\u00e1s que un entredicho.<\/p>\n","protected":false},"excerpt":{"rendered":"<p>El mismo medio de comunicaci\u00f3n, agrega que circula la versi\u00f3n de que se habr\u00eda radicado una denuncia penal contra el comerciante, que contemplar\u00eda la figura de \u201cAtentado contra la autoridad\u201d<\/p>\n","protected":false},"author":2,"featured_media":79917,"comment_status":"closed","ping_status":"open","sticky":false,"template":"","format":"standard","meta":{"footnotes":""},"categories":[29],"tags":[4543],"class_list":["post-82721","post","type-post","status-publish","format-standard","has-post-thumbnail","hentry","category-c2nota1","tag-lo-informo-extraoficialmente-radio-magica"],"featured_image_urls":{"full":["https:\/\/infoecos.com.ar\/wp-content\/uploads\/2021\/06\/zurrogasparqueindustrial.jpeg",640,360,false],"thumbnail":["https:\/\/infoecos.com.ar\/wp-content\/uploads\/2021\/06\/zurrogasparqueindustrial-150x150.jpeg",150,150,true],"medium":["https:\/\/infoecos.com.ar\/wp-content\/uploads\/2021\/06\/zurrogasparqueindustrial-460x259.jpeg",460,259,true],"medium_large":["https:\/\/infoecos.com.ar\/wp-content\/uploads\/2021\/06\/zurrogasparqueindustrial.jpeg",640,360,false],"large":["https:\/\/infoecos.com.ar\/wp-content\/uploads\/2021\/06\/zurrogasparqueindustrial.jpeg",640,360,false],"1536x1536":["https:\/\/infoecos.com.ar\/wp-content\/uploads\/2021\/06\/zurrogasparqueindustrial.jpeg",640,360,false],"2048x2048":["https:\/\/infoecos.com.ar\/wp-content\/uploads\/2021\/06\/zurrogasparqueindustrial.jpeg",640,360,false],"covernews-slider-full":["https:\/\/infoecos.com.ar\/wp-content\/uploads\/2021\/06\/zurrogasparqueindustrial.jpeg",640,360,false],"covernews-slider-center":["https:\/\/infoecos.com.ar\/wp-content\/uploads\/2021\/06\/zurrogasparqueindustrial.jpeg",640,360,false],"covernews-featured":["https:\/\/infoecos.com.ar\/wp-content\/uploads\/2021\/06\/zurrogasparqueindustrial.jpeg",640,360,false],"covernews-medium":["https:\/\/infoecos.com.ar\/wp-content\/uploads\/2021\/06\/zurrogasparqueindustrial.jpeg",540,304,false],"covernews-medium-square":["https:\/\/infoecos.com.ar\/wp-content\/uploads\/2021\/06\/zurrogasparqueindustrial.jpeg",400,225,false]},"author_info":{"info":["Jorge Matheus"]},"category_info":"<a href=\"https:\/\/infoecos.com.ar\/index.php\/category\/c2nota1\/\" rel=\"category tag\">C2 nota 1<\/a>","tag_info":"C2 nota 1","comment_count":"0","_links":{"self":[{"href":"https:\/\/infoecos.com.ar\/index.php\/wp-json\/wp\/v2\/posts\/82721","targetHints":{"allow":["GET"]}}],"collection":[{"href":"https:\/\/infoecos.com.ar\/index.php\/wp-json\/wp\/v2\/posts"}],"about":[{"href":"https:\/\/infoecos.com.ar\/index.php\/wp-json\/wp\/v2\/types\/post"}],"author":[{"embeddable":true,"href":"https:\/\/infoecos.com.ar\/index.php\/wp-json\/wp\/v2\/users\/2"}],"replies":[{"embeddable":true,"href":"https:\/\/infoecos.com.ar\/index.php\/wp-json\/wp\/v2\/comments?post=82721"}],"version-history":[{"count":1,"href":"https:\/\/infoecos.com.ar\/index.php\/wp-json\/wp\/v2\/posts\/82721\/revisions"}],"predecessor-version":[{"id":82722,"href":"https:\/\/infoecos.com.ar\/index.php\/wp-json\/wp\/v2\/posts\/82721\/revisions\/82722"}],"wp:featuredmedia":[{"embeddable":true,"href":"https:\/\/infoecos.com.ar\/index.php\/wp-json\/wp\/v2\/media\/79917"}],"wp:attachment":[{"href":"https:\/\/infoecos.com.ar\/index.php\/wp-json\/wp\/v2\/media?parent=82721"}],"wp:term":[{"taxonomy":"category","embeddable":true,"href":"https:\/\/infoecos.com.ar\/index.php\/wp-json\/wp\/v2\/categories?post=82721"},{"taxonomy":"post_tag","embeddable":true,"href":"https:\/\/infoecos.com.ar\/index.php\/wp-json\/wp\/v2\/tags?post=82721"}],"curies":[{"name":"wp","href":"https:\/\/api.w.org\/{rel}","templated":true}]}}