{"id":82765,"date":"2021-08-06T02:01:02","date_gmt":"2021-08-06T05:01:02","guid":{"rendered":"http:\/\/infoecos.com.ar\/?p=82765"},"modified":"2021-08-07T04:20:51","modified_gmt":"2021-08-07T07:20:51","slug":"presentan-plataforma-digital-donde-estaran-alojadas-propuestas-de-actualizacion-y-modernizacion","status":"publish","type":"post","link":"https:\/\/infoecos.com.ar\/index.php\/presentan-plataforma-digital-donde-estaran-alojadas-propuestas-de-actualizacion-y-modernizacion\/","title":{"rendered":"Presentan plataforma digital donde estar\u00e1n alojadas propuestas de actualizaci\u00f3n y modernizaci\u00f3n"},"content":{"rendered":"\n<p>El secretario General de la Gobernaci\u00f3n, Federico Thea, y el ministro de Justicia y Derechos Humanos, Julio Alak, presentaron ayer la plataforma digital (<a rel=\"noreferrer noopener\" href=\"http:\/\/agendaparticipativa.gba.gob.ar\/\" target=\"_blank\">http:\/\/agendaparticipativa.gba.gob.ar<\/a>) donde estar\u00e1n alojadas las propuestas de actualizaci\u00f3n y modernizaci\u00f3n normativa presentadas por la Provincia para agilizar los procesos judiciales y dotar de mayor transparencia a la gesti\u00f3n p\u00fablica.<\/p>\n\n\n\n<div class=\"wp-block-image is-style-default\"><figure class=\"aligncenter size-medium\"><img loading=\"lazy\" decoding=\"async\" width=\"460\" height=\"306\" src=\"http:\/\/infoecos.com.ar\/wp-content\/uploads\/2021\/08\/Alak-2-460x306.jpeg\" alt=\"\" class=\"wp-image-82766\" srcset=\"https:\/\/infoecos.com.ar\/wp-content\/uploads\/2021\/08\/Alak-2-460x306.jpeg 460w, https:\/\/infoecos.com.ar\/wp-content\/uploads\/2021\/08\/Alak-2-920x612.jpeg 920w, https:\/\/infoecos.com.ar\/wp-content\/uploads\/2021\/08\/Alak-2-768x511.jpeg 768w, https:\/\/infoecos.com.ar\/wp-content\/uploads\/2021\/08\/Alak-2-1024x682.jpeg 1024w, https:\/\/infoecos.com.ar\/wp-content\/uploads\/2021\/08\/Alak-2-675x450.jpeg 675w, https:\/\/infoecos.com.ar\/wp-content\/uploads\/2021\/08\/Alak-2.jpeg 1280w\" sizes=\"(max-width: 460px) 100vw, 460px\" \/><\/figure><\/div>\n\n\n\n<p>\u201cNosotros elegimos atacar de manera directa y profunda los problemas estructurales que detectamos en la provincia de Buenos Aires. Nuestros equipos t\u00e9cnicos han hecho una gran tarea en tratar de, no solamente aggiornar la normativa provincial, sino lograr que los principios que inspiraron al gobernador, como el lenguaje claro, la igualdad, la equidad, el acceso a la justicia, la informatizaci\u00f3n, m\u00e1s a\u00fan en tiempos de pandemia, se vieran reflejados en estos anteproyectos\u201d, explic\u00f3 Thea.<\/p>\n\n\n\n<p>Destac\u00f3 en tal sentido que \u201cnosotros entendemos que estos objetivos son nobles, que nos deben motivar e inspirar a todos para tener una provincia m\u00e1s igualitaria. Tal vez existan herramientas mejores, por eso es que habilitamos esta plataforma web y por eso vamos a salir con los ministros y subsecretarias a informar y a buscar opiniones\u201d.<\/p>\n\n\n\n<p>Por su parte, Alak dijo que \u201cestos anteproyectos legislativos tienen la finalidad de modernizar el cuerpo normativo de la provincia, adecuarlo a la Constituci\u00f3n Nacional, a la Constituci\u00f3n provincial, y a las leyes de fondo que el Estado nacional ha estado sancionando en las \u00faltimas d\u00e9cadas\u201d. El ministro asegur\u00f3 que a trav\u00e9s de estas iniciativas \u201cbuscamos construir los consensos necesarios con todos los actores del sistema de Justicia bonaerense\u201d.<\/p>\n\n\n\n<p>Durante el encuentro, los subsecretarios Mauro Benente (Planificaci\u00f3n Estrat\u00e9gica), Inti P\u00e9rez Aznar (Justicia); Esteban Taglianetti (Legal y T\u00e9cnico) y Ana Laura Ramos (Transparencia Institucional) explicaron los 4 anteproyectos que estar\u00e1n alojados en el sitio gubernamental Agenda Participativa para su an\u00e1lisis: <strong>C\u00f3digo Procesal de Familias, Civil y Comercial; Ley de Abogadas y Abogados de los ni\u00f1os, ni\u00f1as y adolescentes; Responsabilidad del Estado y \u00c9tica P\u00fablica y transparencia de la provincia de Buenos Aires<\/strong>, respectivamente.<\/p>\n","protected":false},"excerpt":{"rendered":"<p>http:\/\/agendaparticipativa.gba.gob.ar. Alak dijo que \u201cestos anteproyectos legislativos tienen la finalidad de modernizar el cuerpo normativo y adecuarlo a la Constituci\u00f3n Nacional, a la Constituci\u00f3n provincial\u00bb<\/p>\n","protected":false},"author":2,"featured_media":82766,"comment_status":"closed","ping_status":"open","sticky":false,"template":"","format":"standard","meta":{"footnotes":""},"categories":[43],"tags":[4556],"class_list":["post-82765","post","type-post","status-publish","format-standard","has-post-thumbnail","hentry","category-inferior4","tag-para-agilizar-procesos-judiciales"],"yoast_head":"<!-- This site is optimized with the Yoast SEO plugin v23.4 - https:\/\/yoast.com\/wordpress\/plugins\/seo\/ -->\n<title>Presentan plataforma digital donde estar\u00e1n alojadas propuestas de actualizaci\u00f3n y modernizaci\u00f3n - Infoecos<\/title>\n<meta name=\"robots\" content=\"index, follow, max-snippet:-1, max-image-preview:large, max-video-preview:-1\" \/>\n<link rel=\"canonical\" href=\"https:\/\/infoecos.com.ar\/index.php\/presentan-plataforma-digital-donde-estaran-alojadas-propuestas-de-actualizacion-y-modernizacion\/\" \/>\n<meta property=\"og:locale\" content=\"es_ES\" \/>\n<meta property=\"og:type\" content=\"article\" \/>\n<meta property=\"og:title\" content=\"Presentan plataforma digital donde estar\u00e1n alojadas propuestas de actualizaci\u00f3n y modernizaci\u00f3n - Infoecos\" \/>\n<meta property=\"og:description\" content=\"http:\/\/agendaparticipativa.gba.gob.ar. Alak dijo que \u201cestos anteproyectos legislativos tienen la finalidad de modernizar el cuerpo normativo y adecuarlo a la Constituci\u00f3n Nacional, a la Constituci\u00f3n provincial&quot;\" \/>\n<meta property=\"og:url\" content=\"https:\/\/infoecos.com.ar\/index.php\/presentan-plataforma-digital-donde-estaran-alojadas-propuestas-de-actualizacion-y-modernizacion\/\" \/>\n<meta property=\"og:site_name\" content=\"Infoecos\" \/>\n<meta property=\"article:publisher\" content=\"https:\/\/www.facebook.com\/profile.php?id=100063200290284\" \/>\n<meta property=\"article:published_time\" content=\"2021-08-06T05:01:02+00:00\" \/>\n<meta property=\"article:modified_time\" content=\"2021-08-07T07:20:51+00:00\" \/>\n<meta property=\"og:image\" content=\"https:\/\/infoecos.com.ar\/wp-content\/uploads\/2021\/08\/Alak-2.jpeg\" \/>\n\t<meta property=\"og:image:width\" content=\"1280\" \/>\n\t<meta property=\"og:image:height\" content=\"852\" \/>\n\t<meta property=\"og:image:type\" content=\"image\/jpeg\" \/>\n<meta name=\"author\" content=\"Jorge Matheus\" \/>\n<meta name=\"twitter:card\" content=\"summary_large_image\" \/>\n<meta name=\"twitter:creator\" content=\"@infoecos\" \/>\n<meta name=\"twitter:site\" content=\"@infoecos\" \/>\n<meta name=\"twitter:label1\" content=\"Escrito por\" \/>\n\t<meta name=\"twitter:data1\" content=\"Jorge Matheus\" \/>\n\t<meta name=\"twitter:label2\" content=\"Tiempo de lectura\" \/>\n\t<meta name=\"twitter:data2\" content=\"2 minutos\" \/>\n<script type=\"application\/ld+json\" class=\"yoast-schema-graph\">{\"@context\":\"https:\/\/schema.org\",\"@graph\":[{\"@type\":\"Article\",\"@id\":\"https:\/\/infoecos.com.ar\/index.php\/presentan-plataforma-digital-donde-estaran-alojadas-propuestas-de-actualizacion-y-modernizacion\/#article\",\"isPartOf\":{\"@id\":\"https:\/\/infoecos.com.ar\/index.php\/presentan-plataforma-digital-donde-estaran-alojadas-propuestas-de-actualizacion-y-modernizacion\/\"},\"author\":{\"name\":\"Jorge Matheus\",\"@id\":\"https:\/\/infoecos.com.ar\/#\/schema\/person\/8f5ace5ce73b4b4aac4b7245aee6f191\"},\"headline\":\"Presentan plataforma digital donde estar\u00e1n alojadas propuestas de actualizaci\u00f3n y modernizaci\u00f3n\",\"datePublished\":\"2021-08-06T05:01:02+00:00\",\"dateModified\":\"2021-08-07T07:20:51+00:00\",\"mainEntityOfPage\":{\"@id\":\"https:\/\/infoecos.com.ar\/index.php\/presentan-plataforma-digital-donde-estaran-alojadas-propuestas-de-actualizacion-y-modernizacion\/\"},\"wordCount\":366,\"publisher\":{\"@id\":\"https:\/\/infoecos.com.ar\/#organization\"},\"image\":{\"@id\":\"https:\/\/infoecos.com.ar\/index.php\/presentan-plataforma-digital-donde-estaran-alojadas-propuestas-de-actualizacion-y-modernizacion\/#primaryimage\"},\"thumbnailUrl\":\"https:\/\/infoecos.com.ar\/wp-content\/uploads\/2021\/08\/Alak-2.jpeg\",\"keywords\":[\"PARA AGILIZAR PROCESOS JUDICIALES\"],\"articleSection\":[\"Bloque inferior - 4\"],\"inLanguage\":\"es\"},{\"@type\":\"WebPage\",\"@id\":\"https:\/\/infoecos.com.ar\/index.php\/presentan-plataforma-digital-donde-estaran-alojadas-propuestas-de-actualizacion-y-modernizacion\/\",\"url\":\"https:\/\/infoecos.com.ar\/index.php\/presentan-plataforma-digital-donde-estaran-alojadas-propuestas-de-actualizacion-y-modernizacion\/\",\"name\":\"Presentan plataforma digital donde estar\u00e1n alojadas propuestas de actualizaci\u00f3n y modernizaci\u00f3n - Infoecos\",\"isPartOf\":{\"@id\":\"https:\/\/infoecos.com.ar\/#website\"},\"primaryImageOfPage\":{\"@id\":\"https:\/\/infoecos.com.ar\/index.php\/presentan-plataforma-digital-donde-estaran-alojadas-propuestas-de-actualizacion-y-modernizacion\/#primaryimage\"},\"image\":{\"@id\":\"https:\/\/infoecos.com.ar\/index.php\/presentan-plataforma-digital-donde-estaran-alojadas-propuestas-de-actualizacion-y-modernizacion\/#primaryimage\"},\"thumbnailUrl\":\"https:\/\/infoecos.com.ar\/wp-content\/uploads\/2021\/08\/Alak-2.jpeg\",\"datePublished\":\"2021-08-06T05:01:02+00:00\",\"dateModified\":\"2021-08-07T07:20:51+00:00\",\"breadcrumb\":{\"@id\":\"https:\/\/infoecos.com.ar\/index.php\/presentan-plataforma-digital-donde-estaran-alojadas-propuestas-de-actualizacion-y-modernizacion\/#breadcrumb\"},\"inLanguage\":\"es\",\"potentialAction\":[{\"@type\":\"ReadAction\",\"target\":[\"https:\/\/infoecos.com.ar\/index.php\/presentan-plataforma-digital-donde-estaran-alojadas-propuestas-de-actualizacion-y-modernizacion\/\"]}]},{\"@type\":\"ImageObject\",\"inLanguage\":\"es\",\"@id\":\"https:\/\/infoecos.com.ar\/index.php\/presentan-plataforma-digital-donde-estaran-alojadas-propuestas-de-actualizacion-y-modernizacion\/#primaryimage\",\"url\":\"https:\/\/infoecos.com.ar\/wp-content\/uploads\/2021\/08\/Alak-2.jpeg\",\"contentUrl\":\"https:\/\/infoecos.com.ar\/wp-content\/uploads\/2021\/08\/Alak-2.jpeg\",\"width\":1280,\"height\":852},{\"@type\":\"BreadcrumbList\",\"@id\":\"https:\/\/infoecos.com.ar\/index.php\/presentan-plataforma-digital-donde-estaran-alojadas-propuestas-de-actualizacion-y-modernizacion\/#breadcrumb\",\"itemListElement\":[{\"@type\":\"ListItem\",\"position\":1,\"name\":\"Portada\",\"item\":\"https:\/\/infoecos.com.ar\/\"},{\"@type\":\"ListItem\",\"position\":2,\"name\":\"Presentan plataforma digital donde estar\u00e1n alojadas propuestas de actualizaci\u00f3n y modernizaci\u00f3n\"}]},{\"@type\":\"WebSite\",\"@id\":\"https:\/\/infoecos.com.ar\/#website\",\"url\":\"https:\/\/infoecos.com.ar\/\",\"name\":\"Infoecos\",\"description\":\"Noticias de trenque lauquen y la zona\",\"publisher\":{\"@id\":\"https:\/\/infoecos.com.ar\/#organization\"},\"alternateName\":\"Noticias\",\"potentialAction\":[{\"@type\":\"SearchAction\",\"target\":{\"@type\":\"EntryPoint\",\"urlTemplate\":\"https:\/\/infoecos.com.ar\/?s={search_term_string}\"},\"query-input\":{\"@type\":\"PropertyValueSpecification\",\"valueRequired\":true,\"valueName\":\"search_term_string\"}}],\"inLanguage\":\"es\"},{\"@type\":\"Organization\",\"@id\":\"https:\/\/infoecos.com.ar\/#organization\",\"name\":\"Infoecos\",\"alternateName\":\"Noticias\",\"url\":\"https:\/\/infoecos.com.ar\/\",\"logo\":{\"@type\":\"ImageObject\",\"inLanguage\":\"es\",\"@id\":\"https:\/\/infoecos.com.ar\/#\/schema\/logo\/image\/\",\"url\":\"https:\/\/infoecos.com.ar\/wp-content\/uploads\/2024\/03\/cropped-logo.png\",\"contentUrl\":\"https:\/\/infoecos.com.ar\/wp-content\/uploads\/2024\/03\/cropped-logo.png\",\"width\":374,\"height\":90,\"caption\":\"Infoecos\"},\"image\":{\"@id\":\"https:\/\/infoecos.com.ar\/#\/schema\/logo\/image\/\"},\"sameAs\":[\"https:\/\/www.facebook.com\/profile.php?id=100063200290284\",\"https:\/\/x.com\/infoecos\"]},{\"@type\":\"Person\",\"@id\":\"https:\/\/infoecos.com.ar\/#\/schema\/person\/8f5ace5ce73b4b4aac4b7245aee6f191\",\"name\":\"Jorge Matheus\",\"url\":\"https:\/\/infoecos.com.ar\/index.php\/author\/jomatheus\/\"}]}<\/script>\n<!-- \/ Yoast SEO plugin. -->","yoast_head_json":{"title":"Presentan plataforma digital donde estar\u00e1n alojadas propuestas de actualizaci\u00f3n y modernizaci\u00f3n - Infoecos","robots":{"index":"index","follow":"follow","max-snippet":"max-snippet:-1","max-image-preview":"max-image-preview:large","max-video-preview":"max-video-preview:-1"},"canonical":"https:\/\/infoecos.com.ar\/index.php\/presentan-plataforma-digital-donde-estaran-alojadas-propuestas-de-actualizacion-y-modernizacion\/","og_locale":"es_ES","og_type":"article","og_title":"Presentan plataforma digital donde estar\u00e1n alojadas propuestas de actualizaci\u00f3n y modernizaci\u00f3n - Infoecos","og_description":"http:\/\/agendaparticipativa.gba.gob.ar. Alak dijo que \u201cestos anteproyectos legislativos tienen la finalidad de modernizar el cuerpo normativo y adecuarlo a la Constituci\u00f3n Nacional, a la Constituci\u00f3n provincial\"","og_url":"https:\/\/infoecos.com.ar\/index.php\/presentan-plataforma-digital-donde-estaran-alojadas-propuestas-de-actualizacion-y-modernizacion\/","og_site_name":"Infoecos","article_publisher":"https:\/\/www.facebook.com\/profile.php?id=100063200290284","article_published_time":"2021-08-06T05:01:02+00:00","article_modified_time":"2021-08-07T07:20:51+00:00","og_image":[{"width":1280,"height":852,"url":"https:\/\/infoecos.com.ar\/wp-content\/uploads\/2021\/08\/Alak-2.jpeg","type":"image\/jpeg"}],"author":"Jorge Matheus","twitter_card":"summary_large_image","twitter_creator":"@infoecos","twitter_site":"@infoecos","twitter_misc":{"Escrito por":"Jorge Matheus","Tiempo de lectura":"2 minutos"},"schema":{"@context":"https:\/\/schema.org","@graph":[{"@type":"Article","@id":"https:\/\/infoecos.com.ar\/index.php\/presentan-plataforma-digital-donde-estaran-alojadas-propuestas-de-actualizacion-y-modernizacion\/#article","isPartOf":{"@id":"https:\/\/infoecos.com.ar\/index.php\/presentan-plataforma-digital-donde-estaran-alojadas-propuestas-de-actualizacion-y-modernizacion\/"},"author":{"name":"Jorge Matheus","@id":"https:\/\/infoecos.com.ar\/#\/schema\/person\/8f5ace5ce73b4b4aac4b7245aee6f191"},"headline":"Presentan plataforma digital donde estar\u00e1n alojadas propuestas de actualizaci\u00f3n y modernizaci\u00f3n","datePublished":"2021-08-06T05:01:02+00:00","dateModified":"2021-08-07T07:20:51+00:00","mainEntityOfPage":{"@id":"https:\/\/infoecos.com.ar\/index.php\/presentan-plataforma-digital-donde-estaran-alojadas-propuestas-de-actualizacion-y-modernizacion\/"},"wordCount":366,"publisher":{"@id":"https:\/\/infoecos.com.ar\/#organization"},"image":{"@id":"https:\/\/infoecos.com.ar\/index.php\/presentan-plataforma-digital-donde-estaran-alojadas-propuestas-de-actualizacion-y-modernizacion\/#primaryimage"},"thumbnailUrl":"https:\/\/infoecos.com.ar\/wp-content\/uploads\/2021\/08\/Alak-2.jpeg","keywords":["PARA AGILIZAR PROCESOS JUDICIALES"],"articleSection":["Bloque inferior - 4"],"inLanguage":"es"},{"@type":"WebPage","@id":"https:\/\/infoecos.com.ar\/index.php\/presentan-plataforma-digital-donde-estaran-alojadas-propuestas-de-actualizacion-y-modernizacion\/","url":"https:\/\/infoecos.com.ar\/index.php\/presentan-plataforma-digital-donde-estaran-alojadas-propuestas-de-actualizacion-y-modernizacion\/","name":"Presentan plataforma digital donde estar\u00e1n alojadas propuestas de actualizaci\u00f3n y modernizaci\u00f3n - Infoecos","isPartOf":{"@id":"https:\/\/infoecos.com.ar\/#website"},"primaryImageOfPage":{"@id":"https:\/\/infoecos.com.ar\/index.php\/presentan-plataforma-digital-donde-estaran-alojadas-propuestas-de-actualizacion-y-modernizacion\/#primaryimage"},"image":{"@id":"https:\/\/infoecos.com.ar\/index.php\/presentan-plataforma-digital-donde-estaran-alojadas-propuestas-de-actualizacion-y-modernizacion\/#primaryimage"},"thumbnailUrl":"https:\/\/infoecos.com.ar\/wp-content\/uploads\/2021\/08\/Alak-2.jpeg","datePublished":"2021-08-06T05:01:02+00:00","dateModified":"2021-08-07T07:20:51+00:00","breadcrumb":{"@id":"https:\/\/infoecos.com.ar\/index.php\/presentan-plataforma-digital-donde-estaran-alojadas-propuestas-de-actualizacion-y-modernizacion\/#breadcrumb"},"inLanguage":"es","potentialAction":[{"@type":"ReadAction","target":["https:\/\/infoecos.com.ar\/index.php\/presentan-plataforma-digital-donde-estaran-alojadas-propuestas-de-actualizacion-y-modernizacion\/"]}]},{"@type":"ImageObject","inLanguage":"es","@id":"https:\/\/infoecos.com.ar\/index.php\/presentan-plataforma-digital-donde-estaran-alojadas-propuestas-de-actualizacion-y-modernizacion\/#primaryimage","url":"https:\/\/infoecos.com.ar\/wp-content\/uploads\/2021\/08\/Alak-2.jpeg","contentUrl":"https:\/\/infoecos.com.ar\/wp-content\/uploads\/2021\/08\/Alak-2.jpeg","width":1280,"height":852},{"@type":"BreadcrumbList","@id":"https:\/\/infoecos.com.ar\/index.php\/presentan-plataforma-digital-donde-estaran-alojadas-propuestas-de-actualizacion-y-modernizacion\/#breadcrumb","itemListElement":[{"@type":"ListItem","position":1,"name":"Portada","item":"https:\/\/infoecos.com.ar\/"},{"@type":"ListItem","position":2,"name":"Presentan plataforma digital donde estar\u00e1n alojadas propuestas de actualizaci\u00f3n y modernizaci\u00f3n"}]},{"@type":"WebSite","@id":"https:\/\/infoecos.com.ar\/#website","url":"https:\/\/infoecos.com.ar\/","name":"Infoecos","description":"Noticias de trenque lauquen y la zona","publisher":{"@id":"https:\/\/infoecos.com.ar\/#organization"},"alternateName":"Noticias","potentialAction":[{"@type":"SearchAction","target":{"@type":"EntryPoint","urlTemplate":"https:\/\/infoecos.com.ar\/?s={search_term_string}"},"query-input":{"@type":"PropertyValueSpecification","valueRequired":true,"valueName":"search_term_string"}}],"inLanguage":"es"},{"@type":"Organization","@id":"https:\/\/infoecos.com.ar\/#organization","name":"Infoecos","alternateName":"Noticias","url":"https:\/\/infoecos.com.ar\/","logo":{"@type":"ImageObject","inLanguage":"es","@id":"https:\/\/infoecos.com.ar\/#\/schema\/logo\/image\/","url":"https:\/\/infoecos.com.ar\/wp-content\/uploads\/2024\/03\/cropped-logo.png","contentUrl":"https:\/\/infoecos.com.ar\/wp-content\/uploads\/2024\/03\/cropped-logo.png","width":374,"height":90,"caption":"Infoecos"},"image":{"@id":"https:\/\/infoecos.com.ar\/#\/schema\/logo\/image\/"},"sameAs":["https:\/\/www.facebook.com\/profile.php?id=100063200290284","https:\/\/x.com\/infoecos"]},{"@type":"Person","@id":"https:\/\/infoecos.com.ar\/#\/schema\/person\/8f5ace5ce73b4b4aac4b7245aee6f191","name":"Jorge Matheus","url":"https:\/\/infoecos.com.ar\/index.php\/author\/jomatheus\/"}]}},"featured_image_urls":{"full":["https:\/\/infoecos.com.ar\/wp-content\/uploads\/2021\/08\/Alak-2.jpeg",1280,852,false],"thumbnail":["https:\/\/infoecos.com.ar\/wp-content\/uploads\/2021\/08\/Alak-2-150x150.jpeg",150,150,true],"medium":["https:\/\/infoecos.com.ar\/wp-content\/uploads\/2021\/08\/Alak-2-460x306.jpeg",460,306,true],"medium_large":["https:\/\/infoecos.com.ar\/wp-content\/uploads\/2021\/08\/Alak-2-768x511.jpeg",640,426,true],"large":["https:\/\/infoecos.com.ar\/wp-content\/uploads\/2021\/08\/Alak-2-920x612.jpeg",640,426,true],"1536x1536":["https:\/\/infoecos.com.ar\/wp-content\/uploads\/2021\/08\/Alak-2.jpeg",1280,852,false],"2048x2048":["https:\/\/infoecos.com.ar\/wp-content\/uploads\/2021\/08\/Alak-2.jpeg",1280,852,false],"covernews-slider-full":["https:\/\/infoecos.com.ar\/wp-content\/uploads\/2021\/08\/Alak-2.jpeg",1074,715,false],"covernews-slider-center":["https:\/\/infoecos.com.ar\/wp-content\/uploads\/2021\/08\/Alak-2-936x852.jpeg",549,500,true],"covernews-featured":["https:\/\/infoecos.com.ar\/wp-content\/uploads\/2021\/08\/Alak-2-1024x682.jpeg",1024,682,true],"covernews-medium":["https:\/\/infoecos.com.ar\/wp-content\/uploads\/2021\/08\/Alak-2-720x380.jpeg",540,285,true],"covernews-medium-square":["https:\/\/infoecos.com.ar\/wp-content\/uploads\/2021\/08\/Alak-2-675x450.jpeg",375,250,true]},"author_info":{"info":["Jorge Matheus"]},"category_info":"<a href=\"https:\/\/infoecos.com.ar\/index.php\/category\/inferior4\/\" rel=\"category tag\">Bloque inferior - 4<\/a>","tag_info":"Bloque inferior - 4","comment_count":"0","_links":{"self":[{"href":"https:\/\/infoecos.com.ar\/index.php\/wp-json\/wp\/v2\/posts\/82765"}],"collection":[{"href":"https:\/\/infoecos.com.ar\/index.php\/wp-json\/wp\/v2\/posts"}],"about":[{"href":"https:\/\/infoecos.com.ar\/index.php\/wp-json\/wp\/v2\/types\/post"}],"author":[{"embeddable":true,"href":"https:\/\/infoecos.com.ar\/index.php\/wp-json\/wp\/v2\/users\/2"}],"replies":[{"embeddable":true,"href":"https:\/\/infoecos.com.ar\/index.php\/wp-json\/wp\/v2\/comments?post=82765"}],"version-history":[{"count":2,"href":"https:\/\/infoecos.com.ar\/index.php\/wp-json\/wp\/v2\/posts\/82765\/revisions"}],"predecessor-version":[{"id":82768,"href":"https:\/\/infoecos.com.ar\/index.php\/wp-json\/wp\/v2\/posts\/82765\/revisions\/82768"}],"wp:featuredmedia":[{"embeddable":true,"href":"https:\/\/infoecos.com.ar\/index.php\/wp-json\/wp\/v2\/media\/82766"}],"wp:attachment":[{"href":"https:\/\/infoecos.com.ar\/index.php\/wp-json\/wp\/v2\/media?parent=82765"}],"wp:term":[{"taxonomy":"category","embeddable":true,"href":"https:\/\/infoecos.com.ar\/index.php\/wp-json\/wp\/v2\/categories?post=82765"},{"taxonomy":"post_tag","embeddable":true,"href":"https:\/\/infoecos.com.ar\/index.php\/wp-json\/wp\/v2\/tags?post=82765"}],"curies":[{"name":"wp","href":"https:\/\/api.w.org\/{rel}","templated":true}]}}