{"id":82769,"date":"2021-08-06T02:14:04","date_gmt":"2021-08-06T05:14:04","guid":{"rendered":"http:\/\/infoecos.com.ar\/?p=82769"},"modified":"2021-08-07T04:20:24","modified_gmt":"2021-08-07T07:20:24","slug":"nuevo-sistema-para-declaraciones-juradas-patrimoniales-en-provincia-de-buenos-aires-adhirieron-varios-distritos-de-la-zona","status":"publish","type":"post","link":"https:\/\/infoecos.com.ar\/index.php\/nuevo-sistema-para-declaraciones-juradas-patrimoniales-en-provincia-de-buenos-aires-adhirieron-varios-distritos-de-la-zona\/","title":{"rendered":"Nuevo sistema para Declaraciones Juradas Patrimoniales en provincia de Buenos Aires: adhirieron varios distritos de la zona"},"content":{"rendered":"\n<p>El gobernador de la provincia de Buenos Aires, Axel Kicillof, junto al ministro de Justicia y Derechos Humanos, Julio Alak, y la titular de la AFIP, Mercedes Marc\u00f3 del Pont, presentaron ayer en videoconferencia con 60 intendentes e intendentas, el nuevo sistema para las Declaraciones Juradas Patrimoniales PBA-AFIP de los m\u00e1s de 29 mil funcionarios p\u00fablicos, policiales y penitenciarios, al que podr\u00e1n adherir los 135 municipios bonaerenses.&nbsp;<\/p>\n\n\n\n<div class=\"wp-block-image is-style-default\"><figure class=\"aligncenter size-medium\"><img loading=\"lazy\" decoding=\"async\" width=\"460\" height=\"306\" src=\"http:\/\/infoecos.com.ar\/wp-content\/uploads\/2021\/08\/Image-1-460x306.jpeg\" alt=\"\" class=\"wp-image-82770\" srcset=\"https:\/\/infoecos.com.ar\/wp-content\/uploads\/2021\/08\/Image-1-460x306.jpeg 460w, https:\/\/infoecos.com.ar\/wp-content\/uploads\/2021\/08\/Image-1-920x613.jpeg 920w, https:\/\/infoecos.com.ar\/wp-content\/uploads\/2021\/08\/Image-1-768x512.jpeg 768w, https:\/\/infoecos.com.ar\/wp-content\/uploads\/2021\/08\/Image-1-1536x1020.jpeg 1536w, https:\/\/infoecos.com.ar\/wp-content\/uploads\/2021\/08\/Image-1-1024x682.jpeg 1024w, https:\/\/infoecos.com.ar\/wp-content\/uploads\/2021\/08\/Image-1-675x450.jpeg 675w, https:\/\/infoecos.com.ar\/wp-content\/uploads\/2021\/08\/Image-1.jpeg 1600w\" sizes=\"(max-width: 460px) 100vw, 460px\" \/><figcaption>Kicillof con intendentes (videoconferencia)<\/figcaption><\/figure><\/div>\n\n\n\n<p>\u201cSomos pioneros en la implementaci\u00f3n de esta serie de herramientas que facilitan la recolecci\u00f3n de informaci\u00f3n s\u00f3lida, con eficacia y transparencia\u201d destac\u00f3 Kicillof y asegur\u00f3: \u201cLos y las bonaerenses va a tener la confianza de que los mecanismos nacionales y provinciales de control y seguimiento patrimonial est\u00e1n integrados\u00bb.<\/p>\n\n\n\n<p>La provincia de Buenos Aires es la primera en implementar este sistema. Permitir\u00e1 ingresar a trav\u00e9s de la clave fiscal y utilizar toda la informaci\u00f3n cargada en la AFIP, por lo que reducir\u00e1 un 25% el tiempo de carga y servir\u00e1 para alcanzar las 50 mil DDJJ patrimoniales con la incorporaci\u00f3n de los funcionarios municipales de toda la Provincia.&nbsp;<\/p>\n\n\n\n<p>\u201cEsto no solo facilita el tr\u00e1mite a quienes tienen que completar una declaraci\u00f3n jurada, sino que suma elementos de seguridad, certidumbre y transparencia de los datos\u201d, subray\u00f3 el Gobernador.<\/p>\n\n\n\n<div class=\"wp-block-image is-style-default\"><figure class=\"aligncenter size-medium\"><img loading=\"lazy\" decoding=\"async\" width=\"460\" height=\"306\" src=\"http:\/\/infoecos.com.ar\/wp-content\/uploads\/2021\/08\/Image-2-460x306.jpeg\" alt=\"\" class=\"wp-image-82771\" srcset=\"https:\/\/infoecos.com.ar\/wp-content\/uploads\/2021\/08\/Image-2-460x306.jpeg 460w, https:\/\/infoecos.com.ar\/wp-content\/uploads\/2021\/08\/Image-2-920x613.jpeg 920w, https:\/\/infoecos.com.ar\/wp-content\/uploads\/2021\/08\/Image-2-768x512.jpeg 768w, https:\/\/infoecos.com.ar\/wp-content\/uploads\/2021\/08\/Image-2-1536x1020.jpeg 1536w, https:\/\/infoecos.com.ar\/wp-content\/uploads\/2021\/08\/Image-2-1024x682.jpeg 1024w, https:\/\/infoecos.com.ar\/wp-content\/uploads\/2021\/08\/Image-2-675x450.jpeg 675w, https:\/\/infoecos.com.ar\/wp-content\/uploads\/2021\/08\/Image-2.jpeg 1600w\" sizes=\"(max-width: 460px) 100vw, 460px\" \/><figcaption>Alak, Kicillof, Marc\u00f3 del Pont<\/figcaption><\/figure><\/div>\n\n\n\n<p>Al respecto, Marc\u00f3 del Pont se\u00f1al\u00f3 que \u201ceste esquema es una demostraci\u00f3n de lo que se puede lograr con cooperaci\u00f3n y coordinaci\u00f3n\u201d. \u201cEste sistema no solo alivia y disminuye la carga administrativa, sino que adem\u00e1s brinda mayor seguridad y confiabilidad\u201d, a\u00f1adi\u00f3.<\/p>\n\n\n\n<p>En 2020 se alcanz\u00f3 por primera vez en la historia un cumplimiento del 100% de las DDJJ de las m\u00e1ximas autoridades provinciales.&nbsp;<\/p>\n\n\n\n<p>Por otra parte, se cre\u00f3 la Red de Oficinas de Transparencia institucional, a la que suscribieron ayer 60 municipios, de manera virtual. Este \u00e1mbito permite asistir, capacitar y colaborar con las Declaraciones Juradas Patrimoniales; un Canal de Denuncias; elaboraci\u00f3n de c\u00f3digos de \u00c9tica P\u00fablica y protocolos de Gesti\u00f3n de Conflictos de Intereses.&nbsp;<\/p>\n\n\n\n<p>\u201cLa Provincia se empieza a poner al d\u00eda con una serie de instrumentos que ten\u00eda pendientes hace mucho tiempo\u201d, remarc\u00f3 el ministro Alak y a\u00f1adi\u00f3: \u201cLa Red de Oficinas de Transparencia va a sumar nuevas herramientas que mejorar\u00e1n los est\u00e1ndares de calidad y transparencia\u201d.<\/p>\n\n\n\n<p>Asimismo, con la presencia del presidente del Honorable Tribunal de Cuentas, Eduardo Grinberg, y del fiscal de Estado, Hern\u00e1n G\u00f3mez, se conform\u00f3 el primer Foro de Integridad, \u00c9tica P\u00fablica y Transparencia de la Provincia, el cual tiene el objetivo de proporcionar un espacio que nuclee a los 135 municipios con el fin de promover el di\u00e1logo y el trabajo colaborativo, y fomentar el intercambio de experiencias y pol\u00edticas activas en materia de transparencia, integridad y \u00e9tica p\u00fablica.&nbsp;<\/p>\n\n\n\n<p>Estuvo presente tambi\u00e9n la subsecretaria de Transparencia Institucional del Ministerio de Justicia y Derechos Humanos, Ana Laura Ramos<\/p>\n\n\n\n<div class=\"wp-block-image is-style-default\"><figure class=\"aligncenter size-medium\"><img loading=\"lazy\" decoding=\"async\" width=\"460\" height=\"306\" src=\"http:\/\/infoecos.com.ar\/wp-content\/uploads\/2021\/08\/Image-3-460x306.jpeg\" alt=\"\" class=\"wp-image-82772\" srcset=\"https:\/\/infoecos.com.ar\/wp-content\/uploads\/2021\/08\/Image-3-460x306.jpeg 460w, https:\/\/infoecos.com.ar\/wp-content\/uploads\/2021\/08\/Image-3-920x613.jpeg 920w, https:\/\/infoecos.com.ar\/wp-content\/uploads\/2021\/08\/Image-3-768x512.jpeg 768w, https:\/\/infoecos.com.ar\/wp-content\/uploads\/2021\/08\/Image-3-1536x1020.jpeg 1536w, https:\/\/infoecos.com.ar\/wp-content\/uploads\/2021\/08\/Image-3-1024x682.jpeg 1024w, https:\/\/infoecos.com.ar\/wp-content\/uploads\/2021\/08\/Image-3-675x450.jpeg 675w, https:\/\/infoecos.com.ar\/wp-content\/uploads\/2021\/08\/Image-3.jpeg 1600w\" sizes=\"(max-width: 460px) 100vw, 460px\" \/><figcaption>Funcionarios en anuncio nuevas Declaraciones Juradas<\/figcaption><\/figure><\/div>\n\n\n\n<p>Los municipios que adhirieron a la red de Oficinas de Transparencia Institucional son: Escobar; General Rodr\u00edguez; &nbsp;Hurlingham; &nbsp;Luj\u00e1n; Navarro; Malvinas Argentinas; Mercedes; Merlo; &nbsp;Moreno; Mor\u00f3n; San Mart\u00edn; Suipacha; General Las Heras; Baradero; Col\u00f3n; San Pedro; Z\u00e1rate; Carmen de Areco; San Andr\u00e9s de Giles; Berisso; Ezeiza; Ca\u00f1uelas; La Matanza; Lobos; Quilmes; Punta Indio; Berazategui; <strong>Alberti; Carlos Casares; General Pinto; Hip\u00f3lito Yrigoyen; Pehuaj\u00f3; Leandro N. Alem; Florentino Ameghino; Jun\u00edn<\/strong>; Castelli; Chascom\u00fas; General Belgrano; General Pueyrred\u00f3n; General Lavalle; San Miguel del Monte; Villa Gesell; &nbsp;Mar Chiquita; General Paz; General Guido;<strong> Adolfo Alsina; <strong>Alberti; Carlos Casares; General Pinto; Hip\u00f3lito Yrigoyen; Pehuaj\u00f3; Leandro N. Alem; Florentino Ameghino; Jun\u00edn<\/strong>; <\/strong>Adolfo Gonzales Chaves; Benito Ju\u00e1rez; Coronel Pringles<strong>; Coronel Su\u00e1rez; Guamin\u00ed; Laprida; Saavedra; Tornquist; Tres Lomas; Salliquel\u00f3; Daireaux<\/strong>; Villarino; Monte Hermoso; y Olavarr\u00eda.<\/p>\n","protected":false},"excerpt":{"rendered":"<p>Alberti; Carlos Casares; General Pinto; Hip\u00f3lito Yrigoyen; Pehuaj\u00f3; Leandro N. Alem; Florentino Ameghino; Jun\u00edn;  Alberti; Carlos Casares; General Pinto; Hip\u00f3lito Yrigoyen; Pehuaj\u00f3; Leandro N. Alem; Florentino Ameghino; Jun\u00edn; Coronel Su\u00e1rez; Guamin\u00ed; Laprida; Saavedra; Tornquist; Tres Lomas; Salliquel\u00f3; Daireaux<\/p>\n","protected":false},"author":2,"featured_media":82770,"comment_status":"closed","ping_status":"open","sticky":false,"template":"","format":"standard","meta":{"footnotes":""},"categories":[42],"tags":[4557],"class_list":["post-82769","post","type-post","status-publish","format-standard","has-post-thumbnail","hentry","category-inferior3","tag-pueden-adherir-los-135-distritos"],"yoast_head":"<!-- This site is optimized with the Yoast SEO plugin v23.4 - https:\/\/yoast.com\/wordpress\/plugins\/seo\/ -->\n<title>Nuevo sistema para Declaraciones Juradas Patrimoniales en provincia de Buenos Aires: adhirieron varios distritos de la zona - Infoecos<\/title>\n<meta name=\"robots\" content=\"index, follow, max-snippet:-1, max-image-preview:large, max-video-preview:-1\" \/>\n<link rel=\"canonical\" href=\"https:\/\/infoecos.com.ar\/index.php\/nuevo-sistema-para-declaraciones-juradas-patrimoniales-en-provincia-de-buenos-aires-adhirieron-varios-distritos-de-la-zona\/\" \/>\n<meta property=\"og:locale\" content=\"es_ES\" \/>\n<meta property=\"og:type\" content=\"article\" \/>\n<meta property=\"og:title\" content=\"Nuevo sistema para Declaraciones Juradas Patrimoniales en provincia de Buenos Aires: adhirieron varios distritos de la zona - Infoecos\" \/>\n<meta property=\"og:description\" content=\"Alberti; Carlos Casares; General Pinto; Hip\u00f3lito Yrigoyen; Pehuaj\u00f3; Leandro N. Alem; Florentino Ameghino; Jun\u00edn; Alberti; Carlos Casares; General Pinto; Hip\u00f3lito Yrigoyen; Pehuaj\u00f3; Leandro N. Alem; Florentino Ameghino; Jun\u00edn; Coronel Su\u00e1rez; Guamin\u00ed; Laprida; Saavedra; Tornquist; Tres Lomas; Salliquel\u00f3; Daireaux\" \/>\n<meta property=\"og:url\" content=\"https:\/\/infoecos.com.ar\/index.php\/nuevo-sistema-para-declaraciones-juradas-patrimoniales-en-provincia-de-buenos-aires-adhirieron-varios-distritos-de-la-zona\/\" \/>\n<meta property=\"og:site_name\" content=\"Infoecos\" \/>\n<meta property=\"article:publisher\" content=\"https:\/\/www.facebook.com\/profile.php?id=100063200290284\" \/>\n<meta property=\"article:published_time\" content=\"2021-08-06T05:14:04+00:00\" \/>\n<meta property=\"article:modified_time\" content=\"2021-08-07T07:20:24+00:00\" \/>\n<meta property=\"og:image\" content=\"https:\/\/infoecos.com.ar\/wp-content\/uploads\/2021\/08\/Image-1.jpeg\" \/>\n\t<meta property=\"og:image:width\" content=\"1600\" \/>\n\t<meta property=\"og:image:height\" content=\"1066\" \/>\n\t<meta property=\"og:image:type\" content=\"image\/jpeg\" \/>\n<meta name=\"author\" content=\"Jorge Matheus\" \/>\n<meta name=\"twitter:card\" content=\"summary_large_image\" \/>\n<meta name=\"twitter:creator\" content=\"@infoecos\" \/>\n<meta name=\"twitter:site\" content=\"@infoecos\" \/>\n<meta name=\"twitter:label1\" content=\"Escrito por\" \/>\n\t<meta name=\"twitter:data1\" content=\"Jorge Matheus\" \/>\n\t<meta name=\"twitter:label2\" content=\"Tiempo de lectura\" \/>\n\t<meta name=\"twitter:data2\" content=\"3 minutos\" \/>\n<script type=\"application\/ld+json\" class=\"yoast-schema-graph\">{\"@context\":\"https:\/\/schema.org\",\"@graph\":[{\"@type\":\"Article\",\"@id\":\"https:\/\/infoecos.com.ar\/index.php\/nuevo-sistema-para-declaraciones-juradas-patrimoniales-en-provincia-de-buenos-aires-adhirieron-varios-distritos-de-la-zona\/#article\",\"isPartOf\":{\"@id\":\"https:\/\/infoecos.com.ar\/index.php\/nuevo-sistema-para-declaraciones-juradas-patrimoniales-en-provincia-de-buenos-aires-adhirieron-varios-distritos-de-la-zona\/\"},\"author\":{\"name\":\"Jorge Matheus\",\"@id\":\"https:\/\/infoecos.com.ar\/#\/schema\/person\/8f5ace5ce73b4b4aac4b7245aee6f191\"},\"headline\":\"Nuevo sistema para Declaraciones Juradas Patrimoniales en provincia de Buenos Aires: adhirieron varios distritos de la zona\",\"datePublished\":\"2021-08-06T05:14:04+00:00\",\"dateModified\":\"2021-08-07T07:20:24+00:00\",\"mainEntityOfPage\":{\"@id\":\"https:\/\/infoecos.com.ar\/index.php\/nuevo-sistema-para-declaraciones-juradas-patrimoniales-en-provincia-de-buenos-aires-adhirieron-varios-distritos-de-la-zona\/\"},\"wordCount\":667,\"publisher\":{\"@id\":\"https:\/\/infoecos.com.ar\/#organization\"},\"image\":{\"@id\":\"https:\/\/infoecos.com.ar\/index.php\/nuevo-sistema-para-declaraciones-juradas-patrimoniales-en-provincia-de-buenos-aires-adhirieron-varios-distritos-de-la-zona\/#primaryimage\"},\"thumbnailUrl\":\"https:\/\/infoecos.com.ar\/wp-content\/uploads\/2021\/08\/Image-1.jpeg\",\"keywords\":[\"PUEDEN ADHERIR LOS 135 DISTRITOS\"],\"articleSection\":[\"Bloque inferior - 3\"],\"inLanguage\":\"es\"},{\"@type\":\"WebPage\",\"@id\":\"https:\/\/infoecos.com.ar\/index.php\/nuevo-sistema-para-declaraciones-juradas-patrimoniales-en-provincia-de-buenos-aires-adhirieron-varios-distritos-de-la-zona\/\",\"url\":\"https:\/\/infoecos.com.ar\/index.php\/nuevo-sistema-para-declaraciones-juradas-patrimoniales-en-provincia-de-buenos-aires-adhirieron-varios-distritos-de-la-zona\/\",\"name\":\"Nuevo sistema para Declaraciones Juradas Patrimoniales en provincia de Buenos Aires: adhirieron varios distritos de la zona - Infoecos\",\"isPartOf\":{\"@id\":\"https:\/\/infoecos.com.ar\/#website\"},\"primaryImageOfPage\":{\"@id\":\"https:\/\/infoecos.com.ar\/index.php\/nuevo-sistema-para-declaraciones-juradas-patrimoniales-en-provincia-de-buenos-aires-adhirieron-varios-distritos-de-la-zona\/#primaryimage\"},\"image\":{\"@id\":\"https:\/\/infoecos.com.ar\/index.php\/nuevo-sistema-para-declaraciones-juradas-patrimoniales-en-provincia-de-buenos-aires-adhirieron-varios-distritos-de-la-zona\/#primaryimage\"},\"thumbnailUrl\":\"https:\/\/infoecos.com.ar\/wp-content\/uploads\/2021\/08\/Image-1.jpeg\",\"datePublished\":\"2021-08-06T05:14:04+00:00\",\"dateModified\":\"2021-08-07T07:20:24+00:00\",\"breadcrumb\":{\"@id\":\"https:\/\/infoecos.com.ar\/index.php\/nuevo-sistema-para-declaraciones-juradas-patrimoniales-en-provincia-de-buenos-aires-adhirieron-varios-distritos-de-la-zona\/#breadcrumb\"},\"inLanguage\":\"es\",\"potentialAction\":[{\"@type\":\"ReadAction\",\"target\":[\"https:\/\/infoecos.com.ar\/index.php\/nuevo-sistema-para-declaraciones-juradas-patrimoniales-en-provincia-de-buenos-aires-adhirieron-varios-distritos-de-la-zona\/\"]}]},{\"@type\":\"ImageObject\",\"inLanguage\":\"es\",\"@id\":\"https:\/\/infoecos.com.ar\/index.php\/nuevo-sistema-para-declaraciones-juradas-patrimoniales-en-provincia-de-buenos-aires-adhirieron-varios-distritos-de-la-zona\/#primaryimage\",\"url\":\"https:\/\/infoecos.com.ar\/wp-content\/uploads\/2021\/08\/Image-1.jpeg\",\"contentUrl\":\"https:\/\/infoecos.com.ar\/wp-content\/uploads\/2021\/08\/Image-1.jpeg\",\"width\":1600,\"height\":1066},{\"@type\":\"BreadcrumbList\",\"@id\":\"https:\/\/infoecos.com.ar\/index.php\/nuevo-sistema-para-declaraciones-juradas-patrimoniales-en-provincia-de-buenos-aires-adhirieron-varios-distritos-de-la-zona\/#breadcrumb\",\"itemListElement\":[{\"@type\":\"ListItem\",\"position\":1,\"name\":\"Portada\",\"item\":\"https:\/\/infoecos.com.ar\/\"},{\"@type\":\"ListItem\",\"position\":2,\"name\":\"Nuevo sistema para Declaraciones Juradas Patrimoniales en provincia de Buenos Aires: adhirieron varios distritos de la zona\"}]},{\"@type\":\"WebSite\",\"@id\":\"https:\/\/infoecos.com.ar\/#website\",\"url\":\"https:\/\/infoecos.com.ar\/\",\"name\":\"Infoecos\",\"description\":\"Noticias de trenque lauquen y la zona\",\"publisher\":{\"@id\":\"https:\/\/infoecos.com.ar\/#organization\"},\"alternateName\":\"Noticias\",\"potentialAction\":[{\"@type\":\"SearchAction\",\"target\":{\"@type\":\"EntryPoint\",\"urlTemplate\":\"https:\/\/infoecos.com.ar\/?s={search_term_string}\"},\"query-input\":{\"@type\":\"PropertyValueSpecification\",\"valueRequired\":true,\"valueName\":\"search_term_string\"}}],\"inLanguage\":\"es\"},{\"@type\":\"Organization\",\"@id\":\"https:\/\/infoecos.com.ar\/#organization\",\"name\":\"Infoecos\",\"alternateName\":\"Noticias\",\"url\":\"https:\/\/infoecos.com.ar\/\",\"logo\":{\"@type\":\"ImageObject\",\"inLanguage\":\"es\",\"@id\":\"https:\/\/infoecos.com.ar\/#\/schema\/logo\/image\/\",\"url\":\"https:\/\/infoecos.com.ar\/wp-content\/uploads\/2024\/03\/cropped-logo.png\",\"contentUrl\":\"https:\/\/infoecos.com.ar\/wp-content\/uploads\/2024\/03\/cropped-logo.png\",\"width\":374,\"height\":90,\"caption\":\"Infoecos\"},\"image\":{\"@id\":\"https:\/\/infoecos.com.ar\/#\/schema\/logo\/image\/\"},\"sameAs\":[\"https:\/\/www.facebook.com\/profile.php?id=100063200290284\",\"https:\/\/x.com\/infoecos\"]},{\"@type\":\"Person\",\"@id\":\"https:\/\/infoecos.com.ar\/#\/schema\/person\/8f5ace5ce73b4b4aac4b7245aee6f191\",\"name\":\"Jorge Matheus\",\"url\":\"https:\/\/infoecos.com.ar\/index.php\/author\/jomatheus\/\"}]}<\/script>\n<!-- \/ Yoast SEO plugin. -->","yoast_head_json":{"title":"Nuevo sistema para Declaraciones Juradas Patrimoniales en provincia de Buenos Aires: adhirieron varios distritos de la zona - Infoecos","robots":{"index":"index","follow":"follow","max-snippet":"max-snippet:-1","max-image-preview":"max-image-preview:large","max-video-preview":"max-video-preview:-1"},"canonical":"https:\/\/infoecos.com.ar\/index.php\/nuevo-sistema-para-declaraciones-juradas-patrimoniales-en-provincia-de-buenos-aires-adhirieron-varios-distritos-de-la-zona\/","og_locale":"es_ES","og_type":"article","og_title":"Nuevo sistema para Declaraciones Juradas Patrimoniales en provincia de Buenos Aires: adhirieron varios distritos de la zona - Infoecos","og_description":"Alberti; Carlos Casares; General Pinto; Hip\u00f3lito Yrigoyen; Pehuaj\u00f3; Leandro N. Alem; Florentino Ameghino; Jun\u00edn; Alberti; Carlos Casares; General Pinto; Hip\u00f3lito Yrigoyen; Pehuaj\u00f3; Leandro N. Alem; Florentino Ameghino; Jun\u00edn; Coronel Su\u00e1rez; Guamin\u00ed; Laprida; Saavedra; Tornquist; Tres Lomas; Salliquel\u00f3; Daireaux","og_url":"https:\/\/infoecos.com.ar\/index.php\/nuevo-sistema-para-declaraciones-juradas-patrimoniales-en-provincia-de-buenos-aires-adhirieron-varios-distritos-de-la-zona\/","og_site_name":"Infoecos","article_publisher":"https:\/\/www.facebook.com\/profile.php?id=100063200290284","article_published_time":"2021-08-06T05:14:04+00:00","article_modified_time":"2021-08-07T07:20:24+00:00","og_image":[{"width":1600,"height":1066,"url":"https:\/\/infoecos.com.ar\/wp-content\/uploads\/2021\/08\/Image-1.jpeg","type":"image\/jpeg"}],"author":"Jorge Matheus","twitter_card":"summary_large_image","twitter_creator":"@infoecos","twitter_site":"@infoecos","twitter_misc":{"Escrito por":"Jorge Matheus","Tiempo de lectura":"3 minutos"},"schema":{"@context":"https:\/\/schema.org","@graph":[{"@type":"Article","@id":"https:\/\/infoecos.com.ar\/index.php\/nuevo-sistema-para-declaraciones-juradas-patrimoniales-en-provincia-de-buenos-aires-adhirieron-varios-distritos-de-la-zona\/#article","isPartOf":{"@id":"https:\/\/infoecos.com.ar\/index.php\/nuevo-sistema-para-declaraciones-juradas-patrimoniales-en-provincia-de-buenos-aires-adhirieron-varios-distritos-de-la-zona\/"},"author":{"name":"Jorge Matheus","@id":"https:\/\/infoecos.com.ar\/#\/schema\/person\/8f5ace5ce73b4b4aac4b7245aee6f191"},"headline":"Nuevo sistema para Declaraciones Juradas Patrimoniales en provincia de Buenos Aires: adhirieron varios distritos de la zona","datePublished":"2021-08-06T05:14:04+00:00","dateModified":"2021-08-07T07:20:24+00:00","mainEntityOfPage":{"@id":"https:\/\/infoecos.com.ar\/index.php\/nuevo-sistema-para-declaraciones-juradas-patrimoniales-en-provincia-de-buenos-aires-adhirieron-varios-distritos-de-la-zona\/"},"wordCount":667,"publisher":{"@id":"https:\/\/infoecos.com.ar\/#organization"},"image":{"@id":"https:\/\/infoecos.com.ar\/index.php\/nuevo-sistema-para-declaraciones-juradas-patrimoniales-en-provincia-de-buenos-aires-adhirieron-varios-distritos-de-la-zona\/#primaryimage"},"thumbnailUrl":"https:\/\/infoecos.com.ar\/wp-content\/uploads\/2021\/08\/Image-1.jpeg","keywords":["PUEDEN ADHERIR LOS 135 DISTRITOS"],"articleSection":["Bloque inferior - 3"],"inLanguage":"es"},{"@type":"WebPage","@id":"https:\/\/infoecos.com.ar\/index.php\/nuevo-sistema-para-declaraciones-juradas-patrimoniales-en-provincia-de-buenos-aires-adhirieron-varios-distritos-de-la-zona\/","url":"https:\/\/infoecos.com.ar\/index.php\/nuevo-sistema-para-declaraciones-juradas-patrimoniales-en-provincia-de-buenos-aires-adhirieron-varios-distritos-de-la-zona\/","name":"Nuevo sistema para Declaraciones Juradas Patrimoniales en provincia de Buenos Aires: adhirieron varios distritos de la zona - Infoecos","isPartOf":{"@id":"https:\/\/infoecos.com.ar\/#website"},"primaryImageOfPage":{"@id":"https:\/\/infoecos.com.ar\/index.php\/nuevo-sistema-para-declaraciones-juradas-patrimoniales-en-provincia-de-buenos-aires-adhirieron-varios-distritos-de-la-zona\/#primaryimage"},"image":{"@id":"https:\/\/infoecos.com.ar\/index.php\/nuevo-sistema-para-declaraciones-juradas-patrimoniales-en-provincia-de-buenos-aires-adhirieron-varios-distritos-de-la-zona\/#primaryimage"},"thumbnailUrl":"https:\/\/infoecos.com.ar\/wp-content\/uploads\/2021\/08\/Image-1.jpeg","datePublished":"2021-08-06T05:14:04+00:00","dateModified":"2021-08-07T07:20:24+00:00","breadcrumb":{"@id":"https:\/\/infoecos.com.ar\/index.php\/nuevo-sistema-para-declaraciones-juradas-patrimoniales-en-provincia-de-buenos-aires-adhirieron-varios-distritos-de-la-zona\/#breadcrumb"},"inLanguage":"es","potentialAction":[{"@type":"ReadAction","target":["https:\/\/infoecos.com.ar\/index.php\/nuevo-sistema-para-declaraciones-juradas-patrimoniales-en-provincia-de-buenos-aires-adhirieron-varios-distritos-de-la-zona\/"]}]},{"@type":"ImageObject","inLanguage":"es","@id":"https:\/\/infoecos.com.ar\/index.php\/nuevo-sistema-para-declaraciones-juradas-patrimoniales-en-provincia-de-buenos-aires-adhirieron-varios-distritos-de-la-zona\/#primaryimage","url":"https:\/\/infoecos.com.ar\/wp-content\/uploads\/2021\/08\/Image-1.jpeg","contentUrl":"https:\/\/infoecos.com.ar\/wp-content\/uploads\/2021\/08\/Image-1.jpeg","width":1600,"height":1066},{"@type":"BreadcrumbList","@id":"https:\/\/infoecos.com.ar\/index.php\/nuevo-sistema-para-declaraciones-juradas-patrimoniales-en-provincia-de-buenos-aires-adhirieron-varios-distritos-de-la-zona\/#breadcrumb","itemListElement":[{"@type":"ListItem","position":1,"name":"Portada","item":"https:\/\/infoecos.com.ar\/"},{"@type":"ListItem","position":2,"name":"Nuevo sistema para Declaraciones Juradas Patrimoniales en provincia de Buenos Aires: adhirieron varios distritos de la zona"}]},{"@type":"WebSite","@id":"https:\/\/infoecos.com.ar\/#website","url":"https:\/\/infoecos.com.ar\/","name":"Infoecos","description":"Noticias de trenque lauquen y la zona","publisher":{"@id":"https:\/\/infoecos.com.ar\/#organization"},"alternateName":"Noticias","potentialAction":[{"@type":"SearchAction","target":{"@type":"EntryPoint","urlTemplate":"https:\/\/infoecos.com.ar\/?s={search_term_string}"},"query-input":{"@type":"PropertyValueSpecification","valueRequired":true,"valueName":"search_term_string"}}],"inLanguage":"es"},{"@type":"Organization","@id":"https:\/\/infoecos.com.ar\/#organization","name":"Infoecos","alternateName":"Noticias","url":"https:\/\/infoecos.com.ar\/","logo":{"@type":"ImageObject","inLanguage":"es","@id":"https:\/\/infoecos.com.ar\/#\/schema\/logo\/image\/","url":"https:\/\/infoecos.com.ar\/wp-content\/uploads\/2024\/03\/cropped-logo.png","contentUrl":"https:\/\/infoecos.com.ar\/wp-content\/uploads\/2024\/03\/cropped-logo.png","width":374,"height":90,"caption":"Infoecos"},"image":{"@id":"https:\/\/infoecos.com.ar\/#\/schema\/logo\/image\/"},"sameAs":["https:\/\/www.facebook.com\/profile.php?id=100063200290284","https:\/\/x.com\/infoecos"]},{"@type":"Person","@id":"https:\/\/infoecos.com.ar\/#\/schema\/person\/8f5ace5ce73b4b4aac4b7245aee6f191","name":"Jorge Matheus","url":"https:\/\/infoecos.com.ar\/index.php\/author\/jomatheus\/"}]}},"featured_image_urls":{"full":["https:\/\/infoecos.com.ar\/wp-content\/uploads\/2021\/08\/Image-1.jpeg",1600,1066,false],"thumbnail":["https:\/\/infoecos.com.ar\/wp-content\/uploads\/2021\/08\/Image-1-150x150.jpeg",150,150,true],"medium":["https:\/\/infoecos.com.ar\/wp-content\/uploads\/2021\/08\/Image-1-460x306.jpeg",460,306,true],"medium_large":["https:\/\/infoecos.com.ar\/wp-content\/uploads\/2021\/08\/Image-1-768x512.jpeg",640,427,true],"large":["https:\/\/infoecos.com.ar\/wp-content\/uploads\/2021\/08\/Image-1-920x613.jpeg",640,426,true],"1536x1536":["https:\/\/infoecos.com.ar\/wp-content\/uploads\/2021\/08\/Image-1-1536x1023.jpeg",1536,1023,true],"2048x2048":["https:\/\/infoecos.com.ar\/wp-content\/uploads\/2021\/08\/Image-1.jpeg",1600,1066,false],"covernews-slider-full":["https:\/\/infoecos.com.ar\/wp-content\/uploads\/2021\/08\/Image-1-1536x1020.jpeg",1077,715,true],"covernews-slider-center":["https:\/\/infoecos.com.ar\/wp-content\/uploads\/2021\/08\/Image-1-936x897.jpeg",522,500,true],"covernews-featured":["https:\/\/infoecos.com.ar\/wp-content\/uploads\/2021\/08\/Image-1-1024x682.jpeg",1024,682,true],"covernews-medium":["https:\/\/infoecos.com.ar\/wp-content\/uploads\/2021\/08\/Image-1-720x380.jpeg",540,285,true],"covernews-medium-square":["https:\/\/infoecos.com.ar\/wp-content\/uploads\/2021\/08\/Image-1-675x450.jpeg",375,250,true]},"author_info":{"info":["Jorge Matheus"]},"category_info":"<a href=\"https:\/\/infoecos.com.ar\/index.php\/category\/inferior3\/\" rel=\"category tag\">Bloque inferior - 3<\/a>","tag_info":"Bloque inferior - 3","comment_count":"0","_links":{"self":[{"href":"https:\/\/infoecos.com.ar\/index.php\/wp-json\/wp\/v2\/posts\/82769"}],"collection":[{"href":"https:\/\/infoecos.com.ar\/index.php\/wp-json\/wp\/v2\/posts"}],"about":[{"href":"https:\/\/infoecos.com.ar\/index.php\/wp-json\/wp\/v2\/types\/post"}],"author":[{"embeddable":true,"href":"https:\/\/infoecos.com.ar\/index.php\/wp-json\/wp\/v2\/users\/2"}],"replies":[{"embeddable":true,"href":"https:\/\/infoecos.com.ar\/index.php\/wp-json\/wp\/v2\/comments?post=82769"}],"version-history":[{"count":2,"href":"https:\/\/infoecos.com.ar\/index.php\/wp-json\/wp\/v2\/posts\/82769\/revisions"}],"predecessor-version":[{"id":82866,"href":"https:\/\/infoecos.com.ar\/index.php\/wp-json\/wp\/v2\/posts\/82769\/revisions\/82866"}],"wp:featuredmedia":[{"embeddable":true,"href":"https:\/\/infoecos.com.ar\/index.php\/wp-json\/wp\/v2\/media\/82770"}],"wp:attachment":[{"href":"https:\/\/infoecos.com.ar\/index.php\/wp-json\/wp\/v2\/media?parent=82769"}],"wp:term":[{"taxonomy":"category","embeddable":true,"href":"https:\/\/infoecos.com.ar\/index.php\/wp-json\/wp\/v2\/categories?post=82769"},{"taxonomy":"post_tag","embeddable":true,"href":"https:\/\/infoecos.com.ar\/index.php\/wp-json\/wp\/v2\/tags?post=82769"}],"curies":[{"name":"wp","href":"https:\/\/api.w.org\/{rel}","templated":true}]}}