{"id":82779,"date":"2021-08-06T03:07:38","date_gmt":"2021-08-06T06:07:38","guid":{"rendered":"http:\/\/infoecos.com.ar\/?p=82779"},"modified":"2021-08-09T06:23:54","modified_gmt":"2021-08-09T09:23:54","slug":"el-municipio-de-trenque-lauquen-adjudico-la-compra-de-materiales-de-impermeabilizacion-para-la-escuela-tecnica","status":"publish","type":"post","link":"https:\/\/infoecos.com.ar\/index.php\/el-municipio-de-trenque-lauquen-adjudico-la-compra-de-materiales-de-impermeabilizacion-para-la-escuela-tecnica\/","title":{"rendered":"El municipio de Trenque Lauquen adjudic\u00f3 la compra de materiales de impermeabilizaci\u00f3n para la Escuela T\u00e9cnica"},"content":{"rendered":"\n<p class=\"wp-block-paragraph\">La municipalidad de Trenque Lauquen adjudic\u00f3 la Licitaci\u00f3n Privada n\u00ba25\/2021 a Pinturer\u00eda Urquiza S.R.L. por un valor 2.675.000 pesos para la compra de materiales de impermeabilizaci\u00f3n que ser\u00e1n utilizados en la obra de refacci\u00f3n de la Escuela T\u00e9cnica de Trenque Lauquen.<\/p>\n\n\n\n<div class=\"wp-block-image is-style-default\"><figure class=\"aligncenter size-medium\"><img decoding=\"async\" src=\"http:\/\/infoecos.com.ar\/wp-content\/uploads\/12112029_873841839336901_6568931409337412929_n-460x258.jpg\" alt=\"\" class=\"wp-image-28887\"\/><figcaption>Trenque Lauquen \nENET (ARCHIVO)<\/figcaption><\/figure><\/div>\n\n\n\n<p class=\"wp-block-paragraph\">La apertura de sobres correspondiente se hizo el 23 de julio pasado y tambi\u00e9n particip\u00f3 como oferente Jorge Dario Camacho.<\/p>\n","protected":false},"excerpt":{"rendered":"<p>La apertura de sobres correspondiente se hizo el 23 de julio pasado.  Valor 2.675.000 pesos<\/p>\n","protected":false},"author":2,"featured_media":28887,"comment_status":"closed","ping_status":"open","sticky":false,"template":"","format":"standard","meta":{"footnotes":""},"categories":[1333],"tags":[4559],"class_list":["post-82779","post","type-post","status-publish","format-standard","has-post-thumbnail","hentry","category-inferior13","tag-se-presentaron-dos-ofertas"],"featured_image_urls":{"full":"","thumbnail":"","medium":"","medium_large":"","large":"","1536x1536":"","2048x2048":"","covernews-slider-full":"","covernews-slider-center":"","covernews-featured":"","covernews-medium":"","covernews-medium-square":""},"author_info":{"info":["Jorge Matheus"]},"category_info":"<a href=\"https:\/\/infoecos.com.ar\/index.php\/category\/inferior13\/\" rel=\"category tag\">Bloque inferior - 13<\/a>","tag_info":"Bloque inferior - 13","comment_count":"0","_links":{"self":[{"href":"https:\/\/infoecos.com.ar\/index.php\/wp-json\/wp\/v2\/posts\/82779","targetHints":{"allow":["GET"]}}],"collection":[{"href":"https:\/\/infoecos.com.ar\/index.php\/wp-json\/wp\/v2\/posts"}],"about":[{"href":"https:\/\/infoecos.com.ar\/index.php\/wp-json\/wp\/v2\/types\/post"}],"author":[{"embeddable":true,"href":"https:\/\/infoecos.com.ar\/index.php\/wp-json\/wp\/v2\/users\/2"}],"replies":[{"embeddable":true,"href":"https:\/\/infoecos.com.ar\/index.php\/wp-json\/wp\/v2\/comments?post=82779"}],"version-history":[{"count":1,"href":"https:\/\/infoecos.com.ar\/index.php\/wp-json\/wp\/v2\/posts\/82779\/revisions"}],"predecessor-version":[{"id":82780,"href":"https:\/\/infoecos.com.ar\/index.php\/wp-json\/wp\/v2\/posts\/82779\/revisions\/82780"}],"wp:attachment":[{"href":"https:\/\/infoecos.com.ar\/index.php\/wp-json\/wp\/v2\/media?parent=82779"}],"wp:term":[{"taxonomy":"category","embeddable":true,"href":"https:\/\/infoecos.com.ar\/index.php\/wp-json\/wp\/v2\/categories?post=82779"},{"taxonomy":"post_tag","embeddable":true,"href":"https:\/\/infoecos.com.ar\/index.php\/wp-json\/wp\/v2\/tags?post=82779"}],"curies":[{"name":"wp","href":"https:\/\/api.w.org\/{rel}","templated":true}]}}