{"id":82783,"date":"2021-08-06T03:23:05","date_gmt":"2021-08-06T06:23:05","guid":{"rendered":"http:\/\/infoecos.com.ar\/?p=82783"},"modified":"2021-08-10T05:35:20","modified_gmt":"2021-08-10T08:35:20","slug":"canales-clandestinos-en-el-distrito-de-general-villegas-generan-la-reaccion-de-rivadavia-primero-en-el-concejo","status":"publish","type":"post","link":"https:\/\/infoecos.com.ar\/index.php\/canales-clandestinos-en-el-distrito-de-general-villegas-generan-la-reaccion-de-rivadavia-primero-en-el-concejo\/","title":{"rendered":"Canales clandestinos en el distrito de General Villegas generan la reacci\u00f3n de Rivadavia Primero en el Concejo"},"content":{"rendered":"\n<p class=\"wp-block-paragraph\">Los canales clandestinos en el sur de General Villegas siguen siendo una preocupaci\u00f3n por el riesgo que implica para Rivadavia, especialmente para la localidad de Sansinena. <\/p>\n\n\n\n<div class=\"wp-block-image is-style-default\"><figure class=\"aligncenter size-medium\"><img loading=\"lazy\" decoding=\"async\" width=\"460\" height=\"240\" src=\"http:\/\/infoecos.com.ar\/wp-content\/uploads\/2021\/08\/concejodeliberanteamerica-460x240.jpg\" alt=\"\" class=\"wp-image-82784\" srcset=\"https:\/\/infoecos.com.ar\/wp-content\/uploads\/2021\/08\/concejodeliberanteamerica-460x240.jpg 460w, https:\/\/infoecos.com.ar\/wp-content\/uploads\/2021\/08\/concejodeliberanteamerica-768x400.jpg 768w, https:\/\/infoecos.com.ar\/wp-content\/uploads\/2021\/08\/concejodeliberanteamerica.jpg 787w\" sizes=\"auto, (max-width: 460px) 100vw, 460px\" \/><\/figure><\/div>\n\n\n\n<p class=\"wp-block-paragraph\">El bloque Rivadavia Primero present\u00f3 un proyecto que buscar agotar la v\u00eda administrativa para poder ir a la Justicia, y que sea un magistrado ordene tapar esas canalizaciones ilegales.<\/p>\n\n\n\n<p class=\"wp-block-paragraph\">En 2019 le reclamaron al gobierno de Cambiemos, conducido por Mar\u00eda Eugenia Vidal. En 2020, insistieron ante las actuales autoridades bonaerenses, encabezadas por Axel Kicillof.<\/p>\n\n\n\n<p class=\"wp-block-paragraph\">Los canales clandestinos fueron detectados en el a\u00f1o 2017, motivando denuncias por parte de funcionarios de la Municipalidad de Rivadavia al representante regional de la Direcci\u00f3n Provincial de Hidr\u00e1ulica.<\/p>\n\n\n\n<p class=\"wp-block-paragraph\">La Municipalidad, por intermedio del intendente Javier Reynoso procedi\u00f3 a realizar 13 denuncias por escrito en 2018, sin respuesta alguna a la fecha. <\/p>\n\n\n\n<p class=\"wp-block-paragraph\">En el proyecto aprobado este jueves por unanimidad, se pide un \u201cpronto despacho\u201d. Es decir, se habilita al intendente a realizar una presentaci\u00f3n que da un plazo a las autoridades provinciales para que adopten medidas r\u00e1pidamente. <\/p>\n\n\n\n<p class=\"wp-block-paragraph\">Fuente: informaci\u00f3n acotada <strong>tiempodeloeste.com<\/strong><\/p>\n","protected":false},"excerpt":{"rendered":"<p>Los canales clandestinos fueron detectados en el a\u00f1o 2017. Desde aqu\u00e9l entonces motivan denuncias por parte de funcionarios de la Municipalidad de Rivadavia a la Direcci\u00f3n Provincial de Hidr\u00e1ulica<\/p>\n","protected":false},"author":2,"featured_media":82784,"comment_status":"closed","ping_status":"open","sticky":false,"template":"","format":"standard","meta":{"footnotes":""},"categories":[1643],"tags":[4561],"class_list":["post-82783","post","type-post","status-publish","format-standard","has-post-thumbnail","hentry","category-inferior16","tag-riesgo-para-sansinena"],"featured_image_urls":{"full":["https:\/\/infoecos.com.ar\/wp-content\/uploads\/2021\/08\/concejodeliberanteamerica.jpg",787,410,false],"thumbnail":["https:\/\/infoecos.com.ar\/wp-content\/uploads\/2021\/08\/concejodeliberanteamerica-150x150.jpg",150,150,true],"medium":["https:\/\/infoecos.com.ar\/wp-content\/uploads\/2021\/08\/concejodeliberanteamerica-460x240.jpg",460,240,true],"medium_large":["https:\/\/infoecos.com.ar\/wp-content\/uploads\/2021\/08\/concejodeliberanteamerica-768x400.jpg",640,333,true],"large":["https:\/\/infoecos.com.ar\/wp-content\/uploads\/2021\/08\/concejodeliberanteamerica.jpg",640,333,false],"1536x1536":["https:\/\/infoecos.com.ar\/wp-content\/uploads\/2021\/08\/concejodeliberanteamerica.jpg",787,410,false],"2048x2048":["https:\/\/infoecos.com.ar\/wp-content\/uploads\/2021\/08\/concejodeliberanteamerica.jpg",787,410,false],"covernews-slider-full":["https:\/\/infoecos.com.ar\/wp-content\/uploads\/2021\/08\/concejodeliberanteamerica.jpg",787,410,false],"covernews-slider-center":["https:\/\/infoecos.com.ar\/wp-content\/uploads\/2021\/08\/concejodeliberanteamerica.jpg",787,410,false],"covernews-featured":["https:\/\/infoecos.com.ar\/wp-content\/uploads\/2021\/08\/concejodeliberanteamerica.jpg",787,410,false],"covernews-medium":["https:\/\/infoecos.com.ar\/wp-content\/uploads\/2021\/08\/concejodeliberanteamerica-720x380.jpg",540,285,true],"covernews-medium-square":["https:\/\/infoecos.com.ar\/wp-content\/uploads\/2021\/08\/concejodeliberanteamerica-675x410.jpg",400,243,true]},"author_info":{"info":["Jorge Matheus"]},"category_info":"<a href=\"https:\/\/infoecos.com.ar\/index.php\/category\/inferior16\/\" rel=\"category tag\">Bloque inferior - 16<\/a>","tag_info":"Bloque inferior - 16","comment_count":"0","_links":{"self":[{"href":"https:\/\/infoecos.com.ar\/index.php\/wp-json\/wp\/v2\/posts\/82783","targetHints":{"allow":["GET"]}}],"collection":[{"href":"https:\/\/infoecos.com.ar\/index.php\/wp-json\/wp\/v2\/posts"}],"about":[{"href":"https:\/\/infoecos.com.ar\/index.php\/wp-json\/wp\/v2\/types\/post"}],"author":[{"embeddable":true,"href":"https:\/\/infoecos.com.ar\/index.php\/wp-json\/wp\/v2\/users\/2"}],"replies":[{"embeddable":true,"href":"https:\/\/infoecos.com.ar\/index.php\/wp-json\/wp\/v2\/comments?post=82783"}],"version-history":[{"count":1,"href":"https:\/\/infoecos.com.ar\/index.php\/wp-json\/wp\/v2\/posts\/82783\/revisions"}],"predecessor-version":[{"id":82785,"href":"https:\/\/infoecos.com.ar\/index.php\/wp-json\/wp\/v2\/posts\/82783\/revisions\/82785"}],"wp:featuredmedia":[{"embeddable":true,"href":"https:\/\/infoecos.com.ar\/index.php\/wp-json\/wp\/v2\/media\/82784"}],"wp:attachment":[{"href":"https:\/\/infoecos.com.ar\/index.php\/wp-json\/wp\/v2\/media?parent=82783"}],"wp:term":[{"taxonomy":"category","embeddable":true,"href":"https:\/\/infoecos.com.ar\/index.php\/wp-json\/wp\/v2\/categories?post=82783"},{"taxonomy":"post_tag","embeddable":true,"href":"https:\/\/infoecos.com.ar\/index.php\/wp-json\/wp\/v2\/tags?post=82783"}],"curies":[{"name":"wp","href":"https:\/\/api.w.org\/{rel}","templated":true}]}}