{"id":82838,"date":"2021-08-07T02:14:41","date_gmt":"2021-08-07T05:14:41","guid":{"rendered":"http:\/\/infoecos.com.ar\/?p=82838"},"modified":"2021-08-09T06:20:35","modified_gmt":"2021-08-09T09:20:35","slug":"en-carlos-casares-ya-se-han-vacunado-16-mil-vecinos-y-vecinas-contra-el-covid-19","status":"publish","type":"post","link":"https:\/\/infoecos.com.ar\/index.php\/en-carlos-casares-ya-se-han-vacunado-16-mil-vecinos-y-vecinas-contra-el-covid-19\/","title":{"rendered":"En Carlos Casares ya se han vacunado 16 mil vecinos y vecinas contra el COVID 19"},"content":{"rendered":"\n<p class=\"wp-block-paragraph\">El titular de Zona Sanitaria II, doctor Hern\u00e1ndez, visit\u00f3 el distrito de Carlos Casares. Se reuni\u00f3 con el intendente y tambi\u00e9n visit\u00f3 junto a la coordinadora general de la campa\u00f1a de vacunaci\u00f3n contra el COVID-19, Dra. Vanina Gandini, la posta donde ya se han vacunado m\u00e1s de 16.000 vecinos y vecinas.<\/p>\n\n\n\n<div class=\"wp-block-image is-style-default\"><figure class=\"aligncenter size-large\"><img loading=\"lazy\" decoding=\"async\" width=\"600\" height=\"314\" src=\"http:\/\/infoecos.com.ar\/wp-content\/uploads\/2021\/08\/hernandezgandini.jpg\" alt=\"\" class=\"wp-image-82839\" srcset=\"https:\/\/infoecos.com.ar\/wp-content\/uploads\/2021\/08\/hernandezgandini.jpg 600w, https:\/\/infoecos.com.ar\/wp-content\/uploads\/2021\/08\/hernandezgandini-460x241.jpg 460w\" sizes=\"auto, (max-width: 600px) 100vw, 600px\" \/><\/figure><\/div>\n\n\n\n<p class=\"wp-block-paragraph\">El profesional y funcionario manifest\u00f3 que \u00abdurante esta semana se contin\u00faa vacunando a un ritmo de 500 turnos diarios. Estamos orgullosos de la labor de cada trabajador de salud. Esta semana batimos un nuevo r\u00e9cord superando las 154.000 aplicaciones en solo un d\u00eda en la Provincia\u00bb.<\/p>\n\n\n\n<p class=\"wp-block-paragraph\">Hern\u00e1ndez agreg\u00f3 que \u00abya superamos los 10.000.000 de bonaerenses que han recibido al menos una dosis de la vacuna\u00bb.<\/p>\n","protected":false},"excerpt":{"rendered":"<p>El titular de Zona Sanitaria II, doctor Hern\u00e1ndez, visit\u00f3 el distrito de Carlos Casares. Se&#8230;<\/p>\n","protected":false},"author":2,"featured_media":82839,"comment_status":"closed","ping_status":"open","sticky":false,"template":"","format":"standard","meta":{"footnotes":""},"categories":[44],"tags":[4570],"class_list":["post-82838","post","type-post","status-publish","format-standard","has-post-thumbnail","hentry","category-inferior5","tag-lo-informo-el-titular-de-zona-sanitaria-ii"],"featured_image_urls":{"full":["https:\/\/infoecos.com.ar\/wp-content\/uploads\/2021\/08\/hernandezgandini.jpg",600,314,false],"thumbnail":["https:\/\/infoecos.com.ar\/wp-content\/uploads\/2021\/08\/hernandezgandini-150x150.jpg",150,150,true],"medium":["https:\/\/infoecos.com.ar\/wp-content\/uploads\/2021\/08\/hernandezgandini-460x241.jpg",460,241,true],"medium_large":["https:\/\/infoecos.com.ar\/wp-content\/uploads\/2021\/08\/hernandezgandini.jpg",600,314,false],"large":["https:\/\/infoecos.com.ar\/wp-content\/uploads\/2021\/08\/hernandezgandini.jpg",600,314,false],"1536x1536":["https:\/\/infoecos.com.ar\/wp-content\/uploads\/2021\/08\/hernandezgandini.jpg",600,314,false],"2048x2048":["https:\/\/infoecos.com.ar\/wp-content\/uploads\/2021\/08\/hernandezgandini.jpg",600,314,false],"covernews-slider-full":["https:\/\/infoecos.com.ar\/wp-content\/uploads\/2021\/08\/hernandezgandini.jpg",600,314,false],"covernews-slider-center":["https:\/\/infoecos.com.ar\/wp-content\/uploads\/2021\/08\/hernandezgandini.jpg",600,314,false],"covernews-featured":["https:\/\/infoecos.com.ar\/wp-content\/uploads\/2021\/08\/hernandezgandini.jpg",600,314,false],"covernews-medium":["https:\/\/infoecos.com.ar\/wp-content\/uploads\/2021\/08\/hernandezgandini.jpg",540,283,false],"covernews-medium-square":["https:\/\/infoecos.com.ar\/wp-content\/uploads\/2021\/08\/hernandezgandini.jpg",400,209,false]},"author_info":{"info":["Jorge Matheus"]},"category_info":"<a href=\"https:\/\/infoecos.com.ar\/index.php\/category\/inferior5\/\" rel=\"category tag\">Bloque inferior - 5<\/a>","tag_info":"Bloque inferior - 5","comment_count":"0","_links":{"self":[{"href":"https:\/\/infoecos.com.ar\/index.php\/wp-json\/wp\/v2\/posts\/82838","targetHints":{"allow":["GET"]}}],"collection":[{"href":"https:\/\/infoecos.com.ar\/index.php\/wp-json\/wp\/v2\/posts"}],"about":[{"href":"https:\/\/infoecos.com.ar\/index.php\/wp-json\/wp\/v2\/types\/post"}],"author":[{"embeddable":true,"href":"https:\/\/infoecos.com.ar\/index.php\/wp-json\/wp\/v2\/users\/2"}],"replies":[{"embeddable":true,"href":"https:\/\/infoecos.com.ar\/index.php\/wp-json\/wp\/v2\/comments?post=82838"}],"version-history":[{"count":1,"href":"https:\/\/infoecos.com.ar\/index.php\/wp-json\/wp\/v2\/posts\/82838\/revisions"}],"predecessor-version":[{"id":82840,"href":"https:\/\/infoecos.com.ar\/index.php\/wp-json\/wp\/v2\/posts\/82838\/revisions\/82840"}],"wp:featuredmedia":[{"embeddable":true,"href":"https:\/\/infoecos.com.ar\/index.php\/wp-json\/wp\/v2\/media\/82839"}],"wp:attachment":[{"href":"https:\/\/infoecos.com.ar\/index.php\/wp-json\/wp\/v2\/media?parent=82838"}],"wp:term":[{"taxonomy":"category","embeddable":true,"href":"https:\/\/infoecos.com.ar\/index.php\/wp-json\/wp\/v2\/categories?post=82838"},{"taxonomy":"post_tag","embeddable":true,"href":"https:\/\/infoecos.com.ar\/index.php\/wp-json\/wp\/v2\/tags?post=82838"}],"curies":[{"name":"wp","href":"https:\/\/api.w.org\/{rel}","templated":true}]}}