{"id":82850,"date":"2021-08-07T03:44:20","date_gmt":"2021-08-07T06:44:20","guid":{"rendered":"http:\/\/infoecos.com.ar\/?p=82850"},"modified":"2021-08-09T06:20:15","modified_gmt":"2021-08-09T09:20:15","slug":"17-medicos-del-hospital-interzonal-general-de-agudos-de-junin-elevaron-una-nota-de-renuncia-a-sus-cargos","status":"publish","type":"post","link":"https:\/\/infoecos.com.ar\/index.php\/17-medicos-del-hospital-interzonal-general-de-agudos-de-junin-elevaron-una-nota-de-renuncia-a-sus-cargos\/","title":{"rendered":"17 m\u00e9dicos del Hospital Interzonal General de Agudos de Jun\u00edn elevaron una nota de renuncia a sus cargos"},"content":{"rendered":"\n<p class=\"wp-block-paragraph\">En un comunicado, dirigido al director del Hospital Interzonal General de Agudos \u201cDr. Abraham F\u00e9lix Pi\u00f1eyro\u201d de Jun\u00edn,<strong>&nbsp;Sebasti\u00e1n Meneses,<\/strong>&nbsp;17&nbsp;m\u00e9dicos de guardia de este establecimiento sanitario presentaron su renuncia al cargo, tras denunciar \u201csobrecarga profesional\u201d, \u201cinequidad horaria bajo excusas inveros\u00edmiles\u201d, \u201cdestrato\u201d, \u201chostigamiento\u201d y \u201cpersecuci\u00f3n permanente\u201d.<\/p>\n\n\n\n<div class=\"wp-block-image is-style-default\"><figure class=\"aligncenter size-medium\"><img loading=\"lazy\" decoding=\"async\" width=\"460\" height=\"261\" src=\"http:\/\/infoecos.com.ar\/wp-content\/uploads\/2021\/08\/hospitaljunin-460x261.jpg\" alt=\"\" class=\"wp-image-82851\" srcset=\"https:\/\/infoecos.com.ar\/wp-content\/uploads\/2021\/08\/hospitaljunin-460x261.jpg 460w, https:\/\/infoecos.com.ar\/wp-content\/uploads\/2021\/08\/hospitaljunin.jpg 730w\" sizes=\"auto, (max-width: 460px) 100vw, 460px\" \/><figcaption>Foto y nota: Gentileza infonoroeste<\/figcaption><\/figure><\/div>\n\n\n\n<p class=\"wp-block-paragraph\">Meneses, sin embargo,&nbsp;manifest\u00f3 que a\u00fan no recibi\u00f3 ning\u00fan telegrama formal de renuncia.&nbsp;<strong>\u201cEsa nota no dice nada. Para renunciar se tiene que enviar el telegrama con 30 d\u00edas de anticipaci\u00f3n, que no transcurrieron, por lo que, legalmente, no tiene validez\u201d<\/strong>, afirm\u00f3 al diario Democracia.&nbsp;<\/p>\n\n\n\n<p class=\"wp-block-paragraph\">\u00abEstoy sorprendido por la nota y con muchos de los que habl\u00e9 no est\u00e1n seguros de renunciar. Creo que fue una decisi\u00f3n casi inconsulta, porque involucraron a gente que est\u00e1&nbsp; de vacaciones\u00bb, remarc\u00f3 por otra parte y finalmente dijo que \u00abel que quiera renunciar puede hacerlo y saldremos a buscar m\u00e9dicos. No podemos retenerlos\u201d.<\/p>\n","protected":false},"excerpt":{"rendered":"<p>El director del Hospital Interzonal General de Agudos \u201cDr. Abraham F\u00e9lix Pi\u00f1eyro\u201d de Jun\u00edn, Sebasti\u00e1n Meneses, dijo que la nota no \u00abdice nada\u00bb<\/p>\n","protected":false},"author":2,"featured_media":82851,"comment_status":"closed","ping_status":"open","sticky":false,"template":"","format":"standard","meta":{"footnotes":""},"categories":[43],"tags":[4574],"class_list":["post-82850","post","type-post","status-publish","format-standard","has-post-thumbnail","hentry","category-inferior4","tag-impacto-fuerte-en-junin"],"featured_image_urls":{"full":["https:\/\/infoecos.com.ar\/wp-content\/uploads\/2021\/08\/hospitaljunin.jpg",730,414,false],"thumbnail":["https:\/\/infoecos.com.ar\/wp-content\/uploads\/2021\/08\/hospitaljunin-150x150.jpg",150,150,true],"medium":["https:\/\/infoecos.com.ar\/wp-content\/uploads\/2021\/08\/hospitaljunin-460x261.jpg",460,261,true],"medium_large":["https:\/\/infoecos.com.ar\/wp-content\/uploads\/2021\/08\/hospitaljunin.jpg",640,363,false],"large":["https:\/\/infoecos.com.ar\/wp-content\/uploads\/2021\/08\/hospitaljunin.jpg",640,363,false],"1536x1536":["https:\/\/infoecos.com.ar\/wp-content\/uploads\/2021\/08\/hospitaljunin.jpg",730,414,false],"2048x2048":["https:\/\/infoecos.com.ar\/wp-content\/uploads\/2021\/08\/hospitaljunin.jpg",730,414,false],"covernews-slider-full":["https:\/\/infoecos.com.ar\/wp-content\/uploads\/2021\/08\/hospitaljunin.jpg",730,414,false],"covernews-slider-center":["https:\/\/infoecos.com.ar\/wp-content\/uploads\/2021\/08\/hospitaljunin.jpg",730,414,false],"covernews-featured":["https:\/\/infoecos.com.ar\/wp-content\/uploads\/2021\/08\/hospitaljunin.jpg",730,414,false],"covernews-medium":["https:\/\/infoecos.com.ar\/wp-content\/uploads\/2021\/08\/hospitaljunin-720x380.jpg",540,285,true],"covernews-medium-square":["https:\/\/infoecos.com.ar\/wp-content\/uploads\/2021\/08\/hospitaljunin-675x414.jpg",400,245,true]},"author_info":{"info":["Jorge Matheus"]},"category_info":"<a href=\"https:\/\/infoecos.com.ar\/index.php\/category\/inferior4\/\" rel=\"category tag\">Bloque inferior - 4<\/a>","tag_info":"Bloque inferior - 4","comment_count":"0","_links":{"self":[{"href":"https:\/\/infoecos.com.ar\/index.php\/wp-json\/wp\/v2\/posts\/82850","targetHints":{"allow":["GET"]}}],"collection":[{"href":"https:\/\/infoecos.com.ar\/index.php\/wp-json\/wp\/v2\/posts"}],"about":[{"href":"https:\/\/infoecos.com.ar\/index.php\/wp-json\/wp\/v2\/types\/post"}],"author":[{"embeddable":true,"href":"https:\/\/infoecos.com.ar\/index.php\/wp-json\/wp\/v2\/users\/2"}],"replies":[{"embeddable":true,"href":"https:\/\/infoecos.com.ar\/index.php\/wp-json\/wp\/v2\/comments?post=82850"}],"version-history":[{"count":2,"href":"https:\/\/infoecos.com.ar\/index.php\/wp-json\/wp\/v2\/posts\/82850\/revisions"}],"predecessor-version":[{"id":82997,"href":"https:\/\/infoecos.com.ar\/index.php\/wp-json\/wp\/v2\/posts\/82850\/revisions\/82997"}],"wp:featuredmedia":[{"embeddable":true,"href":"https:\/\/infoecos.com.ar\/index.php\/wp-json\/wp\/v2\/media\/82851"}],"wp:attachment":[{"href":"https:\/\/infoecos.com.ar\/index.php\/wp-json\/wp\/v2\/media?parent=82850"}],"wp:term":[{"taxonomy":"category","embeddable":true,"href":"https:\/\/infoecos.com.ar\/index.php\/wp-json\/wp\/v2\/categories?post=82850"},{"taxonomy":"post_tag","embeddable":true,"href":"https:\/\/infoecos.com.ar\/index.php\/wp-json\/wp\/v2\/tags?post=82850"}],"curies":[{"name":"wp","href":"https:\/\/api.w.org\/{rel}","templated":true}]}}