{"id":82871,"date":"2021-08-07T17:55:58","date_gmt":"2021-08-07T20:55:58","guid":{"rendered":"http:\/\/infoecos.com.ar\/?p=82871"},"modified":"2021-08-09T06:19:27","modified_gmt":"2021-08-09T09:19:27","slug":"la-ministra-de-salud-no-descarto-que-la-vacunacion-contra-el-coronavirus-sea-obligatoria","status":"publish","type":"post","link":"https:\/\/infoecos.com.ar\/index.php\/la-ministra-de-salud-no-descarto-que-la-vacunacion-contra-el-coronavirus-sea-obligatoria\/","title":{"rendered":"La ministra de Salud no descart\u00f3 que la vacunaci\u00f3n contra el coronavirus sea obligatoria"},"content":{"rendered":"\n<p class=\"wp-block-paragraph\">La ministra de Salud de la Naci\u00f3n,&nbsp;Carla Vizzotti, se refiri\u00f3 este s\u00e1bado a la posibilidad de que la aplicaci\u00f3n de la vacuna contra el coronavirus sea obligatoria y admiti\u00f3 que&nbsp;\u201ces una opci\u00f3n que no descartamos\u201d pero que por el momento \u201cno estamos en esa instancia\u201d.<\/p>\n\n\n\n<p class=\"wp-block-paragraph\">En di\u00e1logo con el programa Toma y Daca, la titular de la cartera sanitaria se refiri\u00f3 adem\u00e1s a la campa\u00f1a de inmunizaci\u00f3n que lleva adelante el Gobierno nacional y destac\u00f3 que \u201cquienes se vacunan reciben un beneficio individual y aportan en lo colectivo\u201d, adem\u00e1s de reafirmar, en l\u00ednea con lo dicho el presidente Alberto Fern\u00e1ndez d\u00edas atr\u00e1s, que \u201cagosto ser\u00e1 el mes de las segundas dosis\u201d.<\/p>\n\n\n\n<div class=\"wp-block-image is-style-default\"><figure class=\"aligncenter size-medium\"><img loading=\"lazy\" decoding=\"async\" width=\"460\" height=\"259\" src=\"http:\/\/infoecos.com.ar\/wp-content\/uploads\/2021\/08\/Vizzotti-460x259.jpg\" alt=\"\" class=\"wp-image-82872\" srcset=\"https:\/\/infoecos.com.ar\/wp-content\/uploads\/2021\/08\/Vizzotti-460x259.jpg 460w, https:\/\/infoecos.com.ar\/wp-content\/uploads\/2021\/08\/Vizzotti.jpg 640w\" sizes=\"auto, (max-width: 460px) 100vw, 460px\" \/><\/figure><\/div>\n\n\n\n<p class=\"wp-block-paragraph\">En ese sentido, Vizzotti&nbsp;<strong>coment\u00f3 que \u201cen Argentina la \u00fanica vacuna que no es obligatoria en esta instancia es la del Covid-19<\/strong>, por ser de emergencia, por la situaci\u00f3n extraordinaria y por toda la angustia que le puede generar a muchas personas no tener m\u00e1s informaci\u00f3n al respecto\u201d.<\/p>\n\n\n\n<p class=\"wp-block-paragraph\">\u201cHay que seguir trabajando para fortalecer la conciencia y que los que no se vacunaron adhieran. Apostamos a que la mayor\u00eda de las personas decida y acceda a aplicarse las dosis\u201d, explic\u00f3 la ministra.<\/p>\n\n\n\n<p class=\"wp-block-paragraph\">Por otra parte, la titular de Salud indic\u00f3 que las nuevas medidas que regir\u00e1n hasta el 1 de octubre, que incluyen la flexibilizaci\u00f3n de actividades recreativas y encuentros sociales, entre otras actividades se debe a que \u201ccon este DNU cambiamos la din\u00e1mica de los indicadores\u201d.<\/p>\n\n\n\n<p class=\"wp-block-paragraph\">\u201cEn Europa, por ejemplo&nbsp;<strong>el indicador m\u00e1s importante es el aumento de internaciones en terapia intensiva por Covid-19 y la tensi\u00f3n del sistema de salud.&nbsp;<\/strong>El par\u00e1metro de alerta va a estar indicado por eso ahora. Si logramos avanzar con la vacunaci\u00f3n la expectativa es que eso no suceda, o suceda en muy pocos lugares por poco tiempo\u201d, sostuvo la ministra.<\/p>\n\n\n\n<p class=\"wp-block-paragraph\">Por \u00faltimo, Vizzotti&nbsp;remarc\u00f3 que \u201cvemos en Europa lo que nos puede llegar a pasar y la diferencia es que Argentina ha logrado retrasar el ingreso de la variante Delta\u201d. Y a\u00f1adi\u00f3: \u201cHay alrededor de 100 casos identificados, pero de ninguna manera hay circulaci\u00f3n predominante que es lo que ha cambiado la din\u00e1mica de transmisi\u00f3n en otros pa\u00edses\u201d.<\/p>\n\n\n\n<p class=\"wp-block-paragraph\"><strong>Fuente textual: https:\/\/750.am\/<\/strong><\/p>\n","protected":false},"excerpt":{"rendered":"<p>Vizzotti coment\u00f3 que \u201cen Argentina la \u00fanica vacuna que no es obligatoria en esta instancia es la del Covid-19, por ser de emergencia, por la situaci\u00f3n extraordinaria y por toda la angustia que le puede generar a muchas personas no tener m\u00e1s informaci\u00f3n al respecto\u201d<\/p>\n","protected":false},"author":2,"featured_media":82872,"comment_status":"closed","ping_status":"open","sticky":false,"template":"","format":"standard","meta":{"footnotes":""},"categories":[41],"tags":[4578],"class_list":["post-82871","post","type-post","status-publish","format-standard","has-post-thumbnail","hentry","category-inferior2","tag-declaraciones-a-am-750"],"featured_image_urls":{"full":["https:\/\/infoecos.com.ar\/wp-content\/uploads\/2021\/08\/Vizzotti.jpg",640,360,false],"thumbnail":["https:\/\/infoecos.com.ar\/wp-content\/uploads\/2021\/08\/Vizzotti-150x150.jpg",150,150,true],"medium":["https:\/\/infoecos.com.ar\/wp-content\/uploads\/2021\/08\/Vizzotti-460x259.jpg",460,259,true],"medium_large":["https:\/\/infoecos.com.ar\/wp-content\/uploads\/2021\/08\/Vizzotti.jpg",640,360,false],"large":["https:\/\/infoecos.com.ar\/wp-content\/uploads\/2021\/08\/Vizzotti.jpg",640,360,false],"1536x1536":["https:\/\/infoecos.com.ar\/wp-content\/uploads\/2021\/08\/Vizzotti.jpg",640,360,false],"2048x2048":["https:\/\/infoecos.com.ar\/wp-content\/uploads\/2021\/08\/Vizzotti.jpg",640,360,false],"covernews-slider-full":["https:\/\/infoecos.com.ar\/wp-content\/uploads\/2021\/08\/Vizzotti.jpg",640,360,false],"covernews-slider-center":["https:\/\/infoecos.com.ar\/wp-content\/uploads\/2021\/08\/Vizzotti.jpg",640,360,false],"covernews-featured":["https:\/\/infoecos.com.ar\/wp-content\/uploads\/2021\/08\/Vizzotti.jpg",640,360,false],"covernews-medium":["https:\/\/infoecos.com.ar\/wp-content\/uploads\/2021\/08\/Vizzotti.jpg",540,304,false],"covernews-medium-square":["https:\/\/infoecos.com.ar\/wp-content\/uploads\/2021\/08\/Vizzotti.jpg",400,225,false]},"author_info":{"info":["Jorge Matheus"]},"category_info":"<a href=\"https:\/\/infoecos.com.ar\/index.php\/category\/inferior2\/\" rel=\"category tag\">Bloque inferior - 2<\/a>","tag_info":"Bloque inferior - 2","comment_count":"0","_links":{"self":[{"href":"https:\/\/infoecos.com.ar\/index.php\/wp-json\/wp\/v2\/posts\/82871","targetHints":{"allow":["GET"]}}],"collection":[{"href":"https:\/\/infoecos.com.ar\/index.php\/wp-json\/wp\/v2\/posts"}],"about":[{"href":"https:\/\/infoecos.com.ar\/index.php\/wp-json\/wp\/v2\/types\/post"}],"author":[{"embeddable":true,"href":"https:\/\/infoecos.com.ar\/index.php\/wp-json\/wp\/v2\/users\/2"}],"replies":[{"embeddable":true,"href":"https:\/\/infoecos.com.ar\/index.php\/wp-json\/wp\/v2\/comments?post=82871"}],"version-history":[{"count":2,"href":"https:\/\/infoecos.com.ar\/index.php\/wp-json\/wp\/v2\/posts\/82871\/revisions"}],"predecessor-version":[{"id":82996,"href":"https:\/\/infoecos.com.ar\/index.php\/wp-json\/wp\/v2\/posts\/82871\/revisions\/82996"}],"wp:featuredmedia":[{"embeddable":true,"href":"https:\/\/infoecos.com.ar\/index.php\/wp-json\/wp\/v2\/media\/82872"}],"wp:attachment":[{"href":"https:\/\/infoecos.com.ar\/index.php\/wp-json\/wp\/v2\/media?parent=82871"}],"wp:term":[{"taxonomy":"category","embeddable":true,"href":"https:\/\/infoecos.com.ar\/index.php\/wp-json\/wp\/v2\/categories?post=82871"},{"taxonomy":"post_tag","embeddable":true,"href":"https:\/\/infoecos.com.ar\/index.php\/wp-json\/wp\/v2\/tags?post=82871"}],"curies":[{"name":"wp","href":"https:\/\/api.w.org\/{rel}","templated":true}]}}