{"id":82961,"date":"2021-08-09T04:53:36","date_gmt":"2021-08-09T07:53:36","guid":{"rendered":"http:\/\/infoecos.com.ar\/?p=82961"},"modified":"2021-08-09T04:53:37","modified_gmt":"2021-08-09T07:53:37","slug":"no-hay-alerta-meteorologico-para-trenque-lauquen-si-para-bolivar-casares-tejedor-hipolito-yrigoyen-y-pehuajo","status":"publish","type":"post","link":"https:\/\/infoecos.com.ar\/index.php\/no-hay-alerta-meteorologico-para-trenque-lauquen-si-para-bolivar-casares-tejedor-hipolito-yrigoyen-y-pehuajo\/","title":{"rendered":"No hay alerta meteorol\u00f3gico para Trenque Lauquen, s\u00ed para Bol\u00edvar, Casares, Tejedor, Hip\u00f3lito Yrigoyen y Pehuaj\u00f3"},"content":{"rendered":"\n<p>El Servicio Meteorol\u00f3gico Nacional no anticipa que se producir\u00e1n fen\u00f3menos clim\u00e1ticos en esta zona de la provincia de Buenos Aires.<\/p>\n\n\n\n<p>En su \u00faltima actualizaci\u00f3n del domingo No se esperan fen\u00f3menos meteorol\u00f3gicos que impliquen riesgos.<\/p>\n\n\n\n<div class=\"wp-block-image is-style-default\"><figure class=\"aligncenter size-large\"><img loading=\"lazy\" decoding=\"async\" width=\"540\" height=\"920\" src=\"http:\/\/infoecos.com.ar\/wp-content\/uploads\/2021\/08\/radares-540x920.png\" alt=\"\" class=\"wp-image-82963\" srcset=\"https:\/\/infoecos.com.ar\/wp-content\/uploads\/2021\/08\/radares-540x920.png 540w, https:\/\/infoecos.com.ar\/wp-content\/uploads\/2021\/08\/radares-270x460.png 270w, https:\/\/infoecos.com.ar\/wp-content\/uploads\/2021\/08\/radares-768x1308.png 768w, https:\/\/infoecos.com.ar\/wp-content\/uploads\/2021\/08\/radares.png 802w\" sizes=\"(max-width: 540px) 100vw, 540px\" \/><figcaption>Im\u00e1gen de radare<\/figcaption><\/figure><\/div>\n\n\n\n<p>El organismo dependiente del ministerio de Obras P\u00fablicas apunt\u00f3 que posibles fen\u00f3menos meteorol\u00f3gicos con capacidad de da\u00f1o y riesgo de interrupci\u00f3n moment\u00e1nea de actividades cotidianas, podr\u00edan darse en <strong>Azul &#8211; Rauch &#8211; Tapalqu\u00e9 &#8211; Zona baja de Benito Ju\u00e1rez &#8211; Zona baja de Tandil &#8211; Bol\u00edvar &#8211; Carlos Casares &#8211; Carlos Tejedor &#8211; Hip\u00f3lito Yrigoyen &#8211; Pehuaj\u00f3<\/strong>. <\/p>\n\n\n\n<p>Apunta que el \u00e1rea se\u00f1alada en negritas ser\u00e1 afectada por lluvias y tormentas, algunas localmente fuertes, las cuales podr\u00e1n estar acompa\u00f1adas fundamentalmente por abundante ca\u00edda de agua en cortos periodos, r\u00e1fagas y ocasional ca\u00edda de granizo. Se esperan valores de precipitaci\u00f3n acumulada entre 30 y 60 mm. pudiendo ser superados de forma puntual.<\/p>\n\n\n\n<p>Para Trenque Lauquen el pron\u00f3stico de lluvia est\u00e1 en estos porcentajes: 10 &#8211; 40%. El viento soplar\u00e1 del Este a una velocidad de 23 a 31 kil\u00f3metros. <\/p>\n\n\n\n<p>Se pronostica una temperatura m\u00ednima de 5\u00b0 y una m\u00e1xima de 12\u00b0.<\/p>\n","protected":false},"excerpt":{"rendered":"<p>Para Trenque Lauquen el pron\u00f3stico de lluvia est\u00e1 en estos porcentajes: 10 &#8211; 40%. El viento soplar\u00e1 del Este a una velocidad de 23 a 31 kil\u00f3metros<\/p>\n","protected":false},"author":2,"featured_media":82962,"comment_status":"closed","ping_status":"open","sticky":false,"template":"","format":"standard","meta":{"footnotes":""},"categories":[24],"tags":[4587],"class_list":["post-82961","post","type-post","status-publish","format-standard","has-post-thumbnail","hentry","category-c1nota3","tag-clima-en-la-region"],"yoast_head":"<!-- This site is optimized with the Yoast SEO plugin v23.4 - https:\/\/yoast.com\/wordpress\/plugins\/seo\/ -->\n<title>No hay alerta meteorol\u00f3gico para Trenque Lauquen, s\u00ed para Bol\u00edvar, Casares, Tejedor, Hip\u00f3lito Yrigoyen y Pehuaj\u00f3 - Infoecos<\/title>\n<meta name=\"robots\" content=\"index, follow, max-snippet:-1, max-image-preview:large, max-video-preview:-1\" \/>\n<link rel=\"canonical\" href=\"https:\/\/infoecos.com.ar\/index.php\/no-hay-alerta-meteorologico-para-trenque-lauquen-si-para-bolivar-casares-tejedor-hipolito-yrigoyen-y-pehuajo\/\" \/>\n<meta property=\"og:locale\" content=\"es_ES\" \/>\n<meta property=\"og:type\" content=\"article\" \/>\n<meta property=\"og:title\" content=\"No hay alerta meteorol\u00f3gico para Trenque Lauquen, s\u00ed para Bol\u00edvar, Casares, Tejedor, Hip\u00f3lito Yrigoyen y Pehuaj\u00f3 - Infoecos\" \/>\n<meta property=\"og:description\" content=\"Para Trenque Lauquen el pron\u00f3stico de lluvia est\u00e1 en estos porcentajes: 10 - 40%. El viento soplar\u00e1 del Este a una velocidad de 23 a 31 kil\u00f3metros\" \/>\n<meta property=\"og:url\" content=\"https:\/\/infoecos.com.ar\/index.php\/no-hay-alerta-meteorologico-para-trenque-lauquen-si-para-bolivar-casares-tejedor-hipolito-yrigoyen-y-pehuajo\/\" \/>\n<meta property=\"og:site_name\" content=\"Infoecos\" \/>\n<meta property=\"article:publisher\" content=\"https:\/\/www.facebook.com\/profile.php?id=100063200290284\" \/>\n<meta property=\"article:published_time\" content=\"2021-08-09T07:53:36+00:00\" \/>\n<meta property=\"article:modified_time\" content=\"2021-08-09T07:53:37+00:00\" \/>\n<meta property=\"og:image\" content=\"https:\/\/infoecos.com.ar\/wp-content\/uploads\/2021\/08\/72.png\" \/>\n\t<meta property=\"og:image:width\" content=\"257\" \/>\n\t<meta property=\"og:image:height\" content=\"256\" \/>\n\t<meta property=\"og:image:type\" content=\"image\/png\" \/>\n<meta name=\"author\" content=\"Jorge Matheus\" \/>\n<meta name=\"twitter:card\" content=\"summary_large_image\" \/>\n<meta name=\"twitter:creator\" content=\"@infoecos\" \/>\n<meta name=\"twitter:site\" content=\"@infoecos\" \/>\n<meta name=\"twitter:label1\" content=\"Escrito por\" \/>\n\t<meta name=\"twitter:data1\" content=\"Jorge Matheus\" \/>\n\t<meta name=\"twitter:label2\" content=\"Tiempo de lectura\" \/>\n\t<meta name=\"twitter:data2\" content=\"1 minuto\" \/>\n<script type=\"application\/ld+json\" class=\"yoast-schema-graph\">{\"@context\":\"https:\/\/schema.org\",\"@graph\":[{\"@type\":\"Article\",\"@id\":\"https:\/\/infoecos.com.ar\/index.php\/no-hay-alerta-meteorologico-para-trenque-lauquen-si-para-bolivar-casares-tejedor-hipolito-yrigoyen-y-pehuajo\/#article\",\"isPartOf\":{\"@id\":\"https:\/\/infoecos.com.ar\/index.php\/no-hay-alerta-meteorologico-para-trenque-lauquen-si-para-bolivar-casares-tejedor-hipolito-yrigoyen-y-pehuajo\/\"},\"author\":{\"name\":\"Jorge Matheus\",\"@id\":\"https:\/\/infoecos.com.ar\/#\/schema\/person\/8f5ace5ce73b4b4aac4b7245aee6f191\"},\"headline\":\"No hay alerta meteorol\u00f3gico para Trenque Lauquen, s\u00ed para Bol\u00edvar, Casares, Tejedor, Hip\u00f3lito Yrigoyen y Pehuaj\u00f3\",\"datePublished\":\"2021-08-09T07:53:36+00:00\",\"dateModified\":\"2021-08-09T07:53:37+00:00\",\"mainEntityOfPage\":{\"@id\":\"https:\/\/infoecos.com.ar\/index.php\/no-hay-alerta-meteorologico-para-trenque-lauquen-si-para-bolivar-casares-tejedor-hipolito-yrigoyen-y-pehuajo\/\"},\"wordCount\":226,\"publisher\":{\"@id\":\"https:\/\/infoecos.com.ar\/#organization\"},\"image\":{\"@id\":\"https:\/\/infoecos.com.ar\/index.php\/no-hay-alerta-meteorologico-para-trenque-lauquen-si-para-bolivar-casares-tejedor-hipolito-yrigoyen-y-pehuajo\/#primaryimage\"},\"thumbnailUrl\":\"https:\/\/infoecos.com.ar\/wp-content\/uploads\/2021\/08\/72.png\",\"keywords\":[\"CLIMA EN LA REGI\u00d3N\"],\"articleSection\":[\"C1 N3\"],\"inLanguage\":\"es\"},{\"@type\":\"WebPage\",\"@id\":\"https:\/\/infoecos.com.ar\/index.php\/no-hay-alerta-meteorologico-para-trenque-lauquen-si-para-bolivar-casares-tejedor-hipolito-yrigoyen-y-pehuajo\/\",\"url\":\"https:\/\/infoecos.com.ar\/index.php\/no-hay-alerta-meteorologico-para-trenque-lauquen-si-para-bolivar-casares-tejedor-hipolito-yrigoyen-y-pehuajo\/\",\"name\":\"No hay alerta meteorol\u00f3gico para Trenque Lauquen, s\u00ed para Bol\u00edvar, Casares, Tejedor, Hip\u00f3lito Yrigoyen y Pehuaj\u00f3 - Infoecos\",\"isPartOf\":{\"@id\":\"https:\/\/infoecos.com.ar\/#website\"},\"primaryImageOfPage\":{\"@id\":\"https:\/\/infoecos.com.ar\/index.php\/no-hay-alerta-meteorologico-para-trenque-lauquen-si-para-bolivar-casares-tejedor-hipolito-yrigoyen-y-pehuajo\/#primaryimage\"},\"image\":{\"@id\":\"https:\/\/infoecos.com.ar\/index.php\/no-hay-alerta-meteorologico-para-trenque-lauquen-si-para-bolivar-casares-tejedor-hipolito-yrigoyen-y-pehuajo\/#primaryimage\"},\"thumbnailUrl\":\"https:\/\/infoecos.com.ar\/wp-content\/uploads\/2021\/08\/72.png\",\"datePublished\":\"2021-08-09T07:53:36+00:00\",\"dateModified\":\"2021-08-09T07:53:37+00:00\",\"breadcrumb\":{\"@id\":\"https:\/\/infoecos.com.ar\/index.php\/no-hay-alerta-meteorologico-para-trenque-lauquen-si-para-bolivar-casares-tejedor-hipolito-yrigoyen-y-pehuajo\/#breadcrumb\"},\"inLanguage\":\"es\",\"potentialAction\":[{\"@type\":\"ReadAction\",\"target\":[\"https:\/\/infoecos.com.ar\/index.php\/no-hay-alerta-meteorologico-para-trenque-lauquen-si-para-bolivar-casares-tejedor-hipolito-yrigoyen-y-pehuajo\/\"]}]},{\"@type\":\"ImageObject\",\"inLanguage\":\"es\",\"@id\":\"https:\/\/infoecos.com.ar\/index.php\/no-hay-alerta-meteorologico-para-trenque-lauquen-si-para-bolivar-casares-tejedor-hipolito-yrigoyen-y-pehuajo\/#primaryimage\",\"url\":\"https:\/\/infoecos.com.ar\/wp-content\/uploads\/2021\/08\/72.png\",\"contentUrl\":\"https:\/\/infoecos.com.ar\/wp-content\/uploads\/2021\/08\/72.png\",\"width\":257,\"height\":256},{\"@type\":\"BreadcrumbList\",\"@id\":\"https:\/\/infoecos.com.ar\/index.php\/no-hay-alerta-meteorologico-para-trenque-lauquen-si-para-bolivar-casares-tejedor-hipolito-yrigoyen-y-pehuajo\/#breadcrumb\",\"itemListElement\":[{\"@type\":\"ListItem\",\"position\":1,\"name\":\"Portada\",\"item\":\"https:\/\/infoecos.com.ar\/\"},{\"@type\":\"ListItem\",\"position\":2,\"name\":\"No hay alerta meteorol\u00f3gico para Trenque Lauquen, s\u00ed para Bol\u00edvar, Casares, Tejedor, Hip\u00f3lito Yrigoyen y Pehuaj\u00f3\"}]},{\"@type\":\"WebSite\",\"@id\":\"https:\/\/infoecos.com.ar\/#website\",\"url\":\"https:\/\/infoecos.com.ar\/\",\"name\":\"Infoecos\",\"description\":\"Noticias de trenque lauquen y la zona\",\"publisher\":{\"@id\":\"https:\/\/infoecos.com.ar\/#organization\"},\"alternateName\":\"Noticias\",\"potentialAction\":[{\"@type\":\"SearchAction\",\"target\":{\"@type\":\"EntryPoint\",\"urlTemplate\":\"https:\/\/infoecos.com.ar\/?s={search_term_string}\"},\"query-input\":{\"@type\":\"PropertyValueSpecification\",\"valueRequired\":true,\"valueName\":\"search_term_string\"}}],\"inLanguage\":\"es\"},{\"@type\":\"Organization\",\"@id\":\"https:\/\/infoecos.com.ar\/#organization\",\"name\":\"Infoecos\",\"alternateName\":\"Noticias\",\"url\":\"https:\/\/infoecos.com.ar\/\",\"logo\":{\"@type\":\"ImageObject\",\"inLanguage\":\"es\",\"@id\":\"https:\/\/infoecos.com.ar\/#\/schema\/logo\/image\/\",\"url\":\"https:\/\/infoecos.com.ar\/wp-content\/uploads\/2024\/03\/cropped-logo.png\",\"contentUrl\":\"https:\/\/infoecos.com.ar\/wp-content\/uploads\/2024\/03\/cropped-logo.png\",\"width\":374,\"height\":90,\"caption\":\"Infoecos\"},\"image\":{\"@id\":\"https:\/\/infoecos.com.ar\/#\/schema\/logo\/image\/\"},\"sameAs\":[\"https:\/\/www.facebook.com\/profile.php?id=100063200290284\",\"https:\/\/x.com\/infoecos\"]},{\"@type\":\"Person\",\"@id\":\"https:\/\/infoecos.com.ar\/#\/schema\/person\/8f5ace5ce73b4b4aac4b7245aee6f191\",\"name\":\"Jorge Matheus\",\"url\":\"https:\/\/infoecos.com.ar\/index.php\/author\/jomatheus\/\"}]}<\/script>\n<!-- \/ Yoast SEO plugin. -->","yoast_head_json":{"title":"No hay alerta meteorol\u00f3gico para Trenque Lauquen, s\u00ed para Bol\u00edvar, Casares, Tejedor, Hip\u00f3lito Yrigoyen y Pehuaj\u00f3 - Infoecos","robots":{"index":"index","follow":"follow","max-snippet":"max-snippet:-1","max-image-preview":"max-image-preview:large","max-video-preview":"max-video-preview:-1"},"canonical":"https:\/\/infoecos.com.ar\/index.php\/no-hay-alerta-meteorologico-para-trenque-lauquen-si-para-bolivar-casares-tejedor-hipolito-yrigoyen-y-pehuajo\/","og_locale":"es_ES","og_type":"article","og_title":"No hay alerta meteorol\u00f3gico para Trenque Lauquen, s\u00ed para Bol\u00edvar, Casares, Tejedor, Hip\u00f3lito Yrigoyen y Pehuaj\u00f3 - Infoecos","og_description":"Para Trenque Lauquen el pron\u00f3stico de lluvia est\u00e1 en estos porcentajes: 10 - 40%. El viento soplar\u00e1 del Este a una velocidad de 23 a 31 kil\u00f3metros","og_url":"https:\/\/infoecos.com.ar\/index.php\/no-hay-alerta-meteorologico-para-trenque-lauquen-si-para-bolivar-casares-tejedor-hipolito-yrigoyen-y-pehuajo\/","og_site_name":"Infoecos","article_publisher":"https:\/\/www.facebook.com\/profile.php?id=100063200290284","article_published_time":"2021-08-09T07:53:36+00:00","article_modified_time":"2021-08-09T07:53:37+00:00","og_image":[{"width":257,"height":256,"url":"https:\/\/infoecos.com.ar\/wp-content\/uploads\/2021\/08\/72.png","type":"image\/png"}],"author":"Jorge Matheus","twitter_card":"summary_large_image","twitter_creator":"@infoecos","twitter_site":"@infoecos","twitter_misc":{"Escrito por":"Jorge Matheus","Tiempo de lectura":"1 minuto"},"schema":{"@context":"https:\/\/schema.org","@graph":[{"@type":"Article","@id":"https:\/\/infoecos.com.ar\/index.php\/no-hay-alerta-meteorologico-para-trenque-lauquen-si-para-bolivar-casares-tejedor-hipolito-yrigoyen-y-pehuajo\/#article","isPartOf":{"@id":"https:\/\/infoecos.com.ar\/index.php\/no-hay-alerta-meteorologico-para-trenque-lauquen-si-para-bolivar-casares-tejedor-hipolito-yrigoyen-y-pehuajo\/"},"author":{"name":"Jorge Matheus","@id":"https:\/\/infoecos.com.ar\/#\/schema\/person\/8f5ace5ce73b4b4aac4b7245aee6f191"},"headline":"No hay alerta meteorol\u00f3gico para Trenque Lauquen, s\u00ed para Bol\u00edvar, Casares, Tejedor, Hip\u00f3lito Yrigoyen y Pehuaj\u00f3","datePublished":"2021-08-09T07:53:36+00:00","dateModified":"2021-08-09T07:53:37+00:00","mainEntityOfPage":{"@id":"https:\/\/infoecos.com.ar\/index.php\/no-hay-alerta-meteorologico-para-trenque-lauquen-si-para-bolivar-casares-tejedor-hipolito-yrigoyen-y-pehuajo\/"},"wordCount":226,"publisher":{"@id":"https:\/\/infoecos.com.ar\/#organization"},"image":{"@id":"https:\/\/infoecos.com.ar\/index.php\/no-hay-alerta-meteorologico-para-trenque-lauquen-si-para-bolivar-casares-tejedor-hipolito-yrigoyen-y-pehuajo\/#primaryimage"},"thumbnailUrl":"https:\/\/infoecos.com.ar\/wp-content\/uploads\/2021\/08\/72.png","keywords":["CLIMA EN LA REGI\u00d3N"],"articleSection":["C1 N3"],"inLanguage":"es"},{"@type":"WebPage","@id":"https:\/\/infoecos.com.ar\/index.php\/no-hay-alerta-meteorologico-para-trenque-lauquen-si-para-bolivar-casares-tejedor-hipolito-yrigoyen-y-pehuajo\/","url":"https:\/\/infoecos.com.ar\/index.php\/no-hay-alerta-meteorologico-para-trenque-lauquen-si-para-bolivar-casares-tejedor-hipolito-yrigoyen-y-pehuajo\/","name":"No hay alerta meteorol\u00f3gico para Trenque Lauquen, s\u00ed para Bol\u00edvar, Casares, Tejedor, Hip\u00f3lito Yrigoyen y Pehuaj\u00f3 - Infoecos","isPartOf":{"@id":"https:\/\/infoecos.com.ar\/#website"},"primaryImageOfPage":{"@id":"https:\/\/infoecos.com.ar\/index.php\/no-hay-alerta-meteorologico-para-trenque-lauquen-si-para-bolivar-casares-tejedor-hipolito-yrigoyen-y-pehuajo\/#primaryimage"},"image":{"@id":"https:\/\/infoecos.com.ar\/index.php\/no-hay-alerta-meteorologico-para-trenque-lauquen-si-para-bolivar-casares-tejedor-hipolito-yrigoyen-y-pehuajo\/#primaryimage"},"thumbnailUrl":"https:\/\/infoecos.com.ar\/wp-content\/uploads\/2021\/08\/72.png","datePublished":"2021-08-09T07:53:36+00:00","dateModified":"2021-08-09T07:53:37+00:00","breadcrumb":{"@id":"https:\/\/infoecos.com.ar\/index.php\/no-hay-alerta-meteorologico-para-trenque-lauquen-si-para-bolivar-casares-tejedor-hipolito-yrigoyen-y-pehuajo\/#breadcrumb"},"inLanguage":"es","potentialAction":[{"@type":"ReadAction","target":["https:\/\/infoecos.com.ar\/index.php\/no-hay-alerta-meteorologico-para-trenque-lauquen-si-para-bolivar-casares-tejedor-hipolito-yrigoyen-y-pehuajo\/"]}]},{"@type":"ImageObject","inLanguage":"es","@id":"https:\/\/infoecos.com.ar\/index.php\/no-hay-alerta-meteorologico-para-trenque-lauquen-si-para-bolivar-casares-tejedor-hipolito-yrigoyen-y-pehuajo\/#primaryimage","url":"https:\/\/infoecos.com.ar\/wp-content\/uploads\/2021\/08\/72.png","contentUrl":"https:\/\/infoecos.com.ar\/wp-content\/uploads\/2021\/08\/72.png","width":257,"height":256},{"@type":"BreadcrumbList","@id":"https:\/\/infoecos.com.ar\/index.php\/no-hay-alerta-meteorologico-para-trenque-lauquen-si-para-bolivar-casares-tejedor-hipolito-yrigoyen-y-pehuajo\/#breadcrumb","itemListElement":[{"@type":"ListItem","position":1,"name":"Portada","item":"https:\/\/infoecos.com.ar\/"},{"@type":"ListItem","position":2,"name":"No hay alerta meteorol\u00f3gico para Trenque Lauquen, s\u00ed para Bol\u00edvar, Casares, Tejedor, Hip\u00f3lito Yrigoyen y Pehuaj\u00f3"}]},{"@type":"WebSite","@id":"https:\/\/infoecos.com.ar\/#website","url":"https:\/\/infoecos.com.ar\/","name":"Infoecos","description":"Noticias de trenque lauquen y la zona","publisher":{"@id":"https:\/\/infoecos.com.ar\/#organization"},"alternateName":"Noticias","potentialAction":[{"@type":"SearchAction","target":{"@type":"EntryPoint","urlTemplate":"https:\/\/infoecos.com.ar\/?s={search_term_string}"},"query-input":{"@type":"PropertyValueSpecification","valueRequired":true,"valueName":"search_term_string"}}],"inLanguage":"es"},{"@type":"Organization","@id":"https:\/\/infoecos.com.ar\/#organization","name":"Infoecos","alternateName":"Noticias","url":"https:\/\/infoecos.com.ar\/","logo":{"@type":"ImageObject","inLanguage":"es","@id":"https:\/\/infoecos.com.ar\/#\/schema\/logo\/image\/","url":"https:\/\/infoecos.com.ar\/wp-content\/uploads\/2024\/03\/cropped-logo.png","contentUrl":"https:\/\/infoecos.com.ar\/wp-content\/uploads\/2024\/03\/cropped-logo.png","width":374,"height":90,"caption":"Infoecos"},"image":{"@id":"https:\/\/infoecos.com.ar\/#\/schema\/logo\/image\/"},"sameAs":["https:\/\/www.facebook.com\/profile.php?id=100063200290284","https:\/\/x.com\/infoecos"]},{"@type":"Person","@id":"https:\/\/infoecos.com.ar\/#\/schema\/person\/8f5ace5ce73b4b4aac4b7245aee6f191","name":"Jorge Matheus","url":"https:\/\/infoecos.com.ar\/index.php\/author\/jomatheus\/"}]}},"featured_image_urls":{"full":["https:\/\/infoecos.com.ar\/wp-content\/uploads\/2021\/08\/72.png",257,256,false],"thumbnail":["https:\/\/infoecos.com.ar\/wp-content\/uploads\/2021\/08\/72-150x150.png",150,150,true],"medium":["https:\/\/infoecos.com.ar\/wp-content\/uploads\/2021\/08\/72.png",257,256,false],"medium_large":["https:\/\/infoecos.com.ar\/wp-content\/uploads\/2021\/08\/72.png",257,256,false],"large":["https:\/\/infoecos.com.ar\/wp-content\/uploads\/2021\/08\/72.png",257,256,false],"1536x1536":["https:\/\/infoecos.com.ar\/wp-content\/uploads\/2021\/08\/72.png",257,256,false],"2048x2048":["https:\/\/infoecos.com.ar\/wp-content\/uploads\/2021\/08\/72.png",257,256,false],"covernews-slider-full":["https:\/\/infoecos.com.ar\/wp-content\/uploads\/2021\/08\/72.png",257,256,false],"covernews-slider-center":["https:\/\/infoecos.com.ar\/wp-content\/uploads\/2021\/08\/72.png",257,256,false],"covernews-featured":["https:\/\/infoecos.com.ar\/wp-content\/uploads\/2021\/08\/72.png",257,256,false],"covernews-medium":["https:\/\/infoecos.com.ar\/wp-content\/uploads\/2021\/08\/72.png",257,256,false],"covernews-medium-square":["https:\/\/infoecos.com.ar\/wp-content\/uploads\/2021\/08\/72.png",251,250,false]},"author_info":{"info":["Jorge Matheus"]},"category_info":"<a href=\"https:\/\/infoecos.com.ar\/index.php\/category\/c1nota3\/\" rel=\"category tag\">C1 N3<\/a>","tag_info":"C1 N3","comment_count":"0","_links":{"self":[{"href":"https:\/\/infoecos.com.ar\/index.php\/wp-json\/wp\/v2\/posts\/82961"}],"collection":[{"href":"https:\/\/infoecos.com.ar\/index.php\/wp-json\/wp\/v2\/posts"}],"about":[{"href":"https:\/\/infoecos.com.ar\/index.php\/wp-json\/wp\/v2\/types\/post"}],"author":[{"embeddable":true,"href":"https:\/\/infoecos.com.ar\/index.php\/wp-json\/wp\/v2\/users\/2"}],"replies":[{"embeddable":true,"href":"https:\/\/infoecos.com.ar\/index.php\/wp-json\/wp\/v2\/comments?post=82961"}],"version-history":[{"count":1,"href":"https:\/\/infoecos.com.ar\/index.php\/wp-json\/wp\/v2\/posts\/82961\/revisions"}],"predecessor-version":[{"id":82964,"href":"https:\/\/infoecos.com.ar\/index.php\/wp-json\/wp\/v2\/posts\/82961\/revisions\/82964"}],"wp:featuredmedia":[{"embeddable":true,"href":"https:\/\/infoecos.com.ar\/index.php\/wp-json\/wp\/v2\/media\/82962"}],"wp:attachment":[{"href":"https:\/\/infoecos.com.ar\/index.php\/wp-json\/wp\/v2\/media?parent=82961"}],"wp:term":[{"taxonomy":"category","embeddable":true,"href":"https:\/\/infoecos.com.ar\/index.php\/wp-json\/wp\/v2\/categories?post=82961"},{"taxonomy":"post_tag","embeddable":true,"href":"https:\/\/infoecos.com.ar\/index.php\/wp-json\/wp\/v2\/tags?post=82961"}],"curies":[{"name":"wp","href":"https:\/\/api.w.org\/{rel}","templated":true}]}}