{"id":82971,"date":"2021-08-09T05:13:22","date_gmt":"2021-08-09T08:13:22","guid":{"rendered":"http:\/\/infoecos.com.ar\/?p=82971"},"modified":"2021-08-10T05:29:58","modified_gmt":"2021-08-10T08:29:58","slug":"segun-solmi-se-espera-un-nuevo-record-de-campana-gruesa","status":"publish","type":"post","link":"https:\/\/infoecos.com.ar\/index.php\/segun-solmi-se-espera-un-nuevo-record-de-campana-gruesa\/","title":{"rendered":"Seg\u00fan Solmi se espera un nuevo r\u00e9cord de campa\u00f1a gruesa"},"content":{"rendered":"\n<p>El secretario de Agricultura, Ganader\u00eda y Pesca,&nbsp;<strong>Jorge Solmi<\/strong>, indic\u00f3 que si bien todav\u00eda no existe una estimaci\u00f3n de producci\u00f3n oficial, a partir de los datos preliminares<strong>&nbsp;\u00abse espera un nuevo r\u00e9cord de campa\u00f1a gruesa, es especial de ma\u00edz y sorgo\u00bb.<\/strong><\/p>\n\n\n\n<div class=\"wp-block-image is-style-default\"><figure class=\"aligncenter size-large\"><img decoding=\"async\" src=\"http:\/\/infoecos.com.ar\/wp-content\/uploads\/20140127-entidades-agrarias-contra-las-presiones-tributarias.jpg\" alt=\"\" class=\"wp-image-9300\"\/><figcaption>Solmi, Jorge<\/figcaption><\/figure><\/div>\n\n\n\n<p>Para Solmi, la raz\u00f3n de este salto productivo radica en un aumento de \u00abla superficie sembrada de gram\u00edneas cuando empiezan a equilibrase los m\u00e1rgenes brutos\u00bb con la soja.<\/p>\n\n\n\n<p>\u00abCuando hab\u00eda mucha diferencia entre gram\u00edneas y soja, era todo soja. Adem\u00e1s, este \u00faltimo es un cultivo que no requiere tanta inversi\u00f3n. Al contrario, el capital de inversi\u00f3n en ma\u00edz o trigo es muy alto en semilla, fertilizantes y dem\u00e1s. Las oleaginosas en general no se fertilizan mucho y eso hace que las inversiones sean mas baratas\u00bb, dijo.<\/p>\n\n\n\n<p>Por otro lado, el funcionario nacional consider\u00f3 que lo que ven desde el Gobierno es que<strong>&nbsp;\u00abel productor tienen una gran voluntad de rotar los cultivos, de establecer una actividad sostenible. Mientras se equilibren los m\u00e1rgenes brutos, va a seguir sucediendo\u00bb<\/strong>&nbsp;esta suerte de avanzada de las gram\u00edneas..<\/p>\n\n\n\n<p>\u00abEl actual cuadro que tenemos de m\u00e1rgenes bruto es bueno y hacia la campa\u00f1a que viene muestra ser similar y eso le da confianza al productor. En la definici\u00f3n de la gruesa los n\u00fameros son muy buenos y el productor est\u00e1 anim\u00e1ndose cada vez m\u00e1s a utilizar seguros de precio, lo que le garantiza tener hacia adelante el mismo cuadro de precios al momento de dise\u00f1ar su siembra\u00bb, concluy\u00f3.<\/p>\n","protected":false},"excerpt":{"rendered":"<p>Para Solmi, la raz\u00f3n de este salto productivo radica en un aumento de \u00abla superficie sembrada de gram\u00edneas cuando empiezan a equilibrase los m\u00e1rgenes brutos\u00bb con la soja<\/p>\n","protected":false},"author":2,"featured_media":58752,"comment_status":"closed","ping_status":"open","sticky":false,"template":"","format":"standard","meta":{"footnotes":""},"categories":[201],"tags":[4590],"class_list":["post-82971","post","type-post","status-publish","format-standard","has-post-thumbnail","hentry","category-inferior9","tag-cosecha"],"yoast_head":"<!-- This site is optimized with the Yoast SEO plugin v23.4 - https:\/\/yoast.com\/wordpress\/plugins\/seo\/ -->\n<title>Seg\u00fan Solmi se espera un nuevo r\u00e9cord de campa\u00f1a gruesa - Infoecos<\/title>\n<meta name=\"robots\" content=\"index, follow, max-snippet:-1, max-image-preview:large, max-video-preview:-1\" \/>\n<link rel=\"canonical\" href=\"https:\/\/infoecos.com.ar\/index.php\/segun-solmi-se-espera-un-nuevo-record-de-campana-gruesa\/\" \/>\n<meta property=\"og:locale\" content=\"es_ES\" \/>\n<meta property=\"og:type\" content=\"article\" \/>\n<meta property=\"og:title\" content=\"Seg\u00fan Solmi se espera un nuevo r\u00e9cord de campa\u00f1a gruesa - Infoecos\" \/>\n<meta property=\"og:description\" content=\"Para Solmi, la raz\u00f3n de este salto productivo radica en un aumento de &quot;la superficie sembrada de gram\u00edneas cuando empiezan a equilibrase los m\u00e1rgenes brutos&quot; con la soja\" \/>\n<meta property=\"og:url\" content=\"https:\/\/infoecos.com.ar\/index.php\/segun-solmi-se-espera-un-nuevo-record-de-campana-gruesa\/\" \/>\n<meta property=\"og:site_name\" content=\"Infoecos\" \/>\n<meta property=\"article:publisher\" content=\"https:\/\/www.facebook.com\/profile.php?id=100063200290284\" \/>\n<meta property=\"article:published_time\" content=\"2021-08-09T08:13:22+00:00\" \/>\n<meta property=\"article:modified_time\" content=\"2021-08-10T08:29:58+00:00\" \/>\n<meta property=\"og:image\" content=\"https:\/\/infoecos.com.ar\/wp-content\/uploads\/20140127-entidades-agrarias-contra-las-presiones-tributarias-1.jpg\" \/>\n\t<meta property=\"og:image:width\" content=\"700\" \/>\n\t<meta property=\"og:image:height\" content=\"447\" \/>\n\t<meta property=\"og:image:type\" content=\"image\/jpeg\" \/>\n<meta name=\"author\" content=\"Jorge Matheus\" \/>\n<meta name=\"twitter:card\" content=\"summary_large_image\" \/>\n<meta name=\"twitter:creator\" content=\"@infoecos\" \/>\n<meta name=\"twitter:site\" content=\"@infoecos\" \/>\n<meta name=\"twitter:label1\" content=\"Escrito por\" \/>\n\t<meta name=\"twitter:data1\" content=\"Jorge Matheus\" \/>\n\t<meta name=\"twitter:label2\" content=\"Tiempo de lectura\" \/>\n\t<meta name=\"twitter:data2\" content=\"1 minuto\" \/>\n<script type=\"application\/ld+json\" class=\"yoast-schema-graph\">{\"@context\":\"https:\/\/schema.org\",\"@graph\":[{\"@type\":\"Article\",\"@id\":\"https:\/\/infoecos.com.ar\/index.php\/segun-solmi-se-espera-un-nuevo-record-de-campana-gruesa\/#article\",\"isPartOf\":{\"@id\":\"https:\/\/infoecos.com.ar\/index.php\/segun-solmi-se-espera-un-nuevo-record-de-campana-gruesa\/\"},\"author\":{\"name\":\"Jorge Matheus\",\"@id\":\"https:\/\/infoecos.com.ar\/#\/schema\/person\/8f5ace5ce73b4b4aac4b7245aee6f191\"},\"headline\":\"Seg\u00fan Solmi se espera un nuevo r\u00e9cord de campa\u00f1a gruesa\",\"datePublished\":\"2021-08-09T08:13:22+00:00\",\"dateModified\":\"2021-08-10T08:29:58+00:00\",\"mainEntityOfPage\":{\"@id\":\"https:\/\/infoecos.com.ar\/index.php\/segun-solmi-se-espera-un-nuevo-record-de-campana-gruesa\/\"},\"wordCount\":289,\"publisher\":{\"@id\":\"https:\/\/infoecos.com.ar\/#organization\"},\"image\":{\"@id\":\"https:\/\/infoecos.com.ar\/index.php\/segun-solmi-se-espera-un-nuevo-record-de-campana-gruesa\/#primaryimage\"},\"thumbnailUrl\":\"\",\"keywords\":[\"COSECHA\"],\"articleSection\":[\"Bloque inferior - 9\"],\"inLanguage\":\"es\"},{\"@type\":\"WebPage\",\"@id\":\"https:\/\/infoecos.com.ar\/index.php\/segun-solmi-se-espera-un-nuevo-record-de-campana-gruesa\/\",\"url\":\"https:\/\/infoecos.com.ar\/index.php\/segun-solmi-se-espera-un-nuevo-record-de-campana-gruesa\/\",\"name\":\"Seg\u00fan Solmi se espera un nuevo r\u00e9cord de campa\u00f1a gruesa - Infoecos\",\"isPartOf\":{\"@id\":\"https:\/\/infoecos.com.ar\/#website\"},\"primaryImageOfPage\":{\"@id\":\"https:\/\/infoecos.com.ar\/index.php\/segun-solmi-se-espera-un-nuevo-record-de-campana-gruesa\/#primaryimage\"},\"image\":{\"@id\":\"https:\/\/infoecos.com.ar\/index.php\/segun-solmi-se-espera-un-nuevo-record-de-campana-gruesa\/#primaryimage\"},\"thumbnailUrl\":\"\",\"datePublished\":\"2021-08-09T08:13:22+00:00\",\"dateModified\":\"2021-08-10T08:29:58+00:00\",\"breadcrumb\":{\"@id\":\"https:\/\/infoecos.com.ar\/index.php\/segun-solmi-se-espera-un-nuevo-record-de-campana-gruesa\/#breadcrumb\"},\"inLanguage\":\"es\",\"potentialAction\":[{\"@type\":\"ReadAction\",\"target\":[\"https:\/\/infoecos.com.ar\/index.php\/segun-solmi-se-espera-un-nuevo-record-de-campana-gruesa\/\"]}]},{\"@type\":\"ImageObject\",\"inLanguage\":\"es\",\"@id\":\"https:\/\/infoecos.com.ar\/index.php\/segun-solmi-se-espera-un-nuevo-record-de-campana-gruesa\/#primaryimage\",\"url\":\"\",\"contentUrl\":\"\"},{\"@type\":\"BreadcrumbList\",\"@id\":\"https:\/\/infoecos.com.ar\/index.php\/segun-solmi-se-espera-un-nuevo-record-de-campana-gruesa\/#breadcrumb\",\"itemListElement\":[{\"@type\":\"ListItem\",\"position\":1,\"name\":\"Portada\",\"item\":\"https:\/\/infoecos.com.ar\/\"},{\"@type\":\"ListItem\",\"position\":2,\"name\":\"Seg\u00fan Solmi se espera un nuevo r\u00e9cord de campa\u00f1a gruesa\"}]},{\"@type\":\"WebSite\",\"@id\":\"https:\/\/infoecos.com.ar\/#website\",\"url\":\"https:\/\/infoecos.com.ar\/\",\"name\":\"Infoecos\",\"description\":\"Noticias de trenque lauquen y la zona\",\"publisher\":{\"@id\":\"https:\/\/infoecos.com.ar\/#organization\"},\"alternateName\":\"Noticias\",\"potentialAction\":[{\"@type\":\"SearchAction\",\"target\":{\"@type\":\"EntryPoint\",\"urlTemplate\":\"https:\/\/infoecos.com.ar\/?s={search_term_string}\"},\"query-input\":{\"@type\":\"PropertyValueSpecification\",\"valueRequired\":true,\"valueName\":\"search_term_string\"}}],\"inLanguage\":\"es\"},{\"@type\":\"Organization\",\"@id\":\"https:\/\/infoecos.com.ar\/#organization\",\"name\":\"Infoecos\",\"alternateName\":\"Noticias\",\"url\":\"https:\/\/infoecos.com.ar\/\",\"logo\":{\"@type\":\"ImageObject\",\"inLanguage\":\"es\",\"@id\":\"https:\/\/infoecos.com.ar\/#\/schema\/logo\/image\/\",\"url\":\"https:\/\/infoecos.com.ar\/wp-content\/uploads\/2024\/03\/cropped-logo.png\",\"contentUrl\":\"https:\/\/infoecos.com.ar\/wp-content\/uploads\/2024\/03\/cropped-logo.png\",\"width\":374,\"height\":90,\"caption\":\"Infoecos\"},\"image\":{\"@id\":\"https:\/\/infoecos.com.ar\/#\/schema\/logo\/image\/\"},\"sameAs\":[\"https:\/\/www.facebook.com\/profile.php?id=100063200290284\",\"https:\/\/x.com\/infoecos\"]},{\"@type\":\"Person\",\"@id\":\"https:\/\/infoecos.com.ar\/#\/schema\/person\/8f5ace5ce73b4b4aac4b7245aee6f191\",\"name\":\"Jorge Matheus\",\"url\":\"https:\/\/infoecos.com.ar\/index.php\/author\/jomatheus\/\"}]}<\/script>\n<!-- \/ Yoast SEO plugin. -->","yoast_head_json":{"title":"Seg\u00fan Solmi se espera un nuevo r\u00e9cord de campa\u00f1a gruesa - Infoecos","robots":{"index":"index","follow":"follow","max-snippet":"max-snippet:-1","max-image-preview":"max-image-preview:large","max-video-preview":"max-video-preview:-1"},"canonical":"https:\/\/infoecos.com.ar\/index.php\/segun-solmi-se-espera-un-nuevo-record-de-campana-gruesa\/","og_locale":"es_ES","og_type":"article","og_title":"Seg\u00fan Solmi se espera un nuevo r\u00e9cord de campa\u00f1a gruesa - Infoecos","og_description":"Para Solmi, la raz\u00f3n de este salto productivo radica en un aumento de \"la superficie sembrada de gram\u00edneas cuando empiezan a equilibrase los m\u00e1rgenes brutos\" con la soja","og_url":"https:\/\/infoecos.com.ar\/index.php\/segun-solmi-se-espera-un-nuevo-record-de-campana-gruesa\/","og_site_name":"Infoecos","article_publisher":"https:\/\/www.facebook.com\/profile.php?id=100063200290284","article_published_time":"2021-08-09T08:13:22+00:00","article_modified_time":"2021-08-10T08:29:58+00:00","og_image":[{"width":700,"height":447,"url":"https:\/\/infoecos.com.ar\/wp-content\/uploads\/20140127-entidades-agrarias-contra-las-presiones-tributarias-1.jpg","type":"image\/jpeg"}],"author":"Jorge Matheus","twitter_card":"summary_large_image","twitter_creator":"@infoecos","twitter_site":"@infoecos","twitter_misc":{"Escrito por":"Jorge Matheus","Tiempo de lectura":"1 minuto"},"schema":{"@context":"https:\/\/schema.org","@graph":[{"@type":"Article","@id":"https:\/\/infoecos.com.ar\/index.php\/segun-solmi-se-espera-un-nuevo-record-de-campana-gruesa\/#article","isPartOf":{"@id":"https:\/\/infoecos.com.ar\/index.php\/segun-solmi-se-espera-un-nuevo-record-de-campana-gruesa\/"},"author":{"name":"Jorge Matheus","@id":"https:\/\/infoecos.com.ar\/#\/schema\/person\/8f5ace5ce73b4b4aac4b7245aee6f191"},"headline":"Seg\u00fan Solmi se espera un nuevo r\u00e9cord de campa\u00f1a gruesa","datePublished":"2021-08-09T08:13:22+00:00","dateModified":"2021-08-10T08:29:58+00:00","mainEntityOfPage":{"@id":"https:\/\/infoecos.com.ar\/index.php\/segun-solmi-se-espera-un-nuevo-record-de-campana-gruesa\/"},"wordCount":289,"publisher":{"@id":"https:\/\/infoecos.com.ar\/#organization"},"image":{"@id":"https:\/\/infoecos.com.ar\/index.php\/segun-solmi-se-espera-un-nuevo-record-de-campana-gruesa\/#primaryimage"},"thumbnailUrl":"","keywords":["COSECHA"],"articleSection":["Bloque inferior - 9"],"inLanguage":"es"},{"@type":"WebPage","@id":"https:\/\/infoecos.com.ar\/index.php\/segun-solmi-se-espera-un-nuevo-record-de-campana-gruesa\/","url":"https:\/\/infoecos.com.ar\/index.php\/segun-solmi-se-espera-un-nuevo-record-de-campana-gruesa\/","name":"Seg\u00fan Solmi se espera un nuevo r\u00e9cord de campa\u00f1a gruesa - Infoecos","isPartOf":{"@id":"https:\/\/infoecos.com.ar\/#website"},"primaryImageOfPage":{"@id":"https:\/\/infoecos.com.ar\/index.php\/segun-solmi-se-espera-un-nuevo-record-de-campana-gruesa\/#primaryimage"},"image":{"@id":"https:\/\/infoecos.com.ar\/index.php\/segun-solmi-se-espera-un-nuevo-record-de-campana-gruesa\/#primaryimage"},"thumbnailUrl":"","datePublished":"2021-08-09T08:13:22+00:00","dateModified":"2021-08-10T08:29:58+00:00","breadcrumb":{"@id":"https:\/\/infoecos.com.ar\/index.php\/segun-solmi-se-espera-un-nuevo-record-de-campana-gruesa\/#breadcrumb"},"inLanguage":"es","potentialAction":[{"@type":"ReadAction","target":["https:\/\/infoecos.com.ar\/index.php\/segun-solmi-se-espera-un-nuevo-record-de-campana-gruesa\/"]}]},{"@type":"ImageObject","inLanguage":"es","@id":"https:\/\/infoecos.com.ar\/index.php\/segun-solmi-se-espera-un-nuevo-record-de-campana-gruesa\/#primaryimage","url":"","contentUrl":""},{"@type":"BreadcrumbList","@id":"https:\/\/infoecos.com.ar\/index.php\/segun-solmi-se-espera-un-nuevo-record-de-campana-gruesa\/#breadcrumb","itemListElement":[{"@type":"ListItem","position":1,"name":"Portada","item":"https:\/\/infoecos.com.ar\/"},{"@type":"ListItem","position":2,"name":"Seg\u00fan Solmi se espera un nuevo r\u00e9cord de campa\u00f1a gruesa"}]},{"@type":"WebSite","@id":"https:\/\/infoecos.com.ar\/#website","url":"https:\/\/infoecos.com.ar\/","name":"Infoecos","description":"Noticias de trenque lauquen y la zona","publisher":{"@id":"https:\/\/infoecos.com.ar\/#organization"},"alternateName":"Noticias","potentialAction":[{"@type":"SearchAction","target":{"@type":"EntryPoint","urlTemplate":"https:\/\/infoecos.com.ar\/?s={search_term_string}"},"query-input":{"@type":"PropertyValueSpecification","valueRequired":true,"valueName":"search_term_string"}}],"inLanguage":"es"},{"@type":"Organization","@id":"https:\/\/infoecos.com.ar\/#organization","name":"Infoecos","alternateName":"Noticias","url":"https:\/\/infoecos.com.ar\/","logo":{"@type":"ImageObject","inLanguage":"es","@id":"https:\/\/infoecos.com.ar\/#\/schema\/logo\/image\/","url":"https:\/\/infoecos.com.ar\/wp-content\/uploads\/2024\/03\/cropped-logo.png","contentUrl":"https:\/\/infoecos.com.ar\/wp-content\/uploads\/2024\/03\/cropped-logo.png","width":374,"height":90,"caption":"Infoecos"},"image":{"@id":"https:\/\/infoecos.com.ar\/#\/schema\/logo\/image\/"},"sameAs":["https:\/\/www.facebook.com\/profile.php?id=100063200290284","https:\/\/x.com\/infoecos"]},{"@type":"Person","@id":"https:\/\/infoecos.com.ar\/#\/schema\/person\/8f5ace5ce73b4b4aac4b7245aee6f191","name":"Jorge Matheus","url":"https:\/\/infoecos.com.ar\/index.php\/author\/jomatheus\/"}]}},"featured_image_urls":{"full":"","thumbnail":"","medium":"","medium_large":"","large":"","1536x1536":"","2048x2048":"","covernews-slider-full":"","covernews-slider-center":"","covernews-featured":"","covernews-medium":"","covernews-medium-square":""},"author_info":{"info":["Jorge Matheus"]},"category_info":"<a href=\"https:\/\/infoecos.com.ar\/index.php\/category\/inferior9\/\" rel=\"category tag\">Bloque inferior - 9<\/a>","tag_info":"Bloque inferior - 9","comment_count":"0","_links":{"self":[{"href":"https:\/\/infoecos.com.ar\/index.php\/wp-json\/wp\/v2\/posts\/82971"}],"collection":[{"href":"https:\/\/infoecos.com.ar\/index.php\/wp-json\/wp\/v2\/posts"}],"about":[{"href":"https:\/\/infoecos.com.ar\/index.php\/wp-json\/wp\/v2\/types\/post"}],"author":[{"embeddable":true,"href":"https:\/\/infoecos.com.ar\/index.php\/wp-json\/wp\/v2\/users\/2"}],"replies":[{"embeddable":true,"href":"https:\/\/infoecos.com.ar\/index.php\/wp-json\/wp\/v2\/comments?post=82971"}],"version-history":[{"count":2,"href":"https:\/\/infoecos.com.ar\/index.php\/wp-json\/wp\/v2\/posts\/82971\/revisions"}],"predecessor-version":[{"id":83115,"href":"https:\/\/infoecos.com.ar\/index.php\/wp-json\/wp\/v2\/posts\/82971\/revisions\/83115"}],"wp:featuredmedia":[{"embeddable":true,"href":"https:\/\/infoecos.com.ar\/index.php\/wp-json\/"}],"wp:attachment":[{"href":"https:\/\/infoecos.com.ar\/index.php\/wp-json\/wp\/v2\/media?parent=82971"}],"wp:term":[{"taxonomy":"category","embeddable":true,"href":"https:\/\/infoecos.com.ar\/index.php\/wp-json\/wp\/v2\/categories?post=82971"},{"taxonomy":"post_tag","embeddable":true,"href":"https:\/\/infoecos.com.ar\/index.php\/wp-json\/wp\/v2\/tags?post=82971"}],"curies":[{"name":"wp","href":"https:\/\/api.w.org\/{rel}","templated":true}]}}