{"id":83017,"date":"2021-08-09T20:06:21","date_gmt":"2021-08-09T23:06:21","guid":{"rendered":"http:\/\/infoecos.com.ar\/?p=83017"},"modified":"2021-08-10T01:30:13","modified_gmt":"2021-08-10T04:30:13","slug":"anuncio-taiana-al-ministerio-de-defensa-y-zabaleta-a-desarrollo-social","status":"publish","type":"post","link":"https:\/\/infoecos.com.ar\/index.php\/anuncio-taiana-al-ministerio-de-defensa-y-zabaleta-a-desarrollo-social\/","title":{"rendered":"Anuncio: Taiana al ministerio de Defensa y Zabaleta a Desarrollo Social"},"content":{"rendered":"\n<p class=\"wp-block-paragraph\">El Gobierno nacional design\u00f3 este lunes a&nbsp;<strong>Jorge Taiana y a Juan Horacio Zabaleta como ministros de Defensa y de Desarrollo Social<\/strong>, respectivamente, quienes este martes prestar\u00e1n juramento ante el presidente Alberto Fern\u00e1ndez.<\/p>\n\n\n\n<div class=\"wp-block-image is-style-default\"><figure class=\"aligncenter size-medium\"><img loading=\"lazy\" decoding=\"async\" width=\"460\" height=\"259\" src=\"http:\/\/infoecos.com.ar\/wp-content\/uploads\/2021\/08\/zabaletaytaina-460x259.jpg\" alt=\"\" class=\"wp-image-83018\" srcset=\"https:\/\/infoecos.com.ar\/wp-content\/uploads\/2021\/08\/zabaletaytaina-460x259.jpg 460w, https:\/\/infoecos.com.ar\/wp-content\/uploads\/2021\/08\/zabaletaytaina-920x518.jpg 920w, https:\/\/infoecos.com.ar\/wp-content\/uploads\/2021\/08\/zabaletaytaina-768x432.jpg 768w, https:\/\/infoecos.com.ar\/wp-content\/uploads\/2021\/08\/zabaletaytaina.jpg 1004w\" sizes=\"auto, (max-width: 460px) 100vw, 460px\" \/><\/figure><\/div>\n\n\n\n<p class=\"wp-block-paragraph\">As\u00ed lo anunci\u00f3 el jefe de Gabinete, Santiago Cafiero, en la sala de conferencias de la Casa Rosada, con lo que puso fin a las especulaciones de los \u00faltimos d\u00edas en torno a quienes ser\u00edan los reemplazantes de Agust\u00edn Rossi, en Defensa; y de Daniel Arroyo, en Desarrollo Social; quienes dejan sus cargos para asumir sus postulaciones de cara a las elecciones legislativas.<\/p>\n\n\n\n<p class=\"wp-block-paragraph\">Este martes,&nbsp;<strong>Taiana y Zabaleta prestar\u00e1n juramento ante el Presidente,<\/strong>&nbsp;en un acto que se realizar\u00e1 a las 18 en Casa de Gobierno.<\/p>\n\n\n\n<p class=\"wp-block-paragraph\">Al anunciar las nuevas designaciones, Cafiero agradeci\u00f3 \u00abtoda la dedicaci\u00f3n y esfuerzo\u00bb de los ministros salientes, a quienes calific\u00f3 como \u00abexcelentes compa\u00f1eros de Gabinete y de trabajo, en un momento de la gesti\u00f3n que extenu\u00f3 a muchos\u00bb.<\/p>\n\n\n\n<p class=\"wp-block-paragraph\"><strong>\u00abLa gesti\u00f3n de la pandemia hizo que la voluntad de quienes acompa\u00f1amos al Presidente est\u00e9 puesta como prioritaria a la hora de encarar un momento muy dif\u00edcil para todo nuestro pa\u00eds\u00bb<\/strong>, se\u00f1al\u00f3 Cafiero.<\/p>\n\n\n\n<p class=\"wp-block-paragraph\">Taiana, de 71 a\u00f1os,<strong>&nbsp;es senador nacional por la provincia de Buenos Aires.<\/strong> Ser\u00e1 reemplazado por Juliana Di Tullio. <\/p>\n\n\n\n<div class=\"wp-block-image is-style-default\"><figure class=\"aligncenter size-medium\"><img loading=\"lazy\" decoding=\"async\" width=\"460\" height=\"258\" src=\"http:\/\/infoecos.com.ar\/wp-content\/uploads\/2021\/08\/ditullio1-460x258.jpg\" alt=\"\" class=\"wp-image-83033\" srcset=\"https:\/\/infoecos.com.ar\/wp-content\/uploads\/2021\/08\/ditullio1-460x258.jpg 460w, https:\/\/infoecos.com.ar\/wp-content\/uploads\/2021\/08\/ditullio1-920x517.jpg 920w, https:\/\/infoecos.com.ar\/wp-content\/uploads\/2021\/08\/ditullio1-768x431.jpg 768w, https:\/\/infoecos.com.ar\/wp-content\/uploads\/2021\/08\/ditullio1-1024x575.jpg 1024w, https:\/\/infoecos.com.ar\/wp-content\/uploads\/2021\/08\/ditullio1.jpg 1280w\" sizes=\"auto, (max-width: 460px) 100vw, 460px\" \/><figcaption>Di Tullio, Juliana<\/figcaption><\/figure><\/div>\n\n\n\n<p class=\"wp-block-paragraph\"><strong>Zabaleta, de 54 a\u00f1os, tomar\u00e1 uso de licencia como intendente del partido bonaerense de Hurlingham<\/strong>, donde tiene mandato hasta el 10 de diciembre de 2023.<\/p>\n\n\n\n<figure class=\"wp-block-embed is-type-video is-provider-youtube wp-block-embed-youtube wp-embed-aspect-16-9 wp-has-aspect-ratio\"><div class=\"wp-block-embed__wrapper\">\n<iframe loading=\"lazy\" title=\"El Gobierno design\u00f3 a Zabaleta en Desarrollo Social y a Taiana en Defensa\" width=\"640\" height=\"360\" src=\"https:\/\/www.youtube.com\/embed\/16Mtp8YlbQo?feature=oembed\" frameborder=\"0\" allow=\"accelerometer; autoplay; clipboard-write; encrypted-media; gyroscope; picture-in-picture; web-share\" referrerpolicy=\"strict-origin-when-cross-origin\" allowfullscreen><\/iframe>\n<\/div><\/figure>\n\n\n\n<p class=\"wp-block-paragraph\"><\/p>\n","protected":false},"excerpt":{"rendered":"<p>Taiana, de 71 a\u00f1os, es senador nacional por la provincia de Buenos Aires. Ser\u00e1 reemplazado por Juliana Di Tullio<\/p>\n","protected":false},"author":2,"featured_media":83018,"comment_status":"closed","ping_status":"open","sticky":false,"template":"","format":"standard","meta":{"footnotes":""},"categories":[1327,28,1328],"tags":[4600],"class_list":["post-83017","post","type-post","status-publish","format-standard","has-post-thumbnail","hentry","category-audio","category-c1nota1","category-video","tag-asumen-este-martes"],"featured_image_urls":{"full":["https:\/\/infoecos.com.ar\/wp-content\/uploads\/2021\/08\/zabaletaytaina.jpg",1004,565,false],"thumbnail":["https:\/\/infoecos.com.ar\/wp-content\/uploads\/2021\/08\/zabaletaytaina-150x150.jpg",150,150,true],"medium":["https:\/\/infoecos.com.ar\/wp-content\/uploads\/2021\/08\/zabaletaytaina-460x259.jpg",460,259,true],"medium_large":["https:\/\/infoecos.com.ar\/wp-content\/uploads\/2021\/08\/zabaletaytaina-768x432.jpg",640,360,true],"large":["https:\/\/infoecos.com.ar\/wp-content\/uploads\/2021\/08\/zabaletaytaina-920x518.jpg",640,360,true],"1536x1536":["https:\/\/infoecos.com.ar\/wp-content\/uploads\/2021\/08\/zabaletaytaina.jpg",1004,565,false],"2048x2048":["https:\/\/infoecos.com.ar\/wp-content\/uploads\/2021\/08\/zabaletaytaina.jpg",1004,565,false],"covernews-slider-full":["https:\/\/infoecos.com.ar\/wp-content\/uploads\/2021\/08\/zabaletaytaina.jpg",1004,565,false],"covernews-slider-center":["https:\/\/infoecos.com.ar\/wp-content\/uploads\/2021\/08\/zabaletaytaina-936x565.jpg",800,483,true],"covernews-featured":["https:\/\/infoecos.com.ar\/wp-content\/uploads\/2021\/08\/zabaletaytaina.jpg",1004,565,false],"covernews-medium":["https:\/\/infoecos.com.ar\/wp-content\/uploads\/2021\/08\/zabaletaytaina-720x380.jpg",540,285,true],"covernews-medium-square":["https:\/\/infoecos.com.ar\/wp-content\/uploads\/2021\/08\/zabaletaytaina-675x450.jpg",375,250,true]},"author_info":{"info":["Jorge Matheus"]},"category_info":"<a href=\"https:\/\/infoecos.com.ar\/index.php\/category\/audio\/\" rel=\"category tag\">Audio<\/a> <a href=\"https:\/\/infoecos.com.ar\/index.php\/category\/c1nota1\/\" rel=\"category tag\">C1 N1<\/a> <a href=\"https:\/\/infoecos.com.ar\/index.php\/category\/video\/\" rel=\"category tag\">Video<\/a>","tag_info":"Video","comment_count":"0","_links":{"self":[{"href":"https:\/\/infoecos.com.ar\/index.php\/wp-json\/wp\/v2\/posts\/83017","targetHints":{"allow":["GET"]}}],"collection":[{"href":"https:\/\/infoecos.com.ar\/index.php\/wp-json\/wp\/v2\/posts"}],"about":[{"href":"https:\/\/infoecos.com.ar\/index.php\/wp-json\/wp\/v2\/types\/post"}],"author":[{"embeddable":true,"href":"https:\/\/infoecos.com.ar\/index.php\/wp-json\/wp\/v2\/users\/2"}],"replies":[{"embeddable":true,"href":"https:\/\/infoecos.com.ar\/index.php\/wp-json\/wp\/v2\/comments?post=83017"}],"version-history":[{"count":3,"href":"https:\/\/infoecos.com.ar\/index.php\/wp-json\/wp\/v2\/posts\/83017\/revisions"}],"predecessor-version":[{"id":83035,"href":"https:\/\/infoecos.com.ar\/index.php\/wp-json\/wp\/v2\/posts\/83017\/revisions\/83035"}],"wp:featuredmedia":[{"embeddable":true,"href":"https:\/\/infoecos.com.ar\/index.php\/wp-json\/wp\/v2\/media\/83018"}],"wp:attachment":[{"href":"https:\/\/infoecos.com.ar\/index.php\/wp-json\/wp\/v2\/media?parent=83017"}],"wp:term":[{"taxonomy":"category","embeddable":true,"href":"https:\/\/infoecos.com.ar\/index.php\/wp-json\/wp\/v2\/categories?post=83017"},{"taxonomy":"post_tag","embeddable":true,"href":"https:\/\/infoecos.com.ar\/index.php\/wp-json\/wp\/v2\/tags?post=83017"}],"curies":[{"name":"wp","href":"https:\/\/api.w.org\/{rel}","templated":true}]}}