{"id":83059,"date":"2021-08-10T02:59:24","date_gmt":"2021-08-10T05:59:24","guid":{"rendered":"http:\/\/infoecos.com.ar\/?p=83059"},"modified":"2021-08-11T06:49:29","modified_gmt":"2021-08-11T09:49:29","slug":"el-ministro-de-desarrollo-agrario-de-la-provincia-presento-cuatro-nuevas-estaciones-meteorologicas-automaticas","status":"publish","type":"post","link":"https:\/\/infoecos.com.ar\/index.php\/el-ministro-de-desarrollo-agrario-de-la-provincia-presento-cuatro-nuevas-estaciones-meteorologicas-automaticas\/","title":{"rendered":"El ministro de Desarrollo Agrario de la provincia present\u00f3 cuatro nuevas estaciones meteorol\u00f3gicas autom\u00e1ticas"},"content":{"rendered":"\n<p class=\"wp-block-paragraph\">El ministro Javier Rodr\u00edguez&nbsp;&nbsp;present\u00f3&nbsp;cuatro nuevas estaciones meteorol\u00f3gicas&nbsp;autom\u00e1ticas&nbsp;(EMAs) en las Chacras de&nbsp;Mercedes, Gorina, Blanca Grande y Apiario Pedro Bover.<\/p>\n\n\n\n<div class=\"wp-block-image is-style-default\"><figure class=\"aligncenter size-medium\"><img loading=\"lazy\" decoding=\"async\" width=\"460\" height=\"262\" src=\"http:\/\/infoecos.com.ar\/wp-content\/uploads\/2021\/08\/rordrigueazministroda-460x262.jpg\" alt=\"\" class=\"wp-image-83060\" srcset=\"https:\/\/infoecos.com.ar\/wp-content\/uploads\/2021\/08\/rordrigueazministroda-460x262.jpg 460w, https:\/\/infoecos.com.ar\/wp-content\/uploads\/2021\/08\/rordrigueazministroda-920x524.jpg 920w, https:\/\/infoecos.com.ar\/wp-content\/uploads\/2021\/08\/rordrigueazministroda-768x438.jpg 768w, https:\/\/infoecos.com.ar\/wp-content\/uploads\/2021\/08\/rordrigueazministroda.jpg 1000w\" sizes=\"auto, (max-width: 460px) 100vw, 460px\" \/><\/figure><\/div>\n\n\n\n<p class=\"wp-block-paragraph\">Se trata de equipamiento destinado espec\u00edficamente a la medici\u00f3n de&nbsp;variables de inter\u00e9s para el uso productivo y recolecci\u00f3n de datos&nbsp;de precipitaciones, temperatura y humedad relativa del ambiente, presi\u00f3n atmosf\u00e9rica, velocidad y direcci\u00f3n del viento, y radiaci\u00f3n solar.<\/p>\n\n\n\n<p class=\"wp-block-paragraph\">Luego, esa informaci\u00f3n meteorol\u00f3gica generada ser\u00e1 de acceso p\u00fablico y en tiempo real, lo que favorece a la toma de decisiones en materia de manejo productivo e incrementa las capacidades de preparaci\u00f3n, adaptaci\u00f3n y respuesta frente a eventos clim\u00e1ticos adversos, de forma tal de mitigar el impacto socio econ\u00f3mico de la producci\u00f3n agr\u00edcola.<\/p>\n","protected":false},"excerpt":{"rendered":"<p>Se trata de equipamiento destinado espec\u00edficamente a la medici\u00f3n de variables de inter\u00e9s para el uso productivo y recolecci\u00f3n de datos de precipitaciones, temperatura y humedad relativa del ambiente, entre otras cosas<\/p>\n","protected":false},"author":2,"featured_media":83060,"comment_status":"closed","ping_status":"open","sticky":false,"template":"","format":"standard","meta":{"footnotes":""},"categories":[1331],"tags":[1165],"class_list":["post-83059","post","type-post","status-publish","format-standard","has-post-thumbnail","hentry","category-inferior11","tag-produccion"],"featured_image_urls":{"full":["https:\/\/infoecos.com.ar\/wp-content\/uploads\/2021\/08\/rordrigueazministroda.jpg",1000,570,false],"thumbnail":["https:\/\/infoecos.com.ar\/wp-content\/uploads\/2021\/08\/rordrigueazministroda-150x150.jpg",150,150,true],"medium":["https:\/\/infoecos.com.ar\/wp-content\/uploads\/2021\/08\/rordrigueazministroda-460x262.jpg",460,262,true],"medium_large":["https:\/\/infoecos.com.ar\/wp-content\/uploads\/2021\/08\/rordrigueazministroda-768x438.jpg",640,365,true],"large":["https:\/\/infoecos.com.ar\/wp-content\/uploads\/2021\/08\/rordrigueazministroda-920x524.jpg",640,365,true],"1536x1536":["https:\/\/infoecos.com.ar\/wp-content\/uploads\/2021\/08\/rordrigueazministroda.jpg",1000,570,false],"2048x2048":["https:\/\/infoecos.com.ar\/wp-content\/uploads\/2021\/08\/rordrigueazministroda.jpg",1000,570,false],"covernews-slider-full":["https:\/\/infoecos.com.ar\/wp-content\/uploads\/2021\/08\/rordrigueazministroda.jpg",1000,570,false],"covernews-slider-center":["https:\/\/infoecos.com.ar\/wp-content\/uploads\/2021\/08\/rordrigueazministroda-936x570.jpg",800,487,true],"covernews-featured":["https:\/\/infoecos.com.ar\/wp-content\/uploads\/2021\/08\/rordrigueazministroda.jpg",1000,570,false],"covernews-medium":["https:\/\/infoecos.com.ar\/wp-content\/uploads\/2021\/08\/rordrigueazministroda-720x380.jpg",540,285,true],"covernews-medium-square":["https:\/\/infoecos.com.ar\/wp-content\/uploads\/2021\/08\/rordrigueazministroda-675x450.jpg",375,250,true]},"author_info":{"info":["Jorge Matheus"]},"category_info":"<a href=\"https:\/\/infoecos.com.ar\/index.php\/category\/inferior11\/\" rel=\"category tag\">Bloque inferior - 11<\/a>","tag_info":"Bloque inferior - 11","comment_count":"0","_links":{"self":[{"href":"https:\/\/infoecos.com.ar\/index.php\/wp-json\/wp\/v2\/posts\/83059","targetHints":{"allow":["GET"]}}],"collection":[{"href":"https:\/\/infoecos.com.ar\/index.php\/wp-json\/wp\/v2\/posts"}],"about":[{"href":"https:\/\/infoecos.com.ar\/index.php\/wp-json\/wp\/v2\/types\/post"}],"author":[{"embeddable":true,"href":"https:\/\/infoecos.com.ar\/index.php\/wp-json\/wp\/v2\/users\/2"}],"replies":[{"embeddable":true,"href":"https:\/\/infoecos.com.ar\/index.php\/wp-json\/wp\/v2\/comments?post=83059"}],"version-history":[{"count":2,"href":"https:\/\/infoecos.com.ar\/index.php\/wp-json\/wp\/v2\/posts\/83059\/revisions"}],"predecessor-version":[{"id":83199,"href":"https:\/\/infoecos.com.ar\/index.php\/wp-json\/wp\/v2\/posts\/83059\/revisions\/83199"}],"wp:featuredmedia":[{"embeddable":true,"href":"https:\/\/infoecos.com.ar\/index.php\/wp-json\/wp\/v2\/media\/83060"}],"wp:attachment":[{"href":"https:\/\/infoecos.com.ar\/index.php\/wp-json\/wp\/v2\/media?parent=83059"}],"wp:term":[{"taxonomy":"category","embeddable":true,"href":"https:\/\/infoecos.com.ar\/index.php\/wp-json\/wp\/v2\/categories?post=83059"},{"taxonomy":"post_tag","embeddable":true,"href":"https:\/\/infoecos.com.ar\/index.php\/wp-json\/wp\/v2\/tags?post=83059"}],"curies":[{"name":"wp","href":"https:\/\/api.w.org\/{rel}","templated":true}]}}