{"id":83079,"date":"2021-08-10T03:40:54","date_gmt":"2021-08-10T06:40:54","guid":{"rendered":"http:\/\/infoecos.com.ar\/?p=83079"},"modified":"2021-08-11T06:48:44","modified_gmt":"2021-08-11T09:48:44","slug":"ate-de-la-provincia-de-buenos-aires-pidio-que-se-los-llame-este-mes-a-una-nueva-reunion-paritaria","status":"publish","type":"post","link":"https:\/\/infoecos.com.ar\/index.php\/ate-de-la-provincia-de-buenos-aires-pidio-que-se-los-llame-este-mes-a-una-nueva-reunion-paritaria\/","title":{"rendered":"ATE de la provincia de Buenos Aires pidi\u00f3 que se los llame este mes a una nueva reuni\u00f3n paritaria"},"content":{"rendered":"\n<p>Gremios estatales bonaerenses se suman al pedido al Gobierno de la provincia de Buenos Aires para que reabra la discusi\u00f3n paritaria para discutir salarios.<\/p>\n\n\n\n<p>En este caso, la Asociaci\u00f3n de Trabajadores del Estado (ATE) present\u00f3 una nota a la ministra de Trabajo bonaerense, Mara Ruiz Malec, en la que se le pidieron que se llame \u201ca la brevedad\u201d a una nueva reuni\u00f3n paritaria.<\/p>\n\n\n\n<div class=\"wp-block-image is-style-default\"><figure class=\"aligncenter size-large\"><img decoding=\"async\" src=\"http:\/\/infoecos.com.ar\/wp-content\/uploads\/descarga33.jpg\" alt=\"\" class=\"wp-image-10443\"\/><figcaption>De Isasi<\/figcaption><\/figure><\/div>\n\n\n\n<p>De esta manera, solicitaron que la reuni\u00f3n para discutir salarios, pactada originalmente para noviembre, se adelante para el corriente mes de agosto.<\/p>\n\n\n\n<p>\u201cEs necesario que en lo que resta del a\u00f1o, los salarios le ganen a la inflaci\u00f3n y empecemos a recuperar el poder adquisitivo perdidos en los cuatro a\u00f1os de neoliberalismo en la Provincia, bajo el gobierno de Mar\u00eda Eugenia Vidal\u201d, indicaron.<\/p>\n\n\n\n<p>Tambi\u00e9n, desde el sindicato que lidera Oscar De Isasi, solicitaron que se eleven los topes a las asignaciones familiares y se convoque a las mesas t\u00e9cnicas.<\/p>\n\n\n\n<p>Los reclamos de ATE se suman a los de la Asociaci\u00f3n Sindical de Profesionales de la Salud de la Provincia de Buenos Aires (CICOP), que la semana pasada hab\u00edan anunciado que para el 12 de agosto realizar\u00edan una jornada de lucha, con el objetivo de &nbsp;\u201cjerarquizar la salud p\u00fablica\u201d y conformar un \u201cequipo de salud con salarios dignos y mejores condiciones laborales\u201d.<\/p>\n","protected":false},"excerpt":{"rendered":"<p>De esta manera, solicitaron que la reuni\u00f3n para discutir salarios, pactada originalmente para noviembre, se adelante para el corriente mes de agosto<\/p>\n","protected":false},"author":2,"featured_media":69169,"comment_status":"closed","ping_status":"open","sticky":false,"template":"","format":"standard","meta":{"footnotes":""},"categories":[201],"tags":[4607],"class_list":["post-83079","post","type-post","status-publish","format-standard","has-post-thumbnail","hentry","category-inferior9","tag-nota-a-la-ministra-de-trabajo"],"yoast_head":"<!-- This site is optimized with the Yoast SEO plugin v23.4 - https:\/\/yoast.com\/wordpress\/plugins\/seo\/ -->\n<title>ATE de la provincia de Buenos Aires pidi\u00f3 que se los llame este mes a una nueva reuni\u00f3n paritaria - Infoecos<\/title>\n<meta name=\"robots\" content=\"index, follow, max-snippet:-1, max-image-preview:large, max-video-preview:-1\" \/>\n<link rel=\"canonical\" href=\"https:\/\/infoecos.com.ar\/index.php\/ate-de-la-provincia-de-buenos-aires-pidio-que-se-los-llame-este-mes-a-una-nueva-reunion-paritaria\/\" \/>\n<meta property=\"og:locale\" content=\"es_ES\" \/>\n<meta property=\"og:type\" content=\"article\" \/>\n<meta property=\"og:title\" content=\"ATE de la provincia de Buenos Aires pidi\u00f3 que se los llame este mes a una nueva reuni\u00f3n paritaria - Infoecos\" \/>\n<meta property=\"og:description\" content=\"De esta manera, solicitaron que la reuni\u00f3n para discutir salarios, pactada originalmente para noviembre, se adelante para el corriente mes de agosto\" \/>\n<meta property=\"og:url\" content=\"https:\/\/infoecos.com.ar\/index.php\/ate-de-la-provincia-de-buenos-aires-pidio-que-se-los-llame-este-mes-a-una-nueva-reunion-paritaria\/\" \/>\n<meta property=\"og:site_name\" content=\"Infoecos\" \/>\n<meta property=\"article:publisher\" content=\"https:\/\/www.facebook.com\/profile.php?id=100063200290284\" \/>\n<meta property=\"article:published_time\" content=\"2021-08-10T06:40:54+00:00\" \/>\n<meta property=\"article:modified_time\" content=\"2021-08-11T09:48:44+00:00\" \/>\n<meta property=\"og:image\" content=\"https:\/\/infoecos.com.ar\/wp-content\/uploads\/2020\/10\/deisasi.jpg\" \/>\n\t<meta property=\"og:image:width\" content=\"1024\" \/>\n\t<meta property=\"og:image:height\" content=\"682\" \/>\n\t<meta property=\"og:image:type\" content=\"image\/jpeg\" \/>\n<meta name=\"author\" content=\"Jorge Matheus\" \/>\n<meta name=\"twitter:card\" content=\"summary_large_image\" \/>\n<meta name=\"twitter:creator\" content=\"@infoecos\" \/>\n<meta name=\"twitter:site\" content=\"@infoecos\" \/>\n<meta name=\"twitter:label1\" content=\"Escrito por\" \/>\n\t<meta name=\"twitter:data1\" content=\"Jorge Matheus\" \/>\n\t<meta name=\"twitter:label2\" content=\"Tiempo de lectura\" \/>\n\t<meta name=\"twitter:data2\" content=\"1 minuto\" \/>\n<script type=\"application\/ld+json\" class=\"yoast-schema-graph\">{\"@context\":\"https:\/\/schema.org\",\"@graph\":[{\"@type\":\"Article\",\"@id\":\"https:\/\/infoecos.com.ar\/index.php\/ate-de-la-provincia-de-buenos-aires-pidio-que-se-los-llame-este-mes-a-una-nueva-reunion-paritaria\/#article\",\"isPartOf\":{\"@id\":\"https:\/\/infoecos.com.ar\/index.php\/ate-de-la-provincia-de-buenos-aires-pidio-que-se-los-llame-este-mes-a-una-nueva-reunion-paritaria\/\"},\"author\":{\"name\":\"Jorge Matheus\",\"@id\":\"https:\/\/infoecos.com.ar\/#\/schema\/person\/8f5ace5ce73b4b4aac4b7245aee6f191\"},\"headline\":\"ATE de la provincia de Buenos Aires pidi\u00f3 que se los llame este mes a una nueva reuni\u00f3n paritaria\",\"datePublished\":\"2021-08-10T06:40:54+00:00\",\"dateModified\":\"2021-08-11T09:48:44+00:00\",\"mainEntityOfPage\":{\"@id\":\"https:\/\/infoecos.com.ar\/index.php\/ate-de-la-provincia-de-buenos-aires-pidio-que-se-los-llame-este-mes-a-una-nueva-reunion-paritaria\/\"},\"wordCount\":250,\"publisher\":{\"@id\":\"https:\/\/infoecos.com.ar\/#organization\"},\"image\":{\"@id\":\"https:\/\/infoecos.com.ar\/index.php\/ate-de-la-provincia-de-buenos-aires-pidio-que-se-los-llame-este-mes-a-una-nueva-reunion-paritaria\/#primaryimage\"},\"thumbnailUrl\":\"https:\/\/infoecos.com.ar\/wp-content\/uploads\/2020\/10\/deisasi.jpg\",\"keywords\":[\"NOTA A LA MINISTRA DE TRABAJO\"],\"articleSection\":[\"Bloque inferior - 9\"],\"inLanguage\":\"es\"},{\"@type\":\"WebPage\",\"@id\":\"https:\/\/infoecos.com.ar\/index.php\/ate-de-la-provincia-de-buenos-aires-pidio-que-se-los-llame-este-mes-a-una-nueva-reunion-paritaria\/\",\"url\":\"https:\/\/infoecos.com.ar\/index.php\/ate-de-la-provincia-de-buenos-aires-pidio-que-se-los-llame-este-mes-a-una-nueva-reunion-paritaria\/\",\"name\":\"ATE de la provincia de Buenos Aires pidi\u00f3 que se los llame este mes a una nueva reuni\u00f3n paritaria - Infoecos\",\"isPartOf\":{\"@id\":\"https:\/\/infoecos.com.ar\/#website\"},\"primaryImageOfPage\":{\"@id\":\"https:\/\/infoecos.com.ar\/index.php\/ate-de-la-provincia-de-buenos-aires-pidio-que-se-los-llame-este-mes-a-una-nueva-reunion-paritaria\/#primaryimage\"},\"image\":{\"@id\":\"https:\/\/infoecos.com.ar\/index.php\/ate-de-la-provincia-de-buenos-aires-pidio-que-se-los-llame-este-mes-a-una-nueva-reunion-paritaria\/#primaryimage\"},\"thumbnailUrl\":\"https:\/\/infoecos.com.ar\/wp-content\/uploads\/2020\/10\/deisasi.jpg\",\"datePublished\":\"2021-08-10T06:40:54+00:00\",\"dateModified\":\"2021-08-11T09:48:44+00:00\",\"breadcrumb\":{\"@id\":\"https:\/\/infoecos.com.ar\/index.php\/ate-de-la-provincia-de-buenos-aires-pidio-que-se-los-llame-este-mes-a-una-nueva-reunion-paritaria\/#breadcrumb\"},\"inLanguage\":\"es\",\"potentialAction\":[{\"@type\":\"ReadAction\",\"target\":[\"https:\/\/infoecos.com.ar\/index.php\/ate-de-la-provincia-de-buenos-aires-pidio-que-se-los-llame-este-mes-a-una-nueva-reunion-paritaria\/\"]}]},{\"@type\":\"ImageObject\",\"inLanguage\":\"es\",\"@id\":\"https:\/\/infoecos.com.ar\/index.php\/ate-de-la-provincia-de-buenos-aires-pidio-que-se-los-llame-este-mes-a-una-nueva-reunion-paritaria\/#primaryimage\",\"url\":\"https:\/\/infoecos.com.ar\/wp-content\/uploads\/2020\/10\/deisasi.jpg\",\"contentUrl\":\"https:\/\/infoecos.com.ar\/wp-content\/uploads\/2020\/10\/deisasi.jpg\",\"width\":1024,\"height\":682},{\"@type\":\"BreadcrumbList\",\"@id\":\"https:\/\/infoecos.com.ar\/index.php\/ate-de-la-provincia-de-buenos-aires-pidio-que-se-los-llame-este-mes-a-una-nueva-reunion-paritaria\/#breadcrumb\",\"itemListElement\":[{\"@type\":\"ListItem\",\"position\":1,\"name\":\"Portada\",\"item\":\"https:\/\/infoecos.com.ar\/\"},{\"@type\":\"ListItem\",\"position\":2,\"name\":\"ATE de la provincia de Buenos Aires pidi\u00f3 que se los llame este mes a una nueva reuni\u00f3n paritaria\"}]},{\"@type\":\"WebSite\",\"@id\":\"https:\/\/infoecos.com.ar\/#website\",\"url\":\"https:\/\/infoecos.com.ar\/\",\"name\":\"Infoecos\",\"description\":\"Noticias de trenque lauquen y la zona\",\"publisher\":{\"@id\":\"https:\/\/infoecos.com.ar\/#organization\"},\"alternateName\":\"Noticias\",\"potentialAction\":[{\"@type\":\"SearchAction\",\"target\":{\"@type\":\"EntryPoint\",\"urlTemplate\":\"https:\/\/infoecos.com.ar\/?s={search_term_string}\"},\"query-input\":{\"@type\":\"PropertyValueSpecification\",\"valueRequired\":true,\"valueName\":\"search_term_string\"}}],\"inLanguage\":\"es\"},{\"@type\":\"Organization\",\"@id\":\"https:\/\/infoecos.com.ar\/#organization\",\"name\":\"Infoecos\",\"alternateName\":\"Noticias\",\"url\":\"https:\/\/infoecos.com.ar\/\",\"logo\":{\"@type\":\"ImageObject\",\"inLanguage\":\"es\",\"@id\":\"https:\/\/infoecos.com.ar\/#\/schema\/logo\/image\/\",\"url\":\"https:\/\/infoecos.com.ar\/wp-content\/uploads\/2024\/03\/cropped-logo.png\",\"contentUrl\":\"https:\/\/infoecos.com.ar\/wp-content\/uploads\/2024\/03\/cropped-logo.png\",\"width\":374,\"height\":90,\"caption\":\"Infoecos\"},\"image\":{\"@id\":\"https:\/\/infoecos.com.ar\/#\/schema\/logo\/image\/\"},\"sameAs\":[\"https:\/\/www.facebook.com\/profile.php?id=100063200290284\",\"https:\/\/x.com\/infoecos\"]},{\"@type\":\"Person\",\"@id\":\"https:\/\/infoecos.com.ar\/#\/schema\/person\/8f5ace5ce73b4b4aac4b7245aee6f191\",\"name\":\"Jorge Matheus\",\"url\":\"https:\/\/infoecos.com.ar\/index.php\/author\/jomatheus\/\"}]}<\/script>\n<!-- \/ Yoast SEO plugin. -->","yoast_head_json":{"title":"ATE de la provincia de Buenos Aires pidi\u00f3 que se los llame este mes a una nueva reuni\u00f3n paritaria - Infoecos","robots":{"index":"index","follow":"follow","max-snippet":"max-snippet:-1","max-image-preview":"max-image-preview:large","max-video-preview":"max-video-preview:-1"},"canonical":"https:\/\/infoecos.com.ar\/index.php\/ate-de-la-provincia-de-buenos-aires-pidio-que-se-los-llame-este-mes-a-una-nueva-reunion-paritaria\/","og_locale":"es_ES","og_type":"article","og_title":"ATE de la provincia de Buenos Aires pidi\u00f3 que se los llame este mes a una nueva reuni\u00f3n paritaria - Infoecos","og_description":"De esta manera, solicitaron que la reuni\u00f3n para discutir salarios, pactada originalmente para noviembre, se adelante para el corriente mes de agosto","og_url":"https:\/\/infoecos.com.ar\/index.php\/ate-de-la-provincia-de-buenos-aires-pidio-que-se-los-llame-este-mes-a-una-nueva-reunion-paritaria\/","og_site_name":"Infoecos","article_publisher":"https:\/\/www.facebook.com\/profile.php?id=100063200290284","article_published_time":"2021-08-10T06:40:54+00:00","article_modified_time":"2021-08-11T09:48:44+00:00","og_image":[{"width":1024,"height":682,"url":"https:\/\/infoecos.com.ar\/wp-content\/uploads\/2020\/10\/deisasi.jpg","type":"image\/jpeg"}],"author":"Jorge Matheus","twitter_card":"summary_large_image","twitter_creator":"@infoecos","twitter_site":"@infoecos","twitter_misc":{"Escrito por":"Jorge Matheus","Tiempo de lectura":"1 minuto"},"schema":{"@context":"https:\/\/schema.org","@graph":[{"@type":"Article","@id":"https:\/\/infoecos.com.ar\/index.php\/ate-de-la-provincia-de-buenos-aires-pidio-que-se-los-llame-este-mes-a-una-nueva-reunion-paritaria\/#article","isPartOf":{"@id":"https:\/\/infoecos.com.ar\/index.php\/ate-de-la-provincia-de-buenos-aires-pidio-que-se-los-llame-este-mes-a-una-nueva-reunion-paritaria\/"},"author":{"name":"Jorge Matheus","@id":"https:\/\/infoecos.com.ar\/#\/schema\/person\/8f5ace5ce73b4b4aac4b7245aee6f191"},"headline":"ATE de la provincia de Buenos Aires pidi\u00f3 que se los llame este mes a una nueva reuni\u00f3n paritaria","datePublished":"2021-08-10T06:40:54+00:00","dateModified":"2021-08-11T09:48:44+00:00","mainEntityOfPage":{"@id":"https:\/\/infoecos.com.ar\/index.php\/ate-de-la-provincia-de-buenos-aires-pidio-que-se-los-llame-este-mes-a-una-nueva-reunion-paritaria\/"},"wordCount":250,"publisher":{"@id":"https:\/\/infoecos.com.ar\/#organization"},"image":{"@id":"https:\/\/infoecos.com.ar\/index.php\/ate-de-la-provincia-de-buenos-aires-pidio-que-se-los-llame-este-mes-a-una-nueva-reunion-paritaria\/#primaryimage"},"thumbnailUrl":"https:\/\/infoecos.com.ar\/wp-content\/uploads\/2020\/10\/deisasi.jpg","keywords":["NOTA A LA MINISTRA DE TRABAJO"],"articleSection":["Bloque inferior - 9"],"inLanguage":"es"},{"@type":"WebPage","@id":"https:\/\/infoecos.com.ar\/index.php\/ate-de-la-provincia-de-buenos-aires-pidio-que-se-los-llame-este-mes-a-una-nueva-reunion-paritaria\/","url":"https:\/\/infoecos.com.ar\/index.php\/ate-de-la-provincia-de-buenos-aires-pidio-que-se-los-llame-este-mes-a-una-nueva-reunion-paritaria\/","name":"ATE de la provincia de Buenos Aires pidi\u00f3 que se los llame este mes a una nueva reuni\u00f3n paritaria - Infoecos","isPartOf":{"@id":"https:\/\/infoecos.com.ar\/#website"},"primaryImageOfPage":{"@id":"https:\/\/infoecos.com.ar\/index.php\/ate-de-la-provincia-de-buenos-aires-pidio-que-se-los-llame-este-mes-a-una-nueva-reunion-paritaria\/#primaryimage"},"image":{"@id":"https:\/\/infoecos.com.ar\/index.php\/ate-de-la-provincia-de-buenos-aires-pidio-que-se-los-llame-este-mes-a-una-nueva-reunion-paritaria\/#primaryimage"},"thumbnailUrl":"https:\/\/infoecos.com.ar\/wp-content\/uploads\/2020\/10\/deisasi.jpg","datePublished":"2021-08-10T06:40:54+00:00","dateModified":"2021-08-11T09:48:44+00:00","breadcrumb":{"@id":"https:\/\/infoecos.com.ar\/index.php\/ate-de-la-provincia-de-buenos-aires-pidio-que-se-los-llame-este-mes-a-una-nueva-reunion-paritaria\/#breadcrumb"},"inLanguage":"es","potentialAction":[{"@type":"ReadAction","target":["https:\/\/infoecos.com.ar\/index.php\/ate-de-la-provincia-de-buenos-aires-pidio-que-se-los-llame-este-mes-a-una-nueva-reunion-paritaria\/"]}]},{"@type":"ImageObject","inLanguage":"es","@id":"https:\/\/infoecos.com.ar\/index.php\/ate-de-la-provincia-de-buenos-aires-pidio-que-se-los-llame-este-mes-a-una-nueva-reunion-paritaria\/#primaryimage","url":"https:\/\/infoecos.com.ar\/wp-content\/uploads\/2020\/10\/deisasi.jpg","contentUrl":"https:\/\/infoecos.com.ar\/wp-content\/uploads\/2020\/10\/deisasi.jpg","width":1024,"height":682},{"@type":"BreadcrumbList","@id":"https:\/\/infoecos.com.ar\/index.php\/ate-de-la-provincia-de-buenos-aires-pidio-que-se-los-llame-este-mes-a-una-nueva-reunion-paritaria\/#breadcrumb","itemListElement":[{"@type":"ListItem","position":1,"name":"Portada","item":"https:\/\/infoecos.com.ar\/"},{"@type":"ListItem","position":2,"name":"ATE de la provincia de Buenos Aires pidi\u00f3 que se los llame este mes a una nueva reuni\u00f3n paritaria"}]},{"@type":"WebSite","@id":"https:\/\/infoecos.com.ar\/#website","url":"https:\/\/infoecos.com.ar\/","name":"Infoecos","description":"Noticias de trenque lauquen y la zona","publisher":{"@id":"https:\/\/infoecos.com.ar\/#organization"},"alternateName":"Noticias","potentialAction":[{"@type":"SearchAction","target":{"@type":"EntryPoint","urlTemplate":"https:\/\/infoecos.com.ar\/?s={search_term_string}"},"query-input":{"@type":"PropertyValueSpecification","valueRequired":true,"valueName":"search_term_string"}}],"inLanguage":"es"},{"@type":"Organization","@id":"https:\/\/infoecos.com.ar\/#organization","name":"Infoecos","alternateName":"Noticias","url":"https:\/\/infoecos.com.ar\/","logo":{"@type":"ImageObject","inLanguage":"es","@id":"https:\/\/infoecos.com.ar\/#\/schema\/logo\/image\/","url":"https:\/\/infoecos.com.ar\/wp-content\/uploads\/2024\/03\/cropped-logo.png","contentUrl":"https:\/\/infoecos.com.ar\/wp-content\/uploads\/2024\/03\/cropped-logo.png","width":374,"height":90,"caption":"Infoecos"},"image":{"@id":"https:\/\/infoecos.com.ar\/#\/schema\/logo\/image\/"},"sameAs":["https:\/\/www.facebook.com\/profile.php?id=100063200290284","https:\/\/x.com\/infoecos"]},{"@type":"Person","@id":"https:\/\/infoecos.com.ar\/#\/schema\/person\/8f5ace5ce73b4b4aac4b7245aee6f191","name":"Jorge Matheus","url":"https:\/\/infoecos.com.ar\/index.php\/author\/jomatheus\/"}]}},"featured_image_urls":{"full":["https:\/\/infoecos.com.ar\/wp-content\/uploads\/2020\/10\/deisasi.jpg",1024,682,false],"thumbnail":["https:\/\/infoecos.com.ar\/wp-content\/uploads\/2020\/10\/deisasi-150x150.jpg",150,150,true],"medium":["https:\/\/infoecos.com.ar\/wp-content\/uploads\/2020\/10\/deisasi-460x306.jpg",460,306,true],"medium_large":["https:\/\/infoecos.com.ar\/wp-content\/uploads\/2020\/10\/deisasi-768x512.jpg",640,427,true],"large":["https:\/\/infoecos.com.ar\/wp-content\/uploads\/2020\/10\/deisasi-920x613.jpg",640,426,true],"1536x1536":["https:\/\/infoecos.com.ar\/wp-content\/uploads\/2020\/10\/deisasi.jpg",1024,682,false],"2048x2048":["https:\/\/infoecos.com.ar\/wp-content\/uploads\/2020\/10\/deisasi.jpg",1024,682,false],"covernews-slider-full":["https:\/\/infoecos.com.ar\/wp-content\/uploads\/2020\/10\/deisasi.jpg",1024,682,false],"covernews-slider-center":["https:\/\/infoecos.com.ar\/wp-content\/uploads\/2020\/10\/deisasi-936x682.jpg",686,500,true],"covernews-featured":["https:\/\/infoecos.com.ar\/wp-content\/uploads\/2020\/10\/deisasi.jpg",1024,682,false],"covernews-medium":["https:\/\/infoecos.com.ar\/wp-content\/uploads\/2020\/10\/deisasi-720x380.jpg",540,285,true],"covernews-medium-square":["https:\/\/infoecos.com.ar\/wp-content\/uploads\/2020\/10\/deisasi-675x450.jpg",375,250,true]},"author_info":{"info":["Jorge Matheus"]},"category_info":"<a href=\"https:\/\/infoecos.com.ar\/index.php\/category\/inferior9\/\" rel=\"category tag\">Bloque inferior - 9<\/a>","tag_info":"Bloque inferior - 9","comment_count":"0","_links":{"self":[{"href":"https:\/\/infoecos.com.ar\/index.php\/wp-json\/wp\/v2\/posts\/83079"}],"collection":[{"href":"https:\/\/infoecos.com.ar\/index.php\/wp-json\/wp\/v2\/posts"}],"about":[{"href":"https:\/\/infoecos.com.ar\/index.php\/wp-json\/wp\/v2\/types\/post"}],"author":[{"embeddable":true,"href":"https:\/\/infoecos.com.ar\/index.php\/wp-json\/wp\/v2\/users\/2"}],"replies":[{"embeddable":true,"href":"https:\/\/infoecos.com.ar\/index.php\/wp-json\/wp\/v2\/comments?post=83079"}],"version-history":[{"count":1,"href":"https:\/\/infoecos.com.ar\/index.php\/wp-json\/wp\/v2\/posts\/83079\/revisions"}],"predecessor-version":[{"id":83080,"href":"https:\/\/infoecos.com.ar\/index.php\/wp-json\/wp\/v2\/posts\/83079\/revisions\/83080"}],"wp:featuredmedia":[{"embeddable":true,"href":"https:\/\/infoecos.com.ar\/index.php\/wp-json\/wp\/v2\/media\/69169"}],"wp:attachment":[{"href":"https:\/\/infoecos.com.ar\/index.php\/wp-json\/wp\/v2\/media?parent=83079"}],"wp:term":[{"taxonomy":"category","embeddable":true,"href":"https:\/\/infoecos.com.ar\/index.php\/wp-json\/wp\/v2\/categories?post=83079"},{"taxonomy":"post_tag","embeddable":true,"href":"https:\/\/infoecos.com.ar\/index.php\/wp-json\/wp\/v2\/tags?post=83079"}],"curies":[{"name":"wp","href":"https:\/\/api.w.org\/{rel}","templated":true}]}}