{"id":83081,"date":"2021-08-10T03:55:31","date_gmt":"2021-08-10T06:55:31","guid":{"rendered":"http:\/\/infoecos.com.ar\/?p=83081"},"modified":"2021-08-11T06:48:20","modified_gmt":"2021-08-11T09:48:20","slug":"por-haberse-vacunado-una-vecina-de-monte-hermoso-gano-un-automovil-0-kilometro","status":"publish","type":"post","link":"https:\/\/infoecos.com.ar\/index.php\/por-haberse-vacunado-una-vecina-de-monte-hermoso-gano-un-automovil-0-kilometro\/","title":{"rendered":"Por haberse vacunado una vecina de Monte Hermoso gan\u00f3 un autom\u00f3vil 0 Kil\u00f3metro"},"content":{"rendered":"\n<p class=\"wp-block-paragraph\">Con el n\u00famero 5.311, la vecina Marcia Susana Menna fue la ganadora del autom\u00f3vil cero kil\u00f3metro &nbsp;que el municipio de Monte Hermoso sorte\u00f3 entre todos las personas vacunadas contra el coronavirus hasta el 30 de julio pasado.<\/p>\n\n\n\n<div class=\"wp-block-image is-style-default\"><figure class=\"aligncenter size-medium\"><img loading=\"lazy\" decoding=\"async\" width=\"460\" height=\"307\" src=\"http:\/\/infoecos.com.ar\/wp-content\/uploads\/2021\/08\/montehermoso1-460x307.jpg\" alt=\"\" class=\"wp-image-83082\" srcset=\"https:\/\/infoecos.com.ar\/wp-content\/uploads\/2021\/08\/montehermoso1-460x307.jpg 460w, https:\/\/infoecos.com.ar\/wp-content\/uploads\/2021\/08\/montehermoso1-920x613.jpg 920w, https:\/\/infoecos.com.ar\/wp-content\/uploads\/2021\/08\/montehermoso1-768x512.jpg 768w, https:\/\/infoecos.com.ar\/wp-content\/uploads\/2021\/08\/montehermoso1-1536x1024.jpg 1536w, https:\/\/infoecos.com.ar\/wp-content\/uploads\/2021\/08\/montehermoso1-1024x683.jpg 1024w, https:\/\/infoecos.com.ar\/wp-content\/uploads\/2021\/08\/montehermoso1-675x450.jpg 675w, https:\/\/infoecos.com.ar\/wp-content\/uploads\/2021\/08\/montehermoso1.jpg 2048w\" sizes=\"auto, (max-width: 460px) 100vw, 460px\" \/><\/figure><\/div>\n\n\n\n<p class=\"wp-block-paragraph\">La ganadora, de 29 a\u00f1os de edad y madre de dos ni\u00f1as, acceder\u00e1 al veh\u00edculo en los pr\u00f3ximos d\u00edas, despu\u00e9s de cumplimentar los tr\u00e1mites correspondientes.<\/p>\n\n\n\n<p class=\"wp-block-paragraph\">El sorteo se llev\u00f3 a cabo ayer en el Centro de Convenciones, y cont\u00f3 con la presencia del secretario de Gobierno, Hern\u00e1n Arranz; de su par de Salud, Jorge Busca, y del escribano Hugo Alvarez Bay\u00f3n. De \u00e9l participaron los 6.343 habitantes del balneario, de 18 a\u00f1os en adelante, que hab\u00edan sido inoculados hasta el fin del mes pasado.<\/p>\n\n\n\n<div class=\"wp-block-image is-style-default\"><figure class=\"aligncenter size-medium\"><img loading=\"lazy\" decoding=\"async\" width=\"460\" height=\"307\" src=\"http:\/\/infoecos.com.ar\/wp-content\/uploads\/2021\/08\/montehermosoch-460x307.jpg\" alt=\"\" class=\"wp-image-83083\" srcset=\"https:\/\/infoecos.com.ar\/wp-content\/uploads\/2021\/08\/montehermosoch-460x307.jpg 460w, https:\/\/infoecos.com.ar\/wp-content\/uploads\/2021\/08\/montehermosoch-920x613.jpg 920w, https:\/\/infoecos.com.ar\/wp-content\/uploads\/2021\/08\/montehermosoch-768x512.jpg 768w, https:\/\/infoecos.com.ar\/wp-content\/uploads\/2021\/08\/montehermosoch-1536x1024.jpg 1536w, https:\/\/infoecos.com.ar\/wp-content\/uploads\/2021\/08\/montehermosoch-1024x683.jpg 1024w, https:\/\/infoecos.com.ar\/wp-content\/uploads\/2021\/08\/montehermosoch-675x450.jpg 675w, https:\/\/infoecos.com.ar\/wp-content\/uploads\/2021\/08\/montehermosoch.jpg 2048w\" sizes=\"auto, (max-width: 460px) 100vw, 460px\" \/><\/figure><\/div>\n\n\n\n<p class=\"wp-block-paragraph\">Busca se mostr\u00f3 muy conforme con cantidad de poblaci\u00f3n que se ha vacunado en el distrito, y destac\u00f3 que Monte Hermoso tiene casi el 100 por ciento de los mayores de 60 a\u00f1os ya inmunizados contra el COVID-19.<\/p>\n\n\n\n<p class=\"wp-block-paragraph\">Adem\u00e1s, destac\u00f3 que la iniciativa de sortear un Chevrolet Onix cero kil\u00f3metro se tom\u00f3, sobre todo, porque hab\u00eda entre los j\u00f3venes un nivel de contagio muy importante, buscando incentivar la vacunaci\u00f3n.<\/p>\n","protected":false},"excerpt":{"rendered":"<p>El sorteo se llev\u00f3 a cabo ayer en el Centro de Convenciones, y cont\u00f3 con la presencia del secretario de Gobierno, Hern\u00e1n Arranz; de su par de Salud, Jorge Busca, y del escribano Hugo Alvarez Bay\u00f3n<\/p>\n","protected":false},"author":2,"featured_media":83083,"comment_status":"closed","ping_status":"open","sticky":false,"template":"","format":"standard","meta":{"footnotes":""},"categories":[200],"tags":[4608],"class_list":["post-83081","post","type-post","status-publish","format-standard","has-post-thumbnail","hentry","category-inferior8","tag-participaron-los-6343-vecinos"],"featured_image_urls":{"full":["https:\/\/infoecos.com.ar\/wp-content\/uploads\/2021\/08\/montehermosoch.jpg",2048,1365,false],"thumbnail":["https:\/\/infoecos.com.ar\/wp-content\/uploads\/2021\/08\/montehermosoch-150x150.jpg",150,150,true],"medium":["https:\/\/infoecos.com.ar\/wp-content\/uploads\/2021\/08\/montehermosoch-460x307.jpg",460,307,true],"medium_large":["https:\/\/infoecos.com.ar\/wp-content\/uploads\/2021\/08\/montehermosoch-768x512.jpg",640,427,true],"large":["https:\/\/infoecos.com.ar\/wp-content\/uploads\/2021\/08\/montehermosoch-920x613.jpg",640,426,true],"1536x1536":["https:\/\/infoecos.com.ar\/wp-content\/uploads\/2021\/08\/montehermosoch-1536x1024.jpg",1536,1024,true],"2048x2048":["https:\/\/infoecos.com.ar\/wp-content\/uploads\/2021\/08\/montehermosoch.jpg",2048,1365,false],"covernews-slider-full":["https:\/\/infoecos.com.ar\/wp-content\/uploads\/2021\/08\/montehermosoch-1536x1020.jpg",1077,715,true],"covernews-slider-center":["https:\/\/infoecos.com.ar\/wp-content\/uploads\/2021\/08\/montehermosoch-936x897.jpg",522,500,true],"covernews-featured":["https:\/\/infoecos.com.ar\/wp-content\/uploads\/2021\/08\/montehermosoch-1024x683.jpg",1024,683,true],"covernews-medium":["https:\/\/infoecos.com.ar\/wp-content\/uploads\/2021\/08\/montehermosoch-720x380.jpg",540,285,true],"covernews-medium-square":["https:\/\/infoecos.com.ar\/wp-content\/uploads\/2021\/08\/montehermosoch-675x450.jpg",375,250,true]},"author_info":{"info":["Jorge Matheus"]},"category_info":"<a href=\"https:\/\/infoecos.com.ar\/index.php\/category\/inferior8\/\" rel=\"category tag\">Bloque inferior - 8<\/a>","tag_info":"Bloque inferior - 8","comment_count":"0","_links":{"self":[{"href":"https:\/\/infoecos.com.ar\/index.php\/wp-json\/wp\/v2\/posts\/83081","targetHints":{"allow":["GET"]}}],"collection":[{"href":"https:\/\/infoecos.com.ar\/index.php\/wp-json\/wp\/v2\/posts"}],"about":[{"href":"https:\/\/infoecos.com.ar\/index.php\/wp-json\/wp\/v2\/types\/post"}],"author":[{"embeddable":true,"href":"https:\/\/infoecos.com.ar\/index.php\/wp-json\/wp\/v2\/users\/2"}],"replies":[{"embeddable":true,"href":"https:\/\/infoecos.com.ar\/index.php\/wp-json\/wp\/v2\/comments?post=83081"}],"version-history":[{"count":2,"href":"https:\/\/infoecos.com.ar\/index.php\/wp-json\/wp\/v2\/posts\/83081\/revisions"}],"predecessor-version":[{"id":83198,"href":"https:\/\/infoecos.com.ar\/index.php\/wp-json\/wp\/v2\/posts\/83081\/revisions\/83198"}],"wp:featuredmedia":[{"embeddable":true,"href":"https:\/\/infoecos.com.ar\/index.php\/wp-json\/wp\/v2\/media\/83083"}],"wp:attachment":[{"href":"https:\/\/infoecos.com.ar\/index.php\/wp-json\/wp\/v2\/media?parent=83081"}],"wp:term":[{"taxonomy":"category","embeddable":true,"href":"https:\/\/infoecos.com.ar\/index.php\/wp-json\/wp\/v2\/categories?post=83081"},{"taxonomy":"post_tag","embeddable":true,"href":"https:\/\/infoecos.com.ar\/index.php\/wp-json\/wp\/v2\/tags?post=83081"}],"curies":[{"name":"wp","href":"https:\/\/api.w.org\/{rel}","templated":true}]}}