{"id":83102,"date":"2021-08-10T05:11:29","date_gmt":"2021-08-10T08:11:29","guid":{"rendered":"http:\/\/infoecos.com.ar\/?p=83102"},"modified":"2021-08-10T05:11:35","modified_gmt":"2021-08-10T08:11:35","slug":"se-inauguro-en-la-localidad-de-el-triunfo-la-primera-estacion-digital-del-distrito-de-lincoln","status":"publish","type":"post","link":"https:\/\/infoecos.com.ar\/index.php\/se-inauguro-en-la-localidad-de-el-triunfo-la-primera-estacion-digital-del-distrito-de-lincoln\/","title":{"rendered":"Se inaugur\u00f3 en la localidad de El Triunfo la primera \u00abEstaci\u00f3n Digital\u00bb del distrito de Lincoln"},"content":{"rendered":"\n<p class=\"wp-block-paragraph\">El intendente de Lincoln, Salvador\u00a0Serenal,\u00a0inaugur\u00f3 oficialmente la primera \u201cEstaci\u00f3n Digital\u201d como parte de una iniciativa que busca ampliar el acceso a internet de los\u00a0j\u00f3venes y adultos mayores en las localidades del Distrito.\u00a0La pr\u00f3xima \u201cEstaci\u00f3n Digital\u201d que abrir\u00e1 sus puertas estar\u00e1 ubicada en Roberts.\u00a0<\/p>\n\n\n\n<div class=\"wp-block-image is-style-default\"><figure class=\"aligncenter size-medium\"><img loading=\"lazy\" decoding=\"async\" width=\"460\" height=\"307\" src=\"http:\/\/infoecos.com.ar\/wp-content\/uploads\/2021\/08\/Estacion-digital-El-Triunfo-460x307.jpeg\" alt=\"\" class=\"wp-image-83103\" srcset=\"https:\/\/infoecos.com.ar\/wp-content\/uploads\/2021\/08\/Estacion-digital-El-Triunfo-460x307.jpeg 460w, https:\/\/infoecos.com.ar\/wp-content\/uploads\/2021\/08\/Estacion-digital-El-Triunfo-920x613.jpeg 920w, https:\/\/infoecos.com.ar\/wp-content\/uploads\/2021\/08\/Estacion-digital-El-Triunfo-768x512.jpeg 768w, https:\/\/infoecos.com.ar\/wp-content\/uploads\/2021\/08\/Estacion-digital-El-Triunfo-1024x683.jpeg 1024w, https:\/\/infoecos.com.ar\/wp-content\/uploads\/2021\/08\/Estacion-digital-El-Triunfo-675x450.jpeg 675w, https:\/\/infoecos.com.ar\/wp-content\/uploads\/2021\/08\/Estacion-digital-El-Triunfo.jpeg 1536w\" sizes=\"auto, (max-width: 460px) 100vw, 460px\" \/><\/figure><\/div>\n\n\n\n<p class=\"wp-block-paragraph\">A trav\u00e9s de este Plan de Conectividad impulsado por la&nbsp;Secretar\u00eda de Cultura y Educaci\u00f3n, se brinda un espacio para que los vecinos puedan acceder a una conexi\u00f3n segura y accesible con fines educativos y sociales. La propuesta est\u00e1 dirigida principalmente a estudiantes y adultos.&nbsp;<\/p>\n\n\n\n<p class=\"wp-block-paragraph\">El intendente&nbsp;Serenal&nbsp;destac\u00f3 \u201clas oportunidades que esta \u2018Estaci\u00f3n Digital\u2019 ofrece porque, en la actualidad, es indispensable la conectividad para todo lo que son tr\u00e1mites, turnos en bancos, organismos, y para quienes siguen capacit\u00e1ndose, cada d\u00eda necesitamos m\u00e1s y mejor conexi\u00f3n a internet\u201d.&nbsp;&nbsp;<\/p>\n\n\n\n<div class=\"wp-block-image is-style-default\"><figure class=\"aligncenter size-medium\"><img loading=\"lazy\" decoding=\"async\" width=\"460\" height=\"307\" src=\"http:\/\/infoecos.com.ar\/wp-content\/uploads\/2021\/08\/Estacion-Digital-El-Triunfo-01-460x307.jpeg\" alt=\"\" class=\"wp-image-83104\" srcset=\"https:\/\/infoecos.com.ar\/wp-content\/uploads\/2021\/08\/Estacion-Digital-El-Triunfo-01-460x307.jpeg 460w, https:\/\/infoecos.com.ar\/wp-content\/uploads\/2021\/08\/Estacion-Digital-El-Triunfo-01-920x613.jpeg 920w, https:\/\/infoecos.com.ar\/wp-content\/uploads\/2021\/08\/Estacion-Digital-El-Triunfo-01-768x512.jpeg 768w, https:\/\/infoecos.com.ar\/wp-content\/uploads\/2021\/08\/Estacion-Digital-El-Triunfo-01-1024x683.jpeg 1024w, https:\/\/infoecos.com.ar\/wp-content\/uploads\/2021\/08\/Estacion-Digital-El-Triunfo-01-675x450.jpeg 675w, https:\/\/infoecos.com.ar\/wp-content\/uploads\/2021\/08\/Estacion-Digital-El-Triunfo-01.jpeg 1536w\" sizes=\"auto, (max-width: 460px) 100vw, 460px\" \/><\/figure><\/div>\n\n\n\n<p class=\"wp-block-paragraph\">\u201cEl objetivo principal de este programa es posibilitar a los estudiantes de los distintos niveles educativos el acceso a la conectividad contando con las herramientas necesarias y la orientaci\u00f3n de un docente\u201d, comentaron desde la cartera educativa local.&nbsp;<\/p>\n\n\n\n<p class=\"wp-block-paragraph\">A su vez, resaltaron otra de las finalidades que tendr\u00e1 esta iniciativa, la cual posibilitar\u00e1 que los adultos que no posean herramientas digitales puedan acceder a las mismas y ser asesorados en la realizaci\u00f3n de tr\u00e1mites, solicitudes, cursos virtuales, etc.&nbsp;<\/p>\n","protected":false},"excerpt":{"rendered":"<p>El intendente Serenal destac\u00f3 \u201clas oportunidades que esta \u2018Estaci\u00f3n Digital\u2019 ofrece porque, en la actualidad, es indispensable la conectividad para todo lo que son tr\u00e1mites, turnos en bancos, organismos<\/p>\n","protected":false},"author":2,"featured_media":83104,"comment_status":"closed","ping_status":"open","sticky":false,"template":"","format":"standard","meta":{"footnotes":""},"categories":[1326],"tags":[4616],"class_list":["post-83102","post","type-post","status-publish","format-standard","has-post-thumbnail","hentry","category-c2nota6","tag-en-poco-tiempo-vendra-la-de-roberts"],"featured_image_urls":{"full":["https:\/\/infoecos.com.ar\/wp-content\/uploads\/2021\/08\/Estacion-Digital-El-Triunfo-01.jpeg",1536,1024,false],"thumbnail":["https:\/\/infoecos.com.ar\/wp-content\/uploads\/2021\/08\/Estacion-Digital-El-Triunfo-01-150x150.jpeg",150,150,true],"medium":["https:\/\/infoecos.com.ar\/wp-content\/uploads\/2021\/08\/Estacion-Digital-El-Triunfo-01-460x307.jpeg",460,307,true],"medium_large":["https:\/\/infoecos.com.ar\/wp-content\/uploads\/2021\/08\/Estacion-Digital-El-Triunfo-01-768x512.jpeg",640,427,true],"large":["https:\/\/infoecos.com.ar\/wp-content\/uploads\/2021\/08\/Estacion-Digital-El-Triunfo-01-920x613.jpeg",640,426,true],"1536x1536":["https:\/\/infoecos.com.ar\/wp-content\/uploads\/2021\/08\/Estacion-Digital-El-Triunfo-01.jpeg",1536,1024,false],"2048x2048":["https:\/\/infoecos.com.ar\/wp-content\/uploads\/2021\/08\/Estacion-Digital-El-Triunfo-01.jpeg",1536,1024,false],"covernews-slider-full":["https:\/\/infoecos.com.ar\/wp-content\/uploads\/2021\/08\/Estacion-Digital-El-Triunfo-01-1536x1020.jpeg",1077,715,true],"covernews-slider-center":["https:\/\/infoecos.com.ar\/wp-content\/uploads\/2021\/08\/Estacion-Digital-El-Triunfo-01-936x897.jpeg",522,500,true],"covernews-featured":["https:\/\/infoecos.com.ar\/wp-content\/uploads\/2021\/08\/Estacion-Digital-El-Triunfo-01-1024x683.jpeg",1024,683,true],"covernews-medium":["https:\/\/infoecos.com.ar\/wp-content\/uploads\/2021\/08\/Estacion-Digital-El-Triunfo-01-720x380.jpeg",540,285,true],"covernews-medium-square":["https:\/\/infoecos.com.ar\/wp-content\/uploads\/2021\/08\/Estacion-Digital-El-Triunfo-01-675x450.jpeg",375,250,true]},"author_info":{"info":["Jorge Matheus"]},"category_info":"<a href=\"https:\/\/infoecos.com.ar\/index.php\/category\/c2nota6\/\" rel=\"category tag\">C2 N6<\/a>","tag_info":"C2 N6","comment_count":"0","_links":{"self":[{"href":"https:\/\/infoecos.com.ar\/index.php\/wp-json\/wp\/v2\/posts\/83102","targetHints":{"allow":["GET"]}}],"collection":[{"href":"https:\/\/infoecos.com.ar\/index.php\/wp-json\/wp\/v2\/posts"}],"about":[{"href":"https:\/\/infoecos.com.ar\/index.php\/wp-json\/wp\/v2\/types\/post"}],"author":[{"embeddable":true,"href":"https:\/\/infoecos.com.ar\/index.php\/wp-json\/wp\/v2\/users\/2"}],"replies":[{"embeddable":true,"href":"https:\/\/infoecos.com.ar\/index.php\/wp-json\/wp\/v2\/comments?post=83102"}],"version-history":[{"count":1,"href":"https:\/\/infoecos.com.ar\/index.php\/wp-json\/wp\/v2\/posts\/83102\/revisions"}],"predecessor-version":[{"id":83105,"href":"https:\/\/infoecos.com.ar\/index.php\/wp-json\/wp\/v2\/posts\/83102\/revisions\/83105"}],"wp:featuredmedia":[{"embeddable":true,"href":"https:\/\/infoecos.com.ar\/index.php\/wp-json\/wp\/v2\/media\/83104"}],"wp:attachment":[{"href":"https:\/\/infoecos.com.ar\/index.php\/wp-json\/wp\/v2\/media?parent=83102"}],"wp:term":[{"taxonomy":"category","embeddable":true,"href":"https:\/\/infoecos.com.ar\/index.php\/wp-json\/wp\/v2\/categories?post=83102"},{"taxonomy":"post_tag","embeddable":true,"href":"https:\/\/infoecos.com.ar\/index.php\/wp-json\/wp\/v2\/tags?post=83102"}],"curies":[{"name":"wp","href":"https:\/\/api.w.org\/{rel}","templated":true}]}}