{"id":83106,"date":"2021-08-10T05:17:43","date_gmt":"2021-08-10T08:17:43","guid":{"rendered":"http:\/\/infoecos.com.ar\/?p=83106"},"modified":"2021-08-10T18:37:41","modified_gmt":"2021-08-10T21:37:41","slug":"el-gobernador-kicillof-anuncio-la-continuidad-del-plan-de-descuentos-que-brinda-el-banco-provincia","status":"publish","type":"post","link":"https:\/\/infoecos.com.ar\/index.php\/el-gobernador-kicillof-anuncio-la-continuidad-del-plan-de-descuentos-que-brinda-el-banco-provincia\/","title":{"rendered":"El gobernador Kicillof anunci\u00f3 la continuidad del plan de descuentos que brinda el Banco Provincia"},"content":{"rendered":"\n<p class=\"wp-block-paragraph\">El gobernador anunci\u00f3 junto a Juan Cuattromo la continuidad del plan de descuentos que brinda el Banco Provincia para la compra de alimentos y garrafas a trav\u00e9s de la billetera virtual Cuenta DNI.&nbsp;<\/p>\n\n\n\n<p class=\"wp-block-paragraph\">La iniciativa que abarca compras en comercios de barrio y supermercados se puso en marcha el mes pasado y ya se beneficiaron a 350 mil bonaerenses, promoviendo la actividad de los comercios de cercan\u00eda.<\/p>\n\n\n\n<p class=\"wp-block-paragraph\">\u201cHoy la billetera digital Cuenta DNI es una verdadera herramienta de inclusi\u00f3n, con cerca de tres millones y medio de usuarios en la Provincia que pueden acceder a sus beneficios y descuentos\u201d, destac\u00f3 Cuattromo, al tiempo que detall\u00f3 que el programa que seguir\u00e1 vigente en agosto incluye 30% de descuento en compra de alimentos en comercios de barrio; 20% en cadenas de supermercados y rebajas diarias del 50% en garrafas.<\/p>\n\n\n\n<p class=\"wp-block-paragraph\">\u201cEstamos poniendo al servicio del pueblo de la provincia de Buenos Aires todas las herramientas que el Banco Provincia tiene para acompa\u00f1arlos durante la reactivaci\u00f3n econ\u00f3mica\u201d, cerr\u00f3 Cuattromo.<\/p>\n\n\n\n<p class=\"wp-block-paragraph\">En ese sentido, Kicillof explic\u00f3 que \u201cen julio el consumo con Cuenta DNI aument\u00f3 un 65% gracias al proceso de recuperaci\u00f3n econ\u00f3mica que genera la vacunaci\u00f3n, y desde el Estado provincial trabajamos para articular las herramientas necesarias para que esa reactivaci\u00f3n est\u00e9 dirigida a los sectores que m\u00e1s la necesitan\u201d. Y concluy\u00f3: \u201cEstos programas son un aporte para impulsar la econom\u00eda de la provincia de Buenos Aires en el momento en que necesitamos pasar de la resistencia frente a la pandemia a otra etapa de reconstrucci\u00f3n y renacimiento\u201d.<\/p>\n","protected":false},"excerpt":{"rendered":"<p>A trav\u00e9s de la billetera virtual Cuenta DNI. La iniciativa que abarca compras en comercios de barrio y supermercados se puso en marcha el mes pasado<\/p>\n","protected":false},"author":2,"featured_media":71442,"comment_status":"closed","ping_status":"open","sticky":false,"template":"","format":"standard","meta":{"footnotes":""},"categories":[44],"tags":[4617],"class_list":["post-83106","post","type-post","status-publish","format-standard","has-post-thumbnail","hentry","category-inferior5","tag-compra-de-alimentos-y-garrafas"],"featured_image_urls":{"full":["https:\/\/infoecos.com.ar\/wp-content\/uploads\/2020\/12\/Juan-Cuattromo-presidente-de-Banco-Provincia-3-scaled.jpg",2560,1707,false],"thumbnail":["https:\/\/infoecos.com.ar\/wp-content\/uploads\/2020\/12\/Juan-Cuattromo-presidente-de-Banco-Provincia-3-150x150.jpg",150,150,true],"medium":["https:\/\/infoecos.com.ar\/wp-content\/uploads\/2020\/12\/Juan-Cuattromo-presidente-de-Banco-Provincia-3-460x307.jpg",460,307,true],"medium_large":["https:\/\/infoecos.com.ar\/wp-content\/uploads\/2020\/12\/Juan-Cuattromo-presidente-de-Banco-Provincia-3-768x512.jpg",640,427,true],"large":["https:\/\/infoecos.com.ar\/wp-content\/uploads\/2020\/12\/Juan-Cuattromo-presidente-de-Banco-Provincia-3-920x613.jpg",640,426,true],"1536x1536":["https:\/\/infoecos.com.ar\/wp-content\/uploads\/2020\/12\/Juan-Cuattromo-presidente-de-Banco-Provincia-3-1536x1024.jpg",1536,1024,true],"2048x2048":["https:\/\/infoecos.com.ar\/wp-content\/uploads\/2020\/12\/Juan-Cuattromo-presidente-de-Banco-Provincia-3-2048x1365.jpg",2048,1365,true],"covernews-slider-full":["https:\/\/infoecos.com.ar\/wp-content\/uploads\/2020\/12\/Juan-Cuattromo-presidente-de-Banco-Provincia-3-1536x1020.jpg",1077,715,true],"covernews-slider-center":["https:\/\/infoecos.com.ar\/wp-content\/uploads\/2020\/12\/Juan-Cuattromo-presidente-de-Banco-Provincia-3-936x897.jpg",522,500,true],"covernews-featured":["https:\/\/infoecos.com.ar\/wp-content\/uploads\/2020\/12\/Juan-Cuattromo-presidente-de-Banco-Provincia-3-1024x683.jpg",1024,683,true],"covernews-medium":["https:\/\/infoecos.com.ar\/wp-content\/uploads\/2020\/12\/Juan-Cuattromo-presidente-de-Banco-Provincia-3-720x380.jpg",540,285,true],"covernews-medium-square":["https:\/\/infoecos.com.ar\/wp-content\/uploads\/2020\/12\/Juan-Cuattromo-presidente-de-Banco-Provincia-3-675x450.jpg",375,250,true]},"author_info":{"info":["Jorge Matheus"]},"category_info":"<a href=\"https:\/\/infoecos.com.ar\/index.php\/category\/inferior5\/\" rel=\"category tag\">Bloque inferior - 5<\/a>","tag_info":"Bloque inferior - 5","comment_count":"0","_links":{"self":[{"href":"https:\/\/infoecos.com.ar\/index.php\/wp-json\/wp\/v2\/posts\/83106","targetHints":{"allow":["GET"]}}],"collection":[{"href":"https:\/\/infoecos.com.ar\/index.php\/wp-json\/wp\/v2\/posts"}],"about":[{"href":"https:\/\/infoecos.com.ar\/index.php\/wp-json\/wp\/v2\/types\/post"}],"author":[{"embeddable":true,"href":"https:\/\/infoecos.com.ar\/index.php\/wp-json\/wp\/v2\/users\/2"}],"replies":[{"embeddable":true,"href":"https:\/\/infoecos.com.ar\/index.php\/wp-json\/wp\/v2\/comments?post=83106"}],"version-history":[{"count":2,"href":"https:\/\/infoecos.com.ar\/index.php\/wp-json\/wp\/v2\/posts\/83106\/revisions"}],"predecessor-version":[{"id":83150,"href":"https:\/\/infoecos.com.ar\/index.php\/wp-json\/wp\/v2\/posts\/83106\/revisions\/83150"}],"wp:featuredmedia":[{"embeddable":true,"href":"https:\/\/infoecos.com.ar\/index.php\/wp-json\/wp\/v2\/media\/71442"}],"wp:attachment":[{"href":"https:\/\/infoecos.com.ar\/index.php\/wp-json\/wp\/v2\/media?parent=83106"}],"wp:term":[{"taxonomy":"category","embeddable":true,"href":"https:\/\/infoecos.com.ar\/index.php\/wp-json\/wp\/v2\/categories?post=83106"},{"taxonomy":"post_tag","embeddable":true,"href":"https:\/\/infoecos.com.ar\/index.php\/wp-json\/wp\/v2\/tags?post=83106"}],"curies":[{"name":"wp","href":"https:\/\/api.w.org\/{rel}","templated":true}]}}