{"id":83156,"date":"2021-08-11T03:26:33","date_gmt":"2021-08-11T06:26:33","guid":{"rendered":"http:\/\/infoecos.com.ar\/?p=83156"},"modified":"2021-08-12T06:23:29","modified_gmt":"2021-08-12T09:23:29","slug":"se-bachea-el-tramo-que-une-obrien-con-la-ruta-nacional-numero-5","status":"publish","type":"post","link":"https:\/\/infoecos.com.ar\/index.php\/se-bachea-el-tramo-que-une-obrien-con-la-ruta-nacional-numero-5\/","title":{"rendered":"Se bachea el tramo que une O\u00b4Brien con la Ruta Nacional n\u00famero 5"},"content":{"rendered":"\n<p>La Municipalidad de Bragado inform\u00f3 que se inici\u00f3 la obra de bacheo de pavimento flexible en la ruta provincial N\u00b046,&nbsp;la cual&nbsp;abarcar\u00e1 el trayecto entre el acceso de O\u00b4Brien y el puente de la ruta 5.<\/p>\n\n\n\n<div class=\"wp-block-image is-style-default\"><figure class=\"aligncenter size-medium\"><img loading=\"lazy\" decoding=\"async\" width=\"460\" height=\"255\" src=\"http:\/\/infoecos.com.ar\/wp-content\/uploads\/2021\/08\/rutaobrienruta5-460x255.jpg\" alt=\"\" class=\"wp-image-83157\" srcset=\"https:\/\/infoecos.com.ar\/wp-content\/uploads\/2021\/08\/rutaobrienruta5-460x255.jpg 460w, https:\/\/infoecos.com.ar\/wp-content\/uploads\/2021\/08\/rutaobrienruta5.jpg 660w\" sizes=\"(max-width: 460px) 100vw, 460px\" \/><\/figure><\/div>\n\n\n\n<p>El anuncio p\u00fablico de la obra fue realizado por la Provincia de Buenos Aires a fines de abril. Ayer fue recorrida por el intendente municipal, Vicente Gatica, y el secretario de Obras P\u00fablicas, Fabio Bollini.<\/p>\n\n\n\n<div class=\"wp-block-image is-style-default\"><figure class=\"aligncenter size-medium\"><img loading=\"lazy\" decoding=\"async\" width=\"460\" height=\"254\" src=\"http:\/\/infoecos.com.ar\/wp-content\/uploads\/2021\/08\/obrabacheoruta5obrien-460x254.jpg\" alt=\"\" class=\"wp-image-83158\" srcset=\"https:\/\/infoecos.com.ar\/wp-content\/uploads\/2021\/08\/obrabacheoruta5obrien-460x254.jpg 460w, https:\/\/infoecos.com.ar\/wp-content\/uploads\/2021\/08\/obrabacheoruta5obrien.jpg 660w\" sizes=\"(max-width: 460px) 100vw, 460px\" \/><\/figure><\/div>\n\n\n\n<p>Las obras se insisti\u00f3 desde la comuna ser\u00e1 un buen bacheo, no una repavimentaci\u00f3n.<\/p>\n","protected":false},"excerpt":{"rendered":"<p>La inversi\u00f3n corre por cuenta del gobierno de la provincia de Buenos Aires<\/p>\n","protected":false},"author":2,"featured_media":83157,"comment_status":"closed","ping_status":"open","sticky":false,"template":"","format":"standard","meta":{"footnotes":""},"categories":[1330],"tags":[4627],"class_list":["post-83156","post","type-post","status-publish","format-standard","has-post-thumbnail","hentry","category-inferior10","tag-en-el-distrito-de-bragado"],"yoast_head":"<!-- This site is optimized with the Yoast SEO plugin v23.4 - https:\/\/yoast.com\/wordpress\/plugins\/seo\/ -->\n<title>Se bachea el tramo que une O\u00b4Brien con la Ruta Nacional n\u00famero 5 - Infoecos<\/title>\n<meta name=\"robots\" content=\"index, follow, max-snippet:-1, max-image-preview:large, max-video-preview:-1\" \/>\n<link rel=\"canonical\" href=\"https:\/\/infoecos.com.ar\/index.php\/se-bachea-el-tramo-que-une-obrien-con-la-ruta-nacional-numero-5\/\" \/>\n<meta property=\"og:locale\" content=\"es_ES\" \/>\n<meta property=\"og:type\" content=\"article\" \/>\n<meta property=\"og:title\" content=\"Se bachea el tramo que une O\u00b4Brien con la Ruta Nacional n\u00famero 5 - Infoecos\" \/>\n<meta property=\"og:description\" content=\"La inversi\u00f3n corre por cuenta del gobierno de la provincia de Buenos Aires\" \/>\n<meta property=\"og:url\" content=\"https:\/\/infoecos.com.ar\/index.php\/se-bachea-el-tramo-que-une-obrien-con-la-ruta-nacional-numero-5\/\" \/>\n<meta property=\"og:site_name\" content=\"Infoecos\" \/>\n<meta property=\"article:publisher\" content=\"https:\/\/www.facebook.com\/profile.php?id=100063200290284\" \/>\n<meta property=\"article:published_time\" content=\"2021-08-11T06:26:33+00:00\" \/>\n<meta property=\"article:modified_time\" content=\"2021-08-12T09:23:29+00:00\" \/>\n<meta property=\"og:image\" content=\"https:\/\/infoecos.com.ar\/wp-content\/uploads\/2021\/08\/rutaobrienruta5.jpg\" \/>\n\t<meta property=\"og:image:width\" content=\"660\" \/>\n\t<meta property=\"og:image:height\" content=\"366\" \/>\n\t<meta property=\"og:image:type\" content=\"image\/jpeg\" \/>\n<meta name=\"author\" content=\"Jorge Matheus\" \/>\n<meta name=\"twitter:card\" content=\"summary_large_image\" \/>\n<meta name=\"twitter:creator\" content=\"@infoecos\" \/>\n<meta name=\"twitter:site\" content=\"@infoecos\" \/>\n<meta name=\"twitter:label1\" content=\"Escrito por\" \/>\n\t<meta name=\"twitter:data1\" content=\"Jorge Matheus\" \/>\n<script type=\"application\/ld+json\" class=\"yoast-schema-graph\">{\"@context\":\"https:\/\/schema.org\",\"@graph\":[{\"@type\":\"Article\",\"@id\":\"https:\/\/infoecos.com.ar\/index.php\/se-bachea-el-tramo-que-une-obrien-con-la-ruta-nacional-numero-5\/#article\",\"isPartOf\":{\"@id\":\"https:\/\/infoecos.com.ar\/index.php\/se-bachea-el-tramo-que-une-obrien-con-la-ruta-nacional-numero-5\/\"},\"author\":{\"name\":\"Jorge Matheus\",\"@id\":\"https:\/\/infoecos.com.ar\/#\/schema\/person\/8f5ace5ce73b4b4aac4b7245aee6f191\"},\"headline\":\"Se bachea el tramo que une O\u00b4Brien con la Ruta Nacional n\u00famero 5\",\"datePublished\":\"2021-08-11T06:26:33+00:00\",\"dateModified\":\"2021-08-12T09:23:29+00:00\",\"mainEntityOfPage\":{\"@id\":\"https:\/\/infoecos.com.ar\/index.php\/se-bachea-el-tramo-que-une-obrien-con-la-ruta-nacional-numero-5\/\"},\"wordCount\":105,\"publisher\":{\"@id\":\"https:\/\/infoecos.com.ar\/#organization\"},\"image\":{\"@id\":\"https:\/\/infoecos.com.ar\/index.php\/se-bachea-el-tramo-que-une-obrien-con-la-ruta-nacional-numero-5\/#primaryimage\"},\"thumbnailUrl\":\"https:\/\/infoecos.com.ar\/wp-content\/uploads\/2021\/08\/rutaobrienruta5.jpg\",\"keywords\":[\"EN EL DISTRITO DE BRAGADO\"],\"articleSection\":[\"Bloque inferior - 10\"],\"inLanguage\":\"es\"},{\"@type\":\"WebPage\",\"@id\":\"https:\/\/infoecos.com.ar\/index.php\/se-bachea-el-tramo-que-une-obrien-con-la-ruta-nacional-numero-5\/\",\"url\":\"https:\/\/infoecos.com.ar\/index.php\/se-bachea-el-tramo-que-une-obrien-con-la-ruta-nacional-numero-5\/\",\"name\":\"Se bachea el tramo que une O\u00b4Brien con la Ruta Nacional n\u00famero 5 - Infoecos\",\"isPartOf\":{\"@id\":\"https:\/\/infoecos.com.ar\/#website\"},\"primaryImageOfPage\":{\"@id\":\"https:\/\/infoecos.com.ar\/index.php\/se-bachea-el-tramo-que-une-obrien-con-la-ruta-nacional-numero-5\/#primaryimage\"},\"image\":{\"@id\":\"https:\/\/infoecos.com.ar\/index.php\/se-bachea-el-tramo-que-une-obrien-con-la-ruta-nacional-numero-5\/#primaryimage\"},\"thumbnailUrl\":\"https:\/\/infoecos.com.ar\/wp-content\/uploads\/2021\/08\/rutaobrienruta5.jpg\",\"datePublished\":\"2021-08-11T06:26:33+00:00\",\"dateModified\":\"2021-08-12T09:23:29+00:00\",\"breadcrumb\":{\"@id\":\"https:\/\/infoecos.com.ar\/index.php\/se-bachea-el-tramo-que-une-obrien-con-la-ruta-nacional-numero-5\/#breadcrumb\"},\"inLanguage\":\"es\",\"potentialAction\":[{\"@type\":\"ReadAction\",\"target\":[\"https:\/\/infoecos.com.ar\/index.php\/se-bachea-el-tramo-que-une-obrien-con-la-ruta-nacional-numero-5\/\"]}]},{\"@type\":\"ImageObject\",\"inLanguage\":\"es\",\"@id\":\"https:\/\/infoecos.com.ar\/index.php\/se-bachea-el-tramo-que-une-obrien-con-la-ruta-nacional-numero-5\/#primaryimage\",\"url\":\"https:\/\/infoecos.com.ar\/wp-content\/uploads\/2021\/08\/rutaobrienruta5.jpg\",\"contentUrl\":\"https:\/\/infoecos.com.ar\/wp-content\/uploads\/2021\/08\/rutaobrienruta5.jpg\",\"width\":660,\"height\":366},{\"@type\":\"BreadcrumbList\",\"@id\":\"https:\/\/infoecos.com.ar\/index.php\/se-bachea-el-tramo-que-une-obrien-con-la-ruta-nacional-numero-5\/#breadcrumb\",\"itemListElement\":[{\"@type\":\"ListItem\",\"position\":1,\"name\":\"Portada\",\"item\":\"https:\/\/infoecos.com.ar\/\"},{\"@type\":\"ListItem\",\"position\":2,\"name\":\"Se bachea el tramo que une O\u00b4Brien con la Ruta Nacional n\u00famero 5\"}]},{\"@type\":\"WebSite\",\"@id\":\"https:\/\/infoecos.com.ar\/#website\",\"url\":\"https:\/\/infoecos.com.ar\/\",\"name\":\"Infoecos\",\"description\":\"Noticias de trenque lauquen y la zona\",\"publisher\":{\"@id\":\"https:\/\/infoecos.com.ar\/#organization\"},\"alternateName\":\"Noticias\",\"potentialAction\":[{\"@type\":\"SearchAction\",\"target\":{\"@type\":\"EntryPoint\",\"urlTemplate\":\"https:\/\/infoecos.com.ar\/?s={search_term_string}\"},\"query-input\":{\"@type\":\"PropertyValueSpecification\",\"valueRequired\":true,\"valueName\":\"search_term_string\"}}],\"inLanguage\":\"es\"},{\"@type\":\"Organization\",\"@id\":\"https:\/\/infoecos.com.ar\/#organization\",\"name\":\"Infoecos\",\"alternateName\":\"Noticias\",\"url\":\"https:\/\/infoecos.com.ar\/\",\"logo\":{\"@type\":\"ImageObject\",\"inLanguage\":\"es\",\"@id\":\"https:\/\/infoecos.com.ar\/#\/schema\/logo\/image\/\",\"url\":\"https:\/\/infoecos.com.ar\/wp-content\/uploads\/2024\/03\/cropped-logo.png\",\"contentUrl\":\"https:\/\/infoecos.com.ar\/wp-content\/uploads\/2024\/03\/cropped-logo.png\",\"width\":374,\"height\":90,\"caption\":\"Infoecos\"},\"image\":{\"@id\":\"https:\/\/infoecos.com.ar\/#\/schema\/logo\/image\/\"},\"sameAs\":[\"https:\/\/www.facebook.com\/profile.php?id=100063200290284\",\"https:\/\/x.com\/infoecos\"]},{\"@type\":\"Person\",\"@id\":\"https:\/\/infoecos.com.ar\/#\/schema\/person\/8f5ace5ce73b4b4aac4b7245aee6f191\",\"name\":\"Jorge Matheus\",\"url\":\"https:\/\/infoecos.com.ar\/index.php\/author\/jomatheus\/\"}]}<\/script>\n<!-- \/ Yoast SEO plugin. -->","yoast_head_json":{"title":"Se bachea el tramo que une O\u00b4Brien con la Ruta Nacional n\u00famero 5 - Infoecos","robots":{"index":"index","follow":"follow","max-snippet":"max-snippet:-1","max-image-preview":"max-image-preview:large","max-video-preview":"max-video-preview:-1"},"canonical":"https:\/\/infoecos.com.ar\/index.php\/se-bachea-el-tramo-que-une-obrien-con-la-ruta-nacional-numero-5\/","og_locale":"es_ES","og_type":"article","og_title":"Se bachea el tramo que une O\u00b4Brien con la Ruta Nacional n\u00famero 5 - Infoecos","og_description":"La inversi\u00f3n corre por cuenta del gobierno de la provincia de Buenos Aires","og_url":"https:\/\/infoecos.com.ar\/index.php\/se-bachea-el-tramo-que-une-obrien-con-la-ruta-nacional-numero-5\/","og_site_name":"Infoecos","article_publisher":"https:\/\/www.facebook.com\/profile.php?id=100063200290284","article_published_time":"2021-08-11T06:26:33+00:00","article_modified_time":"2021-08-12T09:23:29+00:00","og_image":[{"width":660,"height":366,"url":"https:\/\/infoecos.com.ar\/wp-content\/uploads\/2021\/08\/rutaobrienruta5.jpg","type":"image\/jpeg"}],"author":"Jorge Matheus","twitter_card":"summary_large_image","twitter_creator":"@infoecos","twitter_site":"@infoecos","twitter_misc":{"Escrito por":"Jorge Matheus"},"schema":{"@context":"https:\/\/schema.org","@graph":[{"@type":"Article","@id":"https:\/\/infoecos.com.ar\/index.php\/se-bachea-el-tramo-que-une-obrien-con-la-ruta-nacional-numero-5\/#article","isPartOf":{"@id":"https:\/\/infoecos.com.ar\/index.php\/se-bachea-el-tramo-que-une-obrien-con-la-ruta-nacional-numero-5\/"},"author":{"name":"Jorge Matheus","@id":"https:\/\/infoecos.com.ar\/#\/schema\/person\/8f5ace5ce73b4b4aac4b7245aee6f191"},"headline":"Se bachea el tramo que une O\u00b4Brien con la Ruta Nacional n\u00famero 5","datePublished":"2021-08-11T06:26:33+00:00","dateModified":"2021-08-12T09:23:29+00:00","mainEntityOfPage":{"@id":"https:\/\/infoecos.com.ar\/index.php\/se-bachea-el-tramo-que-une-obrien-con-la-ruta-nacional-numero-5\/"},"wordCount":105,"publisher":{"@id":"https:\/\/infoecos.com.ar\/#organization"},"image":{"@id":"https:\/\/infoecos.com.ar\/index.php\/se-bachea-el-tramo-que-une-obrien-con-la-ruta-nacional-numero-5\/#primaryimage"},"thumbnailUrl":"https:\/\/infoecos.com.ar\/wp-content\/uploads\/2021\/08\/rutaobrienruta5.jpg","keywords":["EN EL DISTRITO DE BRAGADO"],"articleSection":["Bloque inferior - 10"],"inLanguage":"es"},{"@type":"WebPage","@id":"https:\/\/infoecos.com.ar\/index.php\/se-bachea-el-tramo-que-une-obrien-con-la-ruta-nacional-numero-5\/","url":"https:\/\/infoecos.com.ar\/index.php\/se-bachea-el-tramo-que-une-obrien-con-la-ruta-nacional-numero-5\/","name":"Se bachea el tramo que une O\u00b4Brien con la Ruta Nacional n\u00famero 5 - Infoecos","isPartOf":{"@id":"https:\/\/infoecos.com.ar\/#website"},"primaryImageOfPage":{"@id":"https:\/\/infoecos.com.ar\/index.php\/se-bachea-el-tramo-que-une-obrien-con-la-ruta-nacional-numero-5\/#primaryimage"},"image":{"@id":"https:\/\/infoecos.com.ar\/index.php\/se-bachea-el-tramo-que-une-obrien-con-la-ruta-nacional-numero-5\/#primaryimage"},"thumbnailUrl":"https:\/\/infoecos.com.ar\/wp-content\/uploads\/2021\/08\/rutaobrienruta5.jpg","datePublished":"2021-08-11T06:26:33+00:00","dateModified":"2021-08-12T09:23:29+00:00","breadcrumb":{"@id":"https:\/\/infoecos.com.ar\/index.php\/se-bachea-el-tramo-que-une-obrien-con-la-ruta-nacional-numero-5\/#breadcrumb"},"inLanguage":"es","potentialAction":[{"@type":"ReadAction","target":["https:\/\/infoecos.com.ar\/index.php\/se-bachea-el-tramo-que-une-obrien-con-la-ruta-nacional-numero-5\/"]}]},{"@type":"ImageObject","inLanguage":"es","@id":"https:\/\/infoecos.com.ar\/index.php\/se-bachea-el-tramo-que-une-obrien-con-la-ruta-nacional-numero-5\/#primaryimage","url":"https:\/\/infoecos.com.ar\/wp-content\/uploads\/2021\/08\/rutaobrienruta5.jpg","contentUrl":"https:\/\/infoecos.com.ar\/wp-content\/uploads\/2021\/08\/rutaobrienruta5.jpg","width":660,"height":366},{"@type":"BreadcrumbList","@id":"https:\/\/infoecos.com.ar\/index.php\/se-bachea-el-tramo-que-une-obrien-con-la-ruta-nacional-numero-5\/#breadcrumb","itemListElement":[{"@type":"ListItem","position":1,"name":"Portada","item":"https:\/\/infoecos.com.ar\/"},{"@type":"ListItem","position":2,"name":"Se bachea el tramo que une O\u00b4Brien con la Ruta Nacional n\u00famero 5"}]},{"@type":"WebSite","@id":"https:\/\/infoecos.com.ar\/#website","url":"https:\/\/infoecos.com.ar\/","name":"Infoecos","description":"Noticias de trenque lauquen y la zona","publisher":{"@id":"https:\/\/infoecos.com.ar\/#organization"},"alternateName":"Noticias","potentialAction":[{"@type":"SearchAction","target":{"@type":"EntryPoint","urlTemplate":"https:\/\/infoecos.com.ar\/?s={search_term_string}"},"query-input":{"@type":"PropertyValueSpecification","valueRequired":true,"valueName":"search_term_string"}}],"inLanguage":"es"},{"@type":"Organization","@id":"https:\/\/infoecos.com.ar\/#organization","name":"Infoecos","alternateName":"Noticias","url":"https:\/\/infoecos.com.ar\/","logo":{"@type":"ImageObject","inLanguage":"es","@id":"https:\/\/infoecos.com.ar\/#\/schema\/logo\/image\/","url":"https:\/\/infoecos.com.ar\/wp-content\/uploads\/2024\/03\/cropped-logo.png","contentUrl":"https:\/\/infoecos.com.ar\/wp-content\/uploads\/2024\/03\/cropped-logo.png","width":374,"height":90,"caption":"Infoecos"},"image":{"@id":"https:\/\/infoecos.com.ar\/#\/schema\/logo\/image\/"},"sameAs":["https:\/\/www.facebook.com\/profile.php?id=100063200290284","https:\/\/x.com\/infoecos"]},{"@type":"Person","@id":"https:\/\/infoecos.com.ar\/#\/schema\/person\/8f5ace5ce73b4b4aac4b7245aee6f191","name":"Jorge Matheus","url":"https:\/\/infoecos.com.ar\/index.php\/author\/jomatheus\/"}]}},"featured_image_urls":{"full":["https:\/\/infoecos.com.ar\/wp-content\/uploads\/2021\/08\/rutaobrienruta5.jpg",660,366,false],"thumbnail":["https:\/\/infoecos.com.ar\/wp-content\/uploads\/2021\/08\/rutaobrienruta5-150x150.jpg",150,150,true],"medium":["https:\/\/infoecos.com.ar\/wp-content\/uploads\/2021\/08\/rutaobrienruta5-460x255.jpg",460,255,true],"medium_large":["https:\/\/infoecos.com.ar\/wp-content\/uploads\/2021\/08\/rutaobrienruta5.jpg",640,355,false],"large":["https:\/\/infoecos.com.ar\/wp-content\/uploads\/2021\/08\/rutaobrienruta5.jpg",640,355,false],"1536x1536":["https:\/\/infoecos.com.ar\/wp-content\/uploads\/2021\/08\/rutaobrienruta5.jpg",660,366,false],"2048x2048":["https:\/\/infoecos.com.ar\/wp-content\/uploads\/2021\/08\/rutaobrienruta5.jpg",660,366,false],"covernews-slider-full":["https:\/\/infoecos.com.ar\/wp-content\/uploads\/2021\/08\/rutaobrienruta5.jpg",660,366,false],"covernews-slider-center":["https:\/\/infoecos.com.ar\/wp-content\/uploads\/2021\/08\/rutaobrienruta5.jpg",660,366,false],"covernews-featured":["https:\/\/infoecos.com.ar\/wp-content\/uploads\/2021\/08\/rutaobrienruta5.jpg",660,366,false],"covernews-medium":["https:\/\/infoecos.com.ar\/wp-content\/uploads\/2021\/08\/rutaobrienruta5.jpg",540,299,false],"covernews-medium-square":["https:\/\/infoecos.com.ar\/wp-content\/uploads\/2021\/08\/rutaobrienruta5.jpg",400,222,false]},"author_info":{"info":["Jorge Matheus"]},"category_info":"<a href=\"https:\/\/infoecos.com.ar\/index.php\/category\/inferior10\/\" rel=\"category tag\">Bloque inferior - 10<\/a>","tag_info":"Bloque inferior - 10","comment_count":"0","_links":{"self":[{"href":"https:\/\/infoecos.com.ar\/index.php\/wp-json\/wp\/v2\/posts\/83156"}],"collection":[{"href":"https:\/\/infoecos.com.ar\/index.php\/wp-json\/wp\/v2\/posts"}],"about":[{"href":"https:\/\/infoecos.com.ar\/index.php\/wp-json\/wp\/v2\/types\/post"}],"author":[{"embeddable":true,"href":"https:\/\/infoecos.com.ar\/index.php\/wp-json\/wp\/v2\/users\/2"}],"replies":[{"embeddable":true,"href":"https:\/\/infoecos.com.ar\/index.php\/wp-json\/wp\/v2\/comments?post=83156"}],"version-history":[{"count":2,"href":"https:\/\/infoecos.com.ar\/index.php\/wp-json\/wp\/v2\/posts\/83156\/revisions"}],"predecessor-version":[{"id":83301,"href":"https:\/\/infoecos.com.ar\/index.php\/wp-json\/wp\/v2\/posts\/83156\/revisions\/83301"}],"wp:featuredmedia":[{"embeddable":true,"href":"https:\/\/infoecos.com.ar\/index.php\/wp-json\/wp\/v2\/media\/83157"}],"wp:attachment":[{"href":"https:\/\/infoecos.com.ar\/index.php\/wp-json\/wp\/v2\/media?parent=83156"}],"wp:term":[{"taxonomy":"category","embeddable":true,"href":"https:\/\/infoecos.com.ar\/index.php\/wp-json\/wp\/v2\/categories?post=83156"},{"taxonomy":"post_tag","embeddable":true,"href":"https:\/\/infoecos.com.ar\/index.php\/wp-json\/wp\/v2\/tags?post=83156"}],"curies":[{"name":"wp","href":"https:\/\/api.w.org\/{rel}","templated":true}]}}