{"id":83181,"date":"2021-08-11T05:44:23","date_gmt":"2021-08-11T08:44:23","guid":{"rendered":"http:\/\/infoecos.com.ar\/?p=83181"},"modified":"2021-08-11T05:44:24","modified_gmt":"2021-08-11T08:44:24","slug":"reina-reech-dijo-que-jamas-le-fue-infiel-a-nicolas-repetto-y-que-juana-es-hija-de-el","status":"publish","type":"post","link":"https:\/\/infoecos.com.ar\/index.php\/reina-reech-dijo-que-jamas-le-fue-infiel-a-nicolas-repetto-y-que-juana-es-hija-de-el\/","title":{"rendered":"Reina Reech dijo que jam\u00e1s le fue infiel a Nicol\u00e1s Repetto y que Juana es hija de \u00e9l"},"content":{"rendered":"\n<p class=\"wp-block-paragraph\"><strong>La actriz&nbsp;<a href=\"https:\/\/www.lacapital.com.ar\/reina-reech-a60451.html\">Reina Reech<\/a>&nbsp;se cans\u00f3 de las versiones que indicaban que el actor&nbsp;<a href=\"https:\/\/www.lacapital.com.ar\/ricardo-darin-a2250.html\">Ricardo Dar\u00edn<\/a>&nbsp;era el verdadero padre de su hija Juana<\/strong>, y por ello sali\u00f3 al cruce de esos malintencionados comentarios y dio detalles exclusivos acerca de&nbsp;<strong>su relaci\u00f3n con&nbsp;<a href=\"https:\/\/www.lacapital.com.ar\/nicolas-repetto-a60452.html\">Nicol\u00e1s Repetto<\/a>. \u00abNunca, jam\u00e1s, le fui infiel a Nico\u00bb,<\/strong>&nbsp;asegur\u00f3 para ratificar que el periodista y conductor es el padre de Juana Repetto.<\/p>\n\n\n\n<div class=\"wp-block-image is-style-default\"><figure class=\"aligncenter size-medium\"><img loading=\"lazy\" decoding=\"async\" width=\"460\" height=\"259\" src=\"http:\/\/infoecos.com.ar\/wp-content\/uploads\/2021\/08\/reinareech-460x259.jpg\" alt=\"\" class=\"wp-image-83182\" srcset=\"https:\/\/infoecos.com.ar\/wp-content\/uploads\/2021\/08\/reinareech-460x259.jpg 460w, https:\/\/infoecos.com.ar\/wp-content\/uploads\/2021\/08\/reinareech.jpg 642w\" sizes=\"auto, (max-width: 460px) 100vw, 460px\" \/><\/figure><\/div>\n\n\n\n<p class=\"wp-block-paragraph\">Reech hab\u00eda decidido no referirse al mito que estaba en el ambiente art\u00edstico sobre la paternidad de Dar\u00edn de Juana Repetto, pero esta vez mostr\u00f3 su hartazgo y la tambi\u00e9n directora art\u00edstica sali\u00f3 a enfrentar esta tendencia \u00abmaliciosa\u00bb.<\/p>\n\n\n\n<p class=\"wp-block-paragraph\">En cuando al&nbsp;<strong>da\u00f1o que produjo en la familia&nbsp;<\/strong>la infamia de la que muchos medios se hicieron eco, Reina Reech admiti\u00f3:&nbsp;<strong>\u00abFue un momento de angustia, momento dif\u00edcil, pero no porque hubiera dudas sino porque es un tema horrible de plantear. Lo hablamos los tres\u00bb.<\/strong><\/p>\n","protected":false},"excerpt":{"rendered":"<p>Reech hab\u00eda decidido no referirse al mito que estaba en el ambiente art\u00edstico sobre la paternidad de Dar\u00edn de Juana Repetto, pero esta vez mostr\u00f3 su hartazgo<\/p>\n","protected":false},"author":2,"featured_media":83182,"comment_status":"closed","ping_status":"open","sticky":false,"template":"","format":"standard","meta":{"footnotes":""},"categories":[43],"tags":[4633],"class_list":["post-83181","post","type-post","status-publish","format-standard","has-post-thumbnail","hentry","category-inferior4","tag-mundo-artistico"],"featured_image_urls":{"full":["https:\/\/infoecos.com.ar\/wp-content\/uploads\/2021\/08\/reinareech.jpg",642,361,false],"thumbnail":["https:\/\/infoecos.com.ar\/wp-content\/uploads\/2021\/08\/reinareech-150x150.jpg",150,150,true],"medium":["https:\/\/infoecos.com.ar\/wp-content\/uploads\/2021\/08\/reinareech-460x259.jpg",460,259,true],"medium_large":["https:\/\/infoecos.com.ar\/wp-content\/uploads\/2021\/08\/reinareech.jpg",640,360,false],"large":["https:\/\/infoecos.com.ar\/wp-content\/uploads\/2021\/08\/reinareech.jpg",640,360,false],"1536x1536":["https:\/\/infoecos.com.ar\/wp-content\/uploads\/2021\/08\/reinareech.jpg",642,361,false],"2048x2048":["https:\/\/infoecos.com.ar\/wp-content\/uploads\/2021\/08\/reinareech.jpg",642,361,false],"covernews-slider-full":["https:\/\/infoecos.com.ar\/wp-content\/uploads\/2021\/08\/reinareech.jpg",642,361,false],"covernews-slider-center":["https:\/\/infoecos.com.ar\/wp-content\/uploads\/2021\/08\/reinareech.jpg",642,361,false],"covernews-featured":["https:\/\/infoecos.com.ar\/wp-content\/uploads\/2021\/08\/reinareech.jpg",642,361,false],"covernews-medium":["https:\/\/infoecos.com.ar\/wp-content\/uploads\/2021\/08\/reinareech.jpg",540,304,false],"covernews-medium-square":["https:\/\/infoecos.com.ar\/wp-content\/uploads\/2021\/08\/reinareech.jpg",400,225,false]},"author_info":{"info":["Jorge Matheus"]},"category_info":"<a href=\"https:\/\/infoecos.com.ar\/index.php\/category\/inferior4\/\" rel=\"category tag\">Bloque inferior - 4<\/a>","tag_info":"Bloque inferior - 4","comment_count":"0","_links":{"self":[{"href":"https:\/\/infoecos.com.ar\/index.php\/wp-json\/wp\/v2\/posts\/83181","targetHints":{"allow":["GET"]}}],"collection":[{"href":"https:\/\/infoecos.com.ar\/index.php\/wp-json\/wp\/v2\/posts"}],"about":[{"href":"https:\/\/infoecos.com.ar\/index.php\/wp-json\/wp\/v2\/types\/post"}],"author":[{"embeddable":true,"href":"https:\/\/infoecos.com.ar\/index.php\/wp-json\/wp\/v2\/users\/2"}],"replies":[{"embeddable":true,"href":"https:\/\/infoecos.com.ar\/index.php\/wp-json\/wp\/v2\/comments?post=83181"}],"version-history":[{"count":1,"href":"https:\/\/infoecos.com.ar\/index.php\/wp-json\/wp\/v2\/posts\/83181\/revisions"}],"predecessor-version":[{"id":83183,"href":"https:\/\/infoecos.com.ar\/index.php\/wp-json\/wp\/v2\/posts\/83181\/revisions\/83183"}],"wp:featuredmedia":[{"embeddable":true,"href":"https:\/\/infoecos.com.ar\/index.php\/wp-json\/wp\/v2\/media\/83182"}],"wp:attachment":[{"href":"https:\/\/infoecos.com.ar\/index.php\/wp-json\/wp\/v2\/media?parent=83181"}],"wp:term":[{"taxonomy":"category","embeddable":true,"href":"https:\/\/infoecos.com.ar\/index.php\/wp-json\/wp\/v2\/categories?post=83181"},{"taxonomy":"post_tag","embeddable":true,"href":"https:\/\/infoecos.com.ar\/index.php\/wp-json\/wp\/v2\/tags?post=83181"}],"curies":[{"name":"wp","href":"https:\/\/api.w.org\/{rel}","templated":true}]}}