{"id":83192,"date":"2021-08-11T06:26:42","date_gmt":"2021-08-11T09:26:42","guid":{"rendered":"http:\/\/infoecos.com.ar\/?p=83192"},"modified":"2021-08-11T06:26:44","modified_gmt":"2021-08-11T09:26:44","slug":"primer-caso-de-variante-delta-de-coronavirus-en-tandil","status":"publish","type":"post","link":"https:\/\/infoecos.com.ar\/index.php\/primer-caso-de-variante-delta-de-coronavirus-en-tandil\/","title":{"rendered":"Primer caso de variante Delta de Coronavirus en Tandil"},"content":{"rendered":"\n<p class=\"wp-block-paragraph\">Se trata de una mujer de 69 a\u00f1os que ingres\u00f3 a Tandil el d\u00eda 12 de julio pasado proveniente de la ciudad de Barcelona, Espa\u00f1a y que present\u00f3 un test de ant\u00edgeno (test r\u00e1pido) negativo al arribo al Aeropuerto Internacional de Ezeiza. Al d\u00eda siguiente comenz\u00f3 con s\u00edntomas dando positivo su hisopado con la t\u00e9cnica PCR en esa ciudad.<\/p>\n\n\n\n<p class=\"wp-block-paragraph\">Seg\u00fan los protocolos vigentes para personas que arriban del exterior, la muestra fue enviada para su secuenciaci\u00f3n e identificaci\u00f3n gen\u00f3mica, arrojando ser positiva para la variante Delta.<\/p>\n\n\n\n<div class=\"wp-block-image is-style-default\"><figure class=\"aligncenter size-medium\"><img loading=\"lazy\" decoding=\"async\" width=\"460\" height=\"259\" src=\"http:\/\/infoecos.com.ar\/wp-content\/uploads\/2021\/08\/hospitaltandil-460x259.jpeg\" alt=\"\" class=\"wp-image-83193\" srcset=\"https:\/\/infoecos.com.ar\/wp-content\/uploads\/2021\/08\/hospitaltandil-460x259.jpeg 460w, https:\/\/infoecos.com.ar\/wp-content\/uploads\/2021\/08\/hospitaltandil-768x432.jpeg 768w, https:\/\/infoecos.com.ar\/wp-content\/uploads\/2021\/08\/hospitaltandil.jpeg 848w\" sizes=\"auto, (max-width: 460px) 100vw, 460px\" \/><\/figure><\/div>\n\n\n\n<p class=\"wp-block-paragraph\">La mujer cumpli\u00f3 con el aislamiento pertinente, vivi\u00f3 sola en su domicilio y regres\u00f3 a Espa\u00f1a luego de su alta. En todo momento estuvo controlada por integrantes del Centro de Monitoreo CoViD-19 del Sistema Integrada de Salud P\u00fablica, del Centro de Telemedicina CoViD-19 (CETEC &#8211; Unicen) y de la Secretar\u00eda de Protecci\u00f3n Ciudadana del Municipio.<\/p>\n\n\n\n<p class=\"wp-block-paragraph\">Las autoridades comunales resaltaron que es fundamental continuar con el ritmo de vacunaci\u00f3n y completar el esquema y reiteraron la importancia de seguir respetando todas las indicaciones, protocolos y medidas de prevenci\u00f3n establecidas.<\/p>\n\n\n\n<p class=\"wp-block-paragraph\"><\/p>\n","protected":false},"excerpt":{"rendered":"<p>Las autoridades comunales resaltaron que es fundamental continuar con el ritmo de vacunaci\u00f3n y completar el esquema y reiteraron la importancia de seguir respetando todas las indicaciones, protocolos y medidas de prevenci\u00f3n establecidas<\/p>\n","protected":false},"author":2,"featured_media":83193,"comment_status":"closed","ping_status":"open","sticky":false,"template":"","format":"standard","meta":{"footnotes":""},"categories":[51],"tags":[4634],"class_list":["post-83192","post","type-post","status-publish","format-standard","has-post-thumbnail","hentry","category-c2nota4","tag-lo-confirmo-el-municipio"],"featured_image_urls":{"full":["https:\/\/infoecos.com.ar\/wp-content\/uploads\/2021\/08\/hospitaltandil.jpeg",848,477,false],"thumbnail":["https:\/\/infoecos.com.ar\/wp-content\/uploads\/2021\/08\/hospitaltandil-150x150.jpeg",150,150,true],"medium":["https:\/\/infoecos.com.ar\/wp-content\/uploads\/2021\/08\/hospitaltandil-460x259.jpeg",460,259,true],"medium_large":["https:\/\/infoecos.com.ar\/wp-content\/uploads\/2021\/08\/hospitaltandil-768x432.jpeg",640,360,true],"large":["https:\/\/infoecos.com.ar\/wp-content\/uploads\/2021\/08\/hospitaltandil.jpeg",640,360,false],"1536x1536":["https:\/\/infoecos.com.ar\/wp-content\/uploads\/2021\/08\/hospitaltandil.jpeg",848,477,false],"2048x2048":["https:\/\/infoecos.com.ar\/wp-content\/uploads\/2021\/08\/hospitaltandil.jpeg",848,477,false],"covernews-slider-full":["https:\/\/infoecos.com.ar\/wp-content\/uploads\/2021\/08\/hospitaltandil.jpeg",848,477,false],"covernews-slider-center":["https:\/\/infoecos.com.ar\/wp-content\/uploads\/2021\/08\/hospitaltandil.jpeg",800,450,false],"covernews-featured":["https:\/\/infoecos.com.ar\/wp-content\/uploads\/2021\/08\/hospitaltandil.jpeg",848,477,false],"covernews-medium":["https:\/\/infoecos.com.ar\/wp-content\/uploads\/2021\/08\/hospitaltandil-720x380.jpeg",540,285,true],"covernews-medium-square":["https:\/\/infoecos.com.ar\/wp-content\/uploads\/2021\/08\/hospitaltandil-675x450.jpeg",375,250,true]},"author_info":{"info":["Jorge Matheus"]},"category_info":"<a href=\"https:\/\/infoecos.com.ar\/index.php\/category\/c2nota4\/\" rel=\"category tag\">C2 N4<\/a>","tag_info":"C2 N4","comment_count":"0","_links":{"self":[{"href":"https:\/\/infoecos.com.ar\/index.php\/wp-json\/wp\/v2\/posts\/83192","targetHints":{"allow":["GET"]}}],"collection":[{"href":"https:\/\/infoecos.com.ar\/index.php\/wp-json\/wp\/v2\/posts"}],"about":[{"href":"https:\/\/infoecos.com.ar\/index.php\/wp-json\/wp\/v2\/types\/post"}],"author":[{"embeddable":true,"href":"https:\/\/infoecos.com.ar\/index.php\/wp-json\/wp\/v2\/users\/2"}],"replies":[{"embeddable":true,"href":"https:\/\/infoecos.com.ar\/index.php\/wp-json\/wp\/v2\/comments?post=83192"}],"version-history":[{"count":1,"href":"https:\/\/infoecos.com.ar\/index.php\/wp-json\/wp\/v2\/posts\/83192\/revisions"}],"predecessor-version":[{"id":83194,"href":"https:\/\/infoecos.com.ar\/index.php\/wp-json\/wp\/v2\/posts\/83192\/revisions\/83194"}],"wp:featuredmedia":[{"embeddable":true,"href":"https:\/\/infoecos.com.ar\/index.php\/wp-json\/wp\/v2\/media\/83193"}],"wp:attachment":[{"href":"https:\/\/infoecos.com.ar\/index.php\/wp-json\/wp\/v2\/media?parent=83192"}],"wp:term":[{"taxonomy":"category","embeddable":true,"href":"https:\/\/infoecos.com.ar\/index.php\/wp-json\/wp\/v2\/categories?post=83192"},{"taxonomy":"post_tag","embeddable":true,"href":"https:\/\/infoecos.com.ar\/index.php\/wp-json\/wp\/v2\/tags?post=83192"}],"curies":[{"name":"wp","href":"https:\/\/api.w.org\/{rel}","templated":true}]}}