{"id":83211,"date":"2021-08-11T19:20:32","date_gmt":"2021-08-11T22:20:32","guid":{"rendered":"http:\/\/infoecos.com.ar\/?p=83211"},"modified":"2021-08-13T07:34:57","modified_gmt":"2021-08-13T10:34:57","slug":"se-inauguro-inauguro-el-playon-deportivo-y-cultural-de-la-trocha-en-general-villegas","status":"publish","type":"post","link":"https:\/\/infoecos.com.ar\/index.php\/se-inauguro-inauguro-el-playon-deportivo-y-cultural-de-la-trocha-en-general-villegas\/","title":{"rendered":"Se inaugur\u00f3 inaugur\u00f3 el Play\u00f3n Deportivo y Cultural de La Trocha en General Villegas"},"content":{"rendered":"\n<p class=\"wp-block-paragraph\">El Intendente municipal de General Villegas, Eduardo Campana, recorri\u00f3 este mi\u00e9rcoles recorri\u00f3 el nuevo espacio lindero a la Estaci\u00f3n Cultural, Punto Digital La Trocha, y la Unidad de Desarrollo Infantil (UDI) sobre calle Monte Santiago, entre San Lorenzo y Chacabuco, en la ciudad cabecera. <\/p>\n\n\n\n<p class=\"wp-block-paragraph\">Lo hizo acompa\u00f1ado por la Intendenta de General Arenales, \u00c9rica Revilla (vicepresidente del radicalismo bonaerense) y la Diputada Provincial por la cuarta secci\u00f3n electoral, Vanesa Zuccari.<\/p>\n\n\n\n<div class=\"wp-block-image is-style-default\"><figure class=\"aligncenter size-medium\"><img loading=\"lazy\" decoding=\"async\" width=\"460\" height=\"345\" src=\"http:\/\/infoecos.com.ar\/wp-content\/uploads\/2021\/08\/DSCN5519-460x345.jpg\" alt=\"\" class=\"wp-image-83212\" srcset=\"https:\/\/infoecos.com.ar\/wp-content\/uploads\/2021\/08\/DSCN5519-460x345.jpg 460w, https:\/\/infoecos.com.ar\/wp-content\/uploads\/2021\/08\/DSCN5519-920x690.jpg 920w, https:\/\/infoecos.com.ar\/wp-content\/uploads\/2021\/08\/DSCN5519-768x576.jpg 768w, https:\/\/infoecos.com.ar\/wp-content\/uploads\/2021\/08\/DSCN5519-1536x1152.jpg 1536w, https:\/\/infoecos.com.ar\/wp-content\/uploads\/2021\/08\/DSCN5519-1024x768.jpg 1024w, https:\/\/infoecos.com.ar\/wp-content\/uploads\/2021\/08\/DSCN5519.jpg 1600w\" sizes=\"auto, (max-width: 460px) 100vw, 460px\" \/><\/figure><\/div>\n\n\n\n<p class=\"wp-block-paragraph\">La Plazoleta consta de 288 m\u00b2 y una vereda perimetral de 158 m\u00b2 y se plantea como conector entre dichas instituciones a la que se agrega el Hogar de Cristo.<\/p>\n\n\n\n<p class=\"wp-block-paragraph\">El Intendente Campana al hablar en la oportunidad se\u00f1al\u00f3 que \u201chay agradecer el trabajo que han hecho todos los funcionarios y a este gran equipo de trabajo. Estas cosas son para presentarlas y es la forma de llegar a los vecinos y que puedan vivir mejor, que puedan estar en el barrio mucho mejor de lo que estaban antes, as\u00ed que a continuar trabajando\u201d.<\/p>\n\n\n\n<div class=\"wp-block-image is-style-default\"><figure class=\"aligncenter size-medium\"><img loading=\"lazy\" decoding=\"async\" width=\"460\" height=\"345\" src=\"http:\/\/infoecos.com.ar\/wp-content\/uploads\/2021\/08\/DSCN5532-460x345.jpg\" alt=\"\" class=\"wp-image-83213\" srcset=\"https:\/\/infoecos.com.ar\/wp-content\/uploads\/2021\/08\/DSCN5532-460x345.jpg 460w, https:\/\/infoecos.com.ar\/wp-content\/uploads\/2021\/08\/DSCN5532-920x690.jpg 920w, https:\/\/infoecos.com.ar\/wp-content\/uploads\/2021\/08\/DSCN5532-768x576.jpg 768w, https:\/\/infoecos.com.ar\/wp-content\/uploads\/2021\/08\/DSCN5532-1536x1152.jpg 1536w, https:\/\/infoecos.com.ar\/wp-content\/uploads\/2021\/08\/DSCN5532-1024x768.jpg 1024w, https:\/\/infoecos.com.ar\/wp-content\/uploads\/2021\/08\/DSCN5532.jpg 1600w\" sizes=\"auto, (max-width: 460px) 100vw, 460px\" \/><\/figure><\/div>\n\n\n\n<p class=\"wp-block-paragraph\">La Directora de Educaci\u00f3n Maricel Mangas expuso que \u00abeste Play\u00f3n tiene algo especial porque no solo est\u00e1 en el coraz\u00f3n del barrio, sino pegado a la Estaci\u00f3n Cultural La Trocha y Punto Digital La Trocha que cumple 2 a\u00f1os de vida y lleg\u00f3 para ser un espacio de encuentro para los vecinos utilizando la tecnolog\u00eda al servicio de la vida y para la mayor cantidad posible de vidas.\u201d<\/p>\n\n\n\n<p class=\"wp-block-paragraph\">Adem\u00e1s la Coordinadora de Punto Digital La Trocha Milena Mart\u00edn Garc\u00eda &nbsp;explic\u00f3 que \u201cel primer proyecto que estaremos llevando a cabo en esta plaza es Dibujos y colores en mi barrio, &nbsp;un mural colaborativo, impulsado por el artista local Adri\u00e1n Almeira con la invitaci\u00f3n abierta&nbsp; a los vecinos, ni\u00f1os y ni\u00f1as, j\u00f3venes del barrio a participar de su creaci\u00f3n\u201d.<\/p>\n\n\n\n<div class=\"wp-block-image is-style-default\"><figure class=\"aligncenter size-medium\"><img loading=\"lazy\" decoding=\"async\" width=\"460\" height=\"345\" src=\"http:\/\/infoecos.com.ar\/wp-content\/uploads\/2021\/08\/DSCN5527-460x345.jpg\" alt=\"\" class=\"wp-image-83214\" srcset=\"https:\/\/infoecos.com.ar\/wp-content\/uploads\/2021\/08\/DSCN5527-460x345.jpg 460w, https:\/\/infoecos.com.ar\/wp-content\/uploads\/2021\/08\/DSCN5527-920x690.jpg 920w, https:\/\/infoecos.com.ar\/wp-content\/uploads\/2021\/08\/DSCN5527-768x576.jpg 768w, https:\/\/infoecos.com.ar\/wp-content\/uploads\/2021\/08\/DSCN5527-1536x1152.jpg 1536w, https:\/\/infoecos.com.ar\/wp-content\/uploads\/2021\/08\/DSCN5527-1024x768.jpg 1024w, https:\/\/infoecos.com.ar\/wp-content\/uploads\/2021\/08\/DSCN5527.jpg 1600w\" sizes=\"auto, (max-width: 460px) 100vw, 460px\" \/><\/figure><\/div>\n","protected":false},"excerpt":{"rendered":"<p>Campana estuvo acompa\u00f1ado por la Intendenta de General Arenales, \u00c9rica Revilla (vicepresidente del radicalismo bonaerense) y la Diputada Provincial por la cuarta secci\u00f3n electoral, Vanesa Zuccari<\/p>\n","protected":false},"author":2,"featured_media":83212,"comment_status":"closed","ping_status":"open","sticky":false,"template":"","format":"standard","meta":{"footnotes":""},"categories":[1332],"tags":[4638],"class_list":["post-83211","post","type-post","status-publish","format-standard","has-post-thumbnail","hentry","category-inferior12","tag-con-sabor-a-electoral"],"featured_image_urls":{"full":["https:\/\/infoecos.com.ar\/wp-content\/uploads\/2021\/08\/DSCN5519.jpg",1600,1200,false],"thumbnail":["https:\/\/infoecos.com.ar\/wp-content\/uploads\/2021\/08\/DSCN5519-150x150.jpg",150,150,true],"medium":["https:\/\/infoecos.com.ar\/wp-content\/uploads\/2021\/08\/DSCN5519-460x345.jpg",460,345,true],"medium_large":["https:\/\/infoecos.com.ar\/wp-content\/uploads\/2021\/08\/DSCN5519-768x576.jpg",640,480,true],"large":["https:\/\/infoecos.com.ar\/wp-content\/uploads\/2021\/08\/DSCN5519-920x690.jpg",640,480,true],"1536x1536":["https:\/\/infoecos.com.ar\/wp-content\/uploads\/2021\/08\/DSCN5519-1536x1152.jpg",1536,1152,true],"2048x2048":["https:\/\/infoecos.com.ar\/wp-content\/uploads\/2021\/08\/DSCN5519.jpg",1600,1200,false],"covernews-slider-full":["https:\/\/infoecos.com.ar\/wp-content\/uploads\/2021\/08\/DSCN5519-1536x1020.jpg",1077,715,true],"covernews-slider-center":["https:\/\/infoecos.com.ar\/wp-content\/uploads\/2021\/08\/DSCN5519-936x897.jpg",522,500,true],"covernews-featured":["https:\/\/infoecos.com.ar\/wp-content\/uploads\/2021\/08\/DSCN5519-1024x768.jpg",1024,768,true],"covernews-medium":["https:\/\/infoecos.com.ar\/wp-content\/uploads\/2021\/08\/DSCN5519-720x380.jpg",540,285,true],"covernews-medium-square":["https:\/\/infoecos.com.ar\/wp-content\/uploads\/2021\/08\/DSCN5519-675x450.jpg",375,250,true]},"author_info":{"info":["Jorge Matheus"]},"category_info":"<a href=\"https:\/\/infoecos.com.ar\/index.php\/category\/inferior12\/\" rel=\"category tag\">Bloque inferior - 12<\/a>","tag_info":"Bloque inferior - 12","comment_count":"0","_links":{"self":[{"href":"https:\/\/infoecos.com.ar\/index.php\/wp-json\/wp\/v2\/posts\/83211","targetHints":{"allow":["GET"]}}],"collection":[{"href":"https:\/\/infoecos.com.ar\/index.php\/wp-json\/wp\/v2\/posts"}],"about":[{"href":"https:\/\/infoecos.com.ar\/index.php\/wp-json\/wp\/v2\/types\/post"}],"author":[{"embeddable":true,"href":"https:\/\/infoecos.com.ar\/index.php\/wp-json\/wp\/v2\/users\/2"}],"replies":[{"embeddable":true,"href":"https:\/\/infoecos.com.ar\/index.php\/wp-json\/wp\/v2\/comments?post=83211"}],"version-history":[{"count":2,"href":"https:\/\/infoecos.com.ar\/index.php\/wp-json\/wp\/v2\/posts\/83211\/revisions"}],"predecessor-version":[{"id":83399,"href":"https:\/\/infoecos.com.ar\/index.php\/wp-json\/wp\/v2\/posts\/83211\/revisions\/83399"}],"wp:featuredmedia":[{"embeddable":true,"href":"https:\/\/infoecos.com.ar\/index.php\/wp-json\/wp\/v2\/media\/83212"}],"wp:attachment":[{"href":"https:\/\/infoecos.com.ar\/index.php\/wp-json\/wp\/v2\/media?parent=83211"}],"wp:term":[{"taxonomy":"category","embeddable":true,"href":"https:\/\/infoecos.com.ar\/index.php\/wp-json\/wp\/v2\/categories?post=83211"},{"taxonomy":"post_tag","embeddable":true,"href":"https:\/\/infoecos.com.ar\/index.php\/wp-json\/wp\/v2\/tags?post=83211"}],"curies":[{"name":"wp","href":"https:\/\/api.w.org\/{rel}","templated":true}]}}