{"id":83220,"date":"2021-08-11T19:41:15","date_gmt":"2021-08-11T22:41:15","guid":{"rendered":"http:\/\/infoecos.com.ar\/?p=83220"},"modified":"2021-08-11T19:44:09","modified_gmt":"2021-08-11T22:44:09","slug":"otras-223-personas-murieron-y-11-397-fueron-reportadas-con-coronavirus-en-las-ultimas-24-horas","status":"publish","type":"post","link":"https:\/\/infoecos.com.ar\/index.php\/otras-223-personas-murieron-y-11-397-fueron-reportadas-con-coronavirus-en-las-ultimas-24-horas\/","title":{"rendered":"Otras 223 personas murieron y 11.397 fueron reportadas con coronavirus en las \u00faltimas 24 horas"},"content":{"rendered":"\n<p class=\"wp-block-paragraph\">Otras&nbsp;<strong>223 personas murieron<\/strong>&nbsp;y&nbsp;<strong>11.397 fueron reportadas con coronavirus<\/strong>&nbsp;en las \u00faltimas 24 horas en la Argentina, con lo que suman 108.388 los fallecidos registrados oficialmente a nivel nacional y 5.052.884 los contagiados desde el inicio de la pandemia, inform\u00f3 este mi\u00e9rcoles el Ministerio de Salud.<\/p>\n\n\n\n<div class=\"wp-block-image is-style-default\"><figure class=\"aligncenter size-medium\"><img loading=\"lazy\" decoding=\"async\" width=\"460\" height=\"259\" src=\"http:\/\/infoecos.com.ar\/wp-content\/uploads\/corotelam-2-460x259.jpg\" alt=\"\" class=\"wp-image-63359\" srcset=\"https:\/\/infoecos.com.ar\/wp-content\/uploads\/corotelam-2-460x259.jpg 460w, https:\/\/infoecos.com.ar\/wp-content\/uploads\/corotelam-2-920x519.jpg 920w, https:\/\/infoecos.com.ar\/wp-content\/uploads\/corotelam-2-768x433.jpg 768w, https:\/\/infoecos.com.ar\/wp-content\/uploads\/corotelam-2.jpg 1004w\" sizes=\"auto, (max-width: 460px) 100vw, 460px\" \/><\/figure><\/div>\n\n\n\n<p class=\"wp-block-paragraph\">La cartera sanitaria indic\u00f3 que son&nbsp;<strong>3.635<\/strong>&nbsp;los internados con coronavirus en unidades de terapia intensiva, con un porcentaje de ocupaci\u00f3n de camas de adultos de 51,7 % en el pa\u00eds y del 50,5 % en la \u00c1rea Metropolitana Buenos Aires.<\/p>\n\n\n\n<p class=\"wp-block-paragraph\">De acuerdo al Monitor P\u00fablico de Vacunaci\u00f3n, el total de inoculados asciende a 35.680.790, de los cuales 26.394.220 recibieron una dosis y 9.286.570 las dos, mientras que las vacunas distribuidas a las jurisdicciones llegan a 40.696.864.<\/p>\n\n\n\n<p class=\"wp-block-paragraph\">Un 31,41 % (3.580 personas) de los infectados de este mi\u00e9rcoles (11.397) corresponden a la Ciudad y a la provincia de Buenos Aires.<\/p>\n\n\n\n<p class=\"wp-block-paragraph\">De los 5.052.884 contagiados,&nbsp;<strong>el 93,01 %&nbsp;<\/strong>(4.700.030)&nbsp;<strong>recibi\u00f3 el alta<\/strong>&nbsp;y 244.466 son casos confirmados activos.<\/p>\n\n\n\n<p class=\"wp-block-paragraph\">El reporte consign\u00f3 que fallecieron&nbsp;<strong>117 hombres<\/strong>&nbsp;y&nbsp;<strong>104 mujeres<\/strong>, mientras que&nbsp;<strong>dos personas&nbsp;<\/strong>de la provincia de Buenos Aires fueron reportadas<strong>&nbsp;sin dato de sexo<\/strong>.<\/p>\n\n\n\n<div class=\"wp-block-image is-style-default\"><figure class=\"aligncenter size-medium\"><img loading=\"lazy\" decoding=\"async\" width=\"398\" height=\"460\" src=\"http:\/\/infoecos.com.ar\/wp-content\/uploads\/2021\/08\/mapaministeriosalud-398x460.jpg\" alt=\"\" class=\"wp-image-83221\" srcset=\"https:\/\/infoecos.com.ar\/wp-content\/uploads\/2021\/08\/mapaministeriosalud-398x460.jpg 398w, https:\/\/infoecos.com.ar\/wp-content\/uploads\/2021\/08\/mapaministeriosalud-796x920.jpg 796w, https:\/\/infoecos.com.ar\/wp-content\/uploads\/2021\/08\/mapaministeriosalud-768x888.jpg 768w, https:\/\/infoecos.com.ar\/wp-content\/uploads\/2021\/08\/mapaministeriosalud.jpg 1004w\" sizes=\"auto, (max-width: 398px) 100vw, 398px\" \/><\/figure><\/div>\n","protected":false},"excerpt":{"rendered":"<p>Un 31,41 % (3.580 personas) de los infectados de este mi\u00e9rcoles (11.397) corresponden a la Ciudad y a la provincia de Buenos Aires<\/p>\n","protected":false},"author":2,"featured_media":64556,"comment_status":"closed","ping_status":"open","sticky":false,"template":"","format":"standard","meta":{"footnotes":""},"categories":[29],"tags":[4640],"class_list":["post-83220","post","type-post","status-publish","format-standard","has-post-thumbnail","hentry","category-c2nota1","tag-informe-diario-del-ministerio-de-salud"],"featured_image_urls":{"full":["https:\/\/infoecos.com.ar\/wp-content\/uploads\/corolu-1.jpg",1004,565,false],"thumbnail":["https:\/\/infoecos.com.ar\/wp-content\/uploads\/corolu-1-150x150.jpg",150,150,true],"medium":["https:\/\/infoecos.com.ar\/wp-content\/uploads\/corolu-1-460x259.jpg",460,259,true],"medium_large":["https:\/\/infoecos.com.ar\/wp-content\/uploads\/corolu-1-768x432.jpg",640,360,true],"large":["https:\/\/infoecos.com.ar\/wp-content\/uploads\/corolu-1-920x518.jpg",640,360,true],"1536x1536":["https:\/\/infoecos.com.ar\/wp-content\/uploads\/corolu-1.jpg",1004,565,false],"2048x2048":["https:\/\/infoecos.com.ar\/wp-content\/uploads\/corolu-1.jpg",1004,565,false],"covernews-slider-full":["https:\/\/infoecos.com.ar\/wp-content\/uploads\/corolu-1.jpg",1004,565,false],"covernews-slider-center":["https:\/\/infoecos.com.ar\/wp-content\/uploads\/corolu-1-936x565.jpg",800,483,true],"covernews-featured":["https:\/\/infoecos.com.ar\/wp-content\/uploads\/corolu-1.jpg",1004,565,false],"covernews-medium":["https:\/\/infoecos.com.ar\/wp-content\/uploads\/corolu-1-720x380.jpg",540,285,true],"covernews-medium-square":["https:\/\/infoecos.com.ar\/wp-content\/uploads\/corolu-1-675x450.jpg",375,250,true]},"author_info":{"info":["Jorge Matheus"]},"category_info":"<a href=\"https:\/\/infoecos.com.ar\/index.php\/category\/c2nota1\/\" rel=\"category tag\">C2 nota 1<\/a>","tag_info":"C2 nota 1","comment_count":"0","_links":{"self":[{"href":"https:\/\/infoecos.com.ar\/index.php\/wp-json\/wp\/v2\/posts\/83220","targetHints":{"allow":["GET"]}}],"collection":[{"href":"https:\/\/infoecos.com.ar\/index.php\/wp-json\/wp\/v2\/posts"}],"about":[{"href":"https:\/\/infoecos.com.ar\/index.php\/wp-json\/wp\/v2\/types\/post"}],"author":[{"embeddable":true,"href":"https:\/\/infoecos.com.ar\/index.php\/wp-json\/wp\/v2\/users\/2"}],"replies":[{"embeddable":true,"href":"https:\/\/infoecos.com.ar\/index.php\/wp-json\/wp\/v2\/comments?post=83220"}],"version-history":[{"count":2,"href":"https:\/\/infoecos.com.ar\/index.php\/wp-json\/wp\/v2\/posts\/83220\/revisions"}],"predecessor-version":[{"id":83223,"href":"https:\/\/infoecos.com.ar\/index.php\/wp-json\/wp\/v2\/posts\/83220\/revisions\/83223"}],"wp:featuredmedia":[{"embeddable":true,"href":"https:\/\/infoecos.com.ar\/index.php\/wp-json\/wp\/v2\/media\/64556"}],"wp:attachment":[{"href":"https:\/\/infoecos.com.ar\/index.php\/wp-json\/wp\/v2\/media?parent=83220"}],"wp:term":[{"taxonomy":"category","embeddable":true,"href":"https:\/\/infoecos.com.ar\/index.php\/wp-json\/wp\/v2\/categories?post=83220"},{"taxonomy":"post_tag","embeddable":true,"href":"https:\/\/infoecos.com.ar\/index.php\/wp-json\/wp\/v2\/tags?post=83220"}],"curies":[{"name":"wp","href":"https:\/\/api.w.org\/{rel}","templated":true}]}}