{"id":83242,"date":"2021-08-12T02:49:48","date_gmt":"2021-08-12T05:49:48","guid":{"rendered":"http:\/\/infoecos.com.ar\/?p=83242"},"modified":"2021-08-13T07:32:35","modified_gmt":"2021-08-13T10:32:35","slug":"loable-gesto-del-martillero-publico-treslomense-jorge-pato-caballero","status":"publish","type":"post","link":"https:\/\/infoecos.com.ar\/index.php\/loable-gesto-del-martillero-publico-treslomense-jorge-pato-caballero\/","title":{"rendered":"Loable gesto del Martillero P\u00fablico treslomense, Jorge \u00abPato\u00bb Caballero"},"content":{"rendered":"\n<p class=\"wp-block-paragraph\">El Martillero P\u00fablico de Tres Lomas, Jorge \u201cPato\u201d Caballero, don\u00f3 200 mil pesos al Hospital Municipal de la ciudad de Tres Lomas. Lo hizo este martes en un sencillo acto que se concret\u00f3 en el despacho del intendente, Roberto \u00c1lvarez que estaba acompa\u00f1ado por la secretaria de Hacienda, Graciela Cavallero. <\/p>\n\n\n\n<div class=\"wp-block-image is-style-default\"><figure class=\"aligncenter size-medium\"><img loading=\"lazy\" decoding=\"async\" width=\"460\" height=\"340\" src=\"http:\/\/infoecos.com.ar\/wp-content\/uploads\/2021\/08\/Donacion-2-1-460x340.jpg\" alt=\"\" class=\"wp-image-83243\" srcset=\"https:\/\/infoecos.com.ar\/wp-content\/uploads\/2021\/08\/Donacion-2-1-460x340.jpg 460w, https:\/\/infoecos.com.ar\/wp-content\/uploads\/2021\/08\/Donacion-2-1-920x680.jpg 920w, https:\/\/infoecos.com.ar\/wp-content\/uploads\/2021\/08\/Donacion-2-1-768x567.jpg 768w, https:\/\/infoecos.com.ar\/wp-content\/uploads\/2021\/08\/Donacion-2-1-1536x1135.jpg 1536w, https:\/\/infoecos.com.ar\/wp-content\/uploads\/2021\/08\/Donacion-2-1-2048x1513.jpg 2048w, https:\/\/infoecos.com.ar\/wp-content\/uploads\/2021\/08\/Donacion-2-1-1024x756.jpg 1024w\" sizes=\"auto, (max-width: 460px) 100vw, 460px\" \/><\/figure><\/div>\n\n\n\n<p class=\"wp-block-paragraph\">El conocido profesional tuvo a su cargo hace pocos d\u00edas atr\u00e1s con una muy buena respuesta el remate de maquinar\u00edas, herramientas y veh\u00edculos del municipio. Parte de la comisi\u00f3n que le correspond\u00eda fue la que don\u00f3 para el principal efector de salud del distrito.<\/p>\n\n\n\n<p class=\"wp-block-paragraph\">El mandatario comunal treslomense destac\u00f3 el gesto de Caballero por esta actitud, la que no es com\u00fan no solo en su actividad, sino en muchas que est\u00e1n relacionadas con los gobiernos municipal, provincial \u00f3 nacional.<br><br><\/p>\n\n\n\n<p class=\"wp-block-paragraph\"><\/p>\n","protected":false},"excerpt":{"rendered":"<p>El conocido profesional tuvo a su cargo hace pocos d\u00edas atr\u00e1s con una muy buena respuesta el remate de maquinar\u00edas, herramientas y veh\u00edculos del municipio<\/p>\n","protected":false},"author":2,"featured_media":83243,"comment_status":"closed","ping_status":"open","sticky":false,"template":"","format":"standard","meta":{"footnotes":""},"categories":[199],"tags":[4646],"class_list":["post-83242","post","type-post","status-publish","format-standard","has-post-thumbnail","hentry","category-inferior7","tag-dono-200-mil-pesos-de-una-comision"],"featured_image_urls":{"full":["https:\/\/infoecos.com.ar\/wp-content\/uploads\/2021\/08\/Donacion-2-1-scaled.jpg",2560,1891,false],"thumbnail":["https:\/\/infoecos.com.ar\/wp-content\/uploads\/2021\/08\/Donacion-2-1-150x150.jpg",150,150,true],"medium":["https:\/\/infoecos.com.ar\/wp-content\/uploads\/2021\/08\/Donacion-2-1-460x340.jpg",460,340,true],"medium_large":["https:\/\/infoecos.com.ar\/wp-content\/uploads\/2021\/08\/Donacion-2-1-768x567.jpg",640,473,true],"large":["https:\/\/infoecos.com.ar\/wp-content\/uploads\/2021\/08\/Donacion-2-1-920x680.jpg",640,473,true],"1536x1536":["https:\/\/infoecos.com.ar\/wp-content\/uploads\/2021\/08\/Donacion-2-1-1536x1135.jpg",1536,1135,true],"2048x2048":["https:\/\/infoecos.com.ar\/wp-content\/uploads\/2021\/08\/Donacion-2-1-2048x1513.jpg",2048,1513,true],"covernews-slider-full":["https:\/\/infoecos.com.ar\/wp-content\/uploads\/2021\/08\/Donacion-2-1-1536x1020.jpg",1077,715,true],"covernews-slider-center":["https:\/\/infoecos.com.ar\/wp-content\/uploads\/2021\/08\/Donacion-2-1-936x897.jpg",522,500,true],"covernews-featured":["https:\/\/infoecos.com.ar\/wp-content\/uploads\/2021\/08\/Donacion-2-1-1024x756.jpg",1024,756,true],"covernews-medium":["https:\/\/infoecos.com.ar\/wp-content\/uploads\/2021\/08\/Donacion-2-1-720x380.jpg",540,285,true],"covernews-medium-square":["https:\/\/infoecos.com.ar\/wp-content\/uploads\/2021\/08\/Donacion-2-1-675x450.jpg",375,250,true]},"author_info":{"info":["Jorge Matheus"]},"category_info":"<a href=\"https:\/\/infoecos.com.ar\/index.php\/category\/inferior7\/\" rel=\"category tag\">Bloque inferior - 7<\/a>","tag_info":"Bloque inferior - 7","comment_count":"0","_links":{"self":[{"href":"https:\/\/infoecos.com.ar\/index.php\/wp-json\/wp\/v2\/posts\/83242","targetHints":{"allow":["GET"]}}],"collection":[{"href":"https:\/\/infoecos.com.ar\/index.php\/wp-json\/wp\/v2\/posts"}],"about":[{"href":"https:\/\/infoecos.com.ar\/index.php\/wp-json\/wp\/v2\/types\/post"}],"author":[{"embeddable":true,"href":"https:\/\/infoecos.com.ar\/index.php\/wp-json\/wp\/v2\/users\/2"}],"replies":[{"embeddable":true,"href":"https:\/\/infoecos.com.ar\/index.php\/wp-json\/wp\/v2\/comments?post=83242"}],"version-history":[{"count":1,"href":"https:\/\/infoecos.com.ar\/index.php\/wp-json\/wp\/v2\/posts\/83242\/revisions"}],"predecessor-version":[{"id":83244,"href":"https:\/\/infoecos.com.ar\/index.php\/wp-json\/wp\/v2\/posts\/83242\/revisions\/83244"}],"wp:featuredmedia":[{"embeddable":true,"href":"https:\/\/infoecos.com.ar\/index.php\/wp-json\/wp\/v2\/media\/83243"}],"wp:attachment":[{"href":"https:\/\/infoecos.com.ar\/index.php\/wp-json\/wp\/v2\/media?parent=83242"}],"wp:term":[{"taxonomy":"category","embeddable":true,"href":"https:\/\/infoecos.com.ar\/index.php\/wp-json\/wp\/v2\/categories?post=83242"},{"taxonomy":"post_tag","embeddable":true,"href":"https:\/\/infoecos.com.ar\/index.php\/wp-json\/wp\/v2\/tags?post=83242"}],"curies":[{"name":"wp","href":"https:\/\/api.w.org\/{rel}","templated":true}]}}