{"id":83276,"date":"2021-08-12T05:13:30","date_gmt":"2021-08-12T08:13:30","guid":{"rendered":"http:\/\/infoecos.com.ar\/?p=83276"},"modified":"2021-08-12T05:13:31","modified_gmt":"2021-08-12T08:13:31","slug":"el-municipio-de-monte-hermoso-aplicara-limitaciones-de-funcionamiento-para-evitar-un-descontrol-de-la-nocturnidad","status":"publish","type":"post","link":"https:\/\/infoecos.com.ar\/index.php\/el-municipio-de-monte-hermoso-aplicara-limitaciones-de-funcionamiento-para-evitar-un-descontrol-de-la-nocturnidad\/","title":{"rendered":"El municipio de Monte Hermoso aplicar\u00e1 limitaciones de funcionamiento para evitar un descontrol de la nocturnidad"},"content":{"rendered":"\n<p>Pese a la decisi\u00f3n del gobierno nacional de liberar la circulaci\u00f3n y el horario de funcionamiento de restaurantes, bares, cervecer\u00ecas y comercios similares \u2013medida a la que adhiri\u00f3 la Provincia de Buenos Aires-, el municipio de Monte Hermoso aplicar\u00e1 \u201climitaciones de funcionamiento\u201d para evitar \u201cun descontrol de la nocturnidad\u201d.<\/p>\n\n\n\n<p>\u00a0Lo determin\u00f3 en las \u00faltimas horas de ayer y ser\u00e1 formalizado hoy mediante un decreto que firmar\u00e1 el intendente Alejandro Dichiara.\u00a0<\/p>\n\n\n\n<div class=\"wp-block-image is-style-default\"><figure class=\"aligncenter size-medium\"><img loading=\"lazy\" decoding=\"async\" width=\"460\" height=\"258\" src=\"http:\/\/infoecos.com.ar\/wp-content\/uploads\/20200718124526_1595080021693-460x258.jpg\" alt=\"\" class=\"wp-image-64849\" srcset=\"https:\/\/infoecos.com.ar\/wp-content\/uploads\/20200718124526_1595080021693-460x258.jpg 460w, https:\/\/infoecos.com.ar\/wp-content\/uploads\/20200718124526_1595080021693-768x430.jpg 768w, https:\/\/infoecos.com.ar\/wp-content\/uploads\/20200718124526_1595080021693.jpg 880w\" sizes=\"(max-width: 460px) 100vw, 460px\" \/><\/figure><\/div>\n\n\n\n<p>El documento especificar\u00e1 que, hasta nuevo aviso, todos los comercios que trabajen en horario nocturno deber\u00e1n cerrar sus puertas indefectiblemente a las 2 de la madrugada.<\/p>\n\n\n\n<p>\u201cSi se libera la circulaci\u00f3n y al mismo tiempo no se imponen horarios a la nocturnidad, no importa si los boliches se habilitan o no, ya que los bares, cervecer\u00edas y pubs van a terminar funcionando como locales bailables. Y eso es precisamente lo que no queremos por el alto riesgo de contagio que implica\u201d, explic\u00f3 al diario La Nueva de Bah\u00eda Blanca. una alta fuente municipal muy cercana al intendente Alejandro Dichiara.<\/p>\n\n\n\n<p>Sin l\u00edmites de circulaci\u00f3n ni horarios, en el balneario ven muy dif\u00edcil el control de todos los establecimientos nocturnos para verificar que cumplan con el aforo del 70%, el uso de elementos de desinfecci\u00f3n y el distanciamiento social, entre otras medias.<\/p>\n\n\n\n<p>\u00a0\u201cNing\u00fan municipio tiene personal ni recursos suficientes para salir todos los d\u00edas a verificar que no se exceda la capacidad de cada local, y mucho menos a las 4 o 5 de la ma\u00f1ana. \u00bfC\u00f3mo vamos a evitar entonces que en alg\u00fan momento, en alg\u00fan pub o cervecer\u00eda, alguno suba la m\u00fasica, se corran las mesas y terminen la noche como un boliche?\u201d, se pregunt\u00f3 la fuente consultada.<\/p>\n","protected":false},"excerpt":{"rendered":"<p>El documento especificar\u00e1 que, hasta nuevo aviso, todos los comercios que trabajen en horario nocturno deber\u00e1n cerrar sus puertas indefectiblemente a las 2 de la madrugada<\/p>\n","protected":false},"author":2,"featured_media":64849,"comment_status":"closed","ping_status":"open","sticky":false,"template":"","format":"standard","meta":{"footnotes":""},"categories":[1341],"tags":[4653],"class_list":["post-83276","post","type-post","status-publish","format-standard","has-post-thumbnail","hentry","category-c1nota7","tag-dichiara-firma-hoy-el-decreto"],"yoast_head":"<!-- This site is optimized with the Yoast SEO plugin v23.4 - https:\/\/yoast.com\/wordpress\/plugins\/seo\/ -->\n<title>El municipio de Monte Hermoso aplicar\u00e1 limitaciones de funcionamiento para evitar un descontrol de la nocturnidad - Infoecos<\/title>\n<meta name=\"robots\" content=\"index, follow, max-snippet:-1, max-image-preview:large, max-video-preview:-1\" \/>\n<link rel=\"canonical\" href=\"https:\/\/infoecos.com.ar\/index.php\/el-municipio-de-monte-hermoso-aplicara-limitaciones-de-funcionamiento-para-evitar-un-descontrol-de-la-nocturnidad\/\" \/>\n<meta property=\"og:locale\" content=\"es_ES\" \/>\n<meta property=\"og:type\" content=\"article\" \/>\n<meta property=\"og:title\" content=\"El municipio de Monte Hermoso aplicar\u00e1 limitaciones de funcionamiento para evitar un descontrol de la nocturnidad - Infoecos\" \/>\n<meta property=\"og:description\" content=\"El documento especificar\u00e1 que, hasta nuevo aviso, todos los comercios que trabajen en horario nocturno deber\u00e1n cerrar sus puertas indefectiblemente a las 2 de la madrugada\" \/>\n<meta property=\"og:url\" content=\"https:\/\/infoecos.com.ar\/index.php\/el-municipio-de-monte-hermoso-aplicara-limitaciones-de-funcionamiento-para-evitar-un-descontrol-de-la-nocturnidad\/\" \/>\n<meta property=\"og:site_name\" content=\"Infoecos\" \/>\n<meta property=\"article:publisher\" content=\"https:\/\/www.facebook.com\/profile.php?id=100063200290284\" \/>\n<meta property=\"article:published_time\" content=\"2021-08-12T08:13:30+00:00\" \/>\n<meta property=\"article:modified_time\" content=\"2021-08-12T08:13:31+00:00\" \/>\n<meta property=\"og:image\" content=\"https:\/\/infoecos.com.ar\/wp-content\/uploads\/20200718124526_1595080021693.jpg\" \/>\n\t<meta property=\"og:image:width\" content=\"880\" \/>\n\t<meta property=\"og:image:height\" content=\"493\" \/>\n\t<meta property=\"og:image:type\" content=\"image\/jpeg\" \/>\n<meta name=\"author\" content=\"Jorge Matheus\" \/>\n<meta name=\"twitter:card\" content=\"summary_large_image\" \/>\n<meta name=\"twitter:creator\" content=\"@infoecos\" \/>\n<meta name=\"twitter:site\" content=\"@infoecos\" \/>\n<meta name=\"twitter:label1\" content=\"Escrito por\" \/>\n\t<meta name=\"twitter:data1\" content=\"Jorge Matheus\" \/>\n\t<meta name=\"twitter:label2\" content=\"Tiempo de lectura\" \/>\n\t<meta name=\"twitter:data2\" content=\"1 minuto\" \/>\n<script type=\"application\/ld+json\" class=\"yoast-schema-graph\">{\"@context\":\"https:\/\/schema.org\",\"@graph\":[{\"@type\":\"Article\",\"@id\":\"https:\/\/infoecos.com.ar\/index.php\/el-municipio-de-monte-hermoso-aplicara-limitaciones-de-funcionamiento-para-evitar-un-descontrol-de-la-nocturnidad\/#article\",\"isPartOf\":{\"@id\":\"https:\/\/infoecos.com.ar\/index.php\/el-municipio-de-monte-hermoso-aplicara-limitaciones-de-funcionamiento-para-evitar-un-descontrol-de-la-nocturnidad\/\"},\"author\":{\"name\":\"Jorge Matheus\",\"@id\":\"https:\/\/infoecos.com.ar\/#\/schema\/person\/8f5ace5ce73b4b4aac4b7245aee6f191\"},\"headline\":\"El municipio de Monte Hermoso aplicar\u00e1 limitaciones de funcionamiento para evitar un descontrol de la nocturnidad\",\"datePublished\":\"2021-08-12T08:13:30+00:00\",\"dateModified\":\"2021-08-12T08:13:31+00:00\",\"mainEntityOfPage\":{\"@id\":\"https:\/\/infoecos.com.ar\/index.php\/el-municipio-de-monte-hermoso-aplicara-limitaciones-de-funcionamiento-para-evitar-un-descontrol-de-la-nocturnidad\/\"},\"wordCount\":309,\"publisher\":{\"@id\":\"https:\/\/infoecos.com.ar\/#organization\"},\"image\":{\"@id\":\"https:\/\/infoecos.com.ar\/index.php\/el-municipio-de-monte-hermoso-aplicara-limitaciones-de-funcionamiento-para-evitar-un-descontrol-de-la-nocturnidad\/#primaryimage\"},\"thumbnailUrl\":\"https:\/\/infoecos.com.ar\/wp-content\/uploads\/20200718124526_1595080021693.jpg\",\"keywords\":[\"DICHIARA FIRMA HOY EL DECRETO\"],\"articleSection\":[\"C1 nota 7\"],\"inLanguage\":\"es\"},{\"@type\":\"WebPage\",\"@id\":\"https:\/\/infoecos.com.ar\/index.php\/el-municipio-de-monte-hermoso-aplicara-limitaciones-de-funcionamiento-para-evitar-un-descontrol-de-la-nocturnidad\/\",\"url\":\"https:\/\/infoecos.com.ar\/index.php\/el-municipio-de-monte-hermoso-aplicara-limitaciones-de-funcionamiento-para-evitar-un-descontrol-de-la-nocturnidad\/\",\"name\":\"El municipio de Monte Hermoso aplicar\u00e1 limitaciones de funcionamiento para evitar un descontrol de la nocturnidad - Infoecos\",\"isPartOf\":{\"@id\":\"https:\/\/infoecos.com.ar\/#website\"},\"primaryImageOfPage\":{\"@id\":\"https:\/\/infoecos.com.ar\/index.php\/el-municipio-de-monte-hermoso-aplicara-limitaciones-de-funcionamiento-para-evitar-un-descontrol-de-la-nocturnidad\/#primaryimage\"},\"image\":{\"@id\":\"https:\/\/infoecos.com.ar\/index.php\/el-municipio-de-monte-hermoso-aplicara-limitaciones-de-funcionamiento-para-evitar-un-descontrol-de-la-nocturnidad\/#primaryimage\"},\"thumbnailUrl\":\"https:\/\/infoecos.com.ar\/wp-content\/uploads\/20200718124526_1595080021693.jpg\",\"datePublished\":\"2021-08-12T08:13:30+00:00\",\"dateModified\":\"2021-08-12T08:13:31+00:00\",\"breadcrumb\":{\"@id\":\"https:\/\/infoecos.com.ar\/index.php\/el-municipio-de-monte-hermoso-aplicara-limitaciones-de-funcionamiento-para-evitar-un-descontrol-de-la-nocturnidad\/#breadcrumb\"},\"inLanguage\":\"es\",\"potentialAction\":[{\"@type\":\"ReadAction\",\"target\":[\"https:\/\/infoecos.com.ar\/index.php\/el-municipio-de-monte-hermoso-aplicara-limitaciones-de-funcionamiento-para-evitar-un-descontrol-de-la-nocturnidad\/\"]}]},{\"@type\":\"ImageObject\",\"inLanguage\":\"es\",\"@id\":\"https:\/\/infoecos.com.ar\/index.php\/el-municipio-de-monte-hermoso-aplicara-limitaciones-de-funcionamiento-para-evitar-un-descontrol-de-la-nocturnidad\/#primaryimage\",\"url\":\"https:\/\/infoecos.com.ar\/wp-content\/uploads\/20200718124526_1595080021693.jpg\",\"contentUrl\":\"https:\/\/infoecos.com.ar\/wp-content\/uploads\/20200718124526_1595080021693.jpg\",\"width\":880,\"height\":493},{\"@type\":\"BreadcrumbList\",\"@id\":\"https:\/\/infoecos.com.ar\/index.php\/el-municipio-de-monte-hermoso-aplicara-limitaciones-de-funcionamiento-para-evitar-un-descontrol-de-la-nocturnidad\/#breadcrumb\",\"itemListElement\":[{\"@type\":\"ListItem\",\"position\":1,\"name\":\"Portada\",\"item\":\"https:\/\/infoecos.com.ar\/\"},{\"@type\":\"ListItem\",\"position\":2,\"name\":\"El municipio de Monte Hermoso aplicar\u00e1 limitaciones de funcionamiento para evitar un descontrol de la nocturnidad\"}]},{\"@type\":\"WebSite\",\"@id\":\"https:\/\/infoecos.com.ar\/#website\",\"url\":\"https:\/\/infoecos.com.ar\/\",\"name\":\"Infoecos\",\"description\":\"Noticias de trenque lauquen y la zona\",\"publisher\":{\"@id\":\"https:\/\/infoecos.com.ar\/#organization\"},\"alternateName\":\"Noticias\",\"potentialAction\":[{\"@type\":\"SearchAction\",\"target\":{\"@type\":\"EntryPoint\",\"urlTemplate\":\"https:\/\/infoecos.com.ar\/?s={search_term_string}\"},\"query-input\":{\"@type\":\"PropertyValueSpecification\",\"valueRequired\":true,\"valueName\":\"search_term_string\"}}],\"inLanguage\":\"es\"},{\"@type\":\"Organization\",\"@id\":\"https:\/\/infoecos.com.ar\/#organization\",\"name\":\"Infoecos\",\"alternateName\":\"Noticias\",\"url\":\"https:\/\/infoecos.com.ar\/\",\"logo\":{\"@type\":\"ImageObject\",\"inLanguage\":\"es\",\"@id\":\"https:\/\/infoecos.com.ar\/#\/schema\/logo\/image\/\",\"url\":\"https:\/\/infoecos.com.ar\/wp-content\/uploads\/2024\/03\/cropped-logo.png\",\"contentUrl\":\"https:\/\/infoecos.com.ar\/wp-content\/uploads\/2024\/03\/cropped-logo.png\",\"width\":374,\"height\":90,\"caption\":\"Infoecos\"},\"image\":{\"@id\":\"https:\/\/infoecos.com.ar\/#\/schema\/logo\/image\/\"},\"sameAs\":[\"https:\/\/www.facebook.com\/profile.php?id=100063200290284\",\"https:\/\/x.com\/infoecos\"]},{\"@type\":\"Person\",\"@id\":\"https:\/\/infoecos.com.ar\/#\/schema\/person\/8f5ace5ce73b4b4aac4b7245aee6f191\",\"name\":\"Jorge Matheus\",\"url\":\"https:\/\/infoecos.com.ar\/index.php\/author\/jomatheus\/\"}]}<\/script>\n<!-- \/ Yoast SEO plugin. -->","yoast_head_json":{"title":"El municipio de Monte Hermoso aplicar\u00e1 limitaciones de funcionamiento para evitar un descontrol de la nocturnidad - Infoecos","robots":{"index":"index","follow":"follow","max-snippet":"max-snippet:-1","max-image-preview":"max-image-preview:large","max-video-preview":"max-video-preview:-1"},"canonical":"https:\/\/infoecos.com.ar\/index.php\/el-municipio-de-monte-hermoso-aplicara-limitaciones-de-funcionamiento-para-evitar-un-descontrol-de-la-nocturnidad\/","og_locale":"es_ES","og_type":"article","og_title":"El municipio de Monte Hermoso aplicar\u00e1 limitaciones de funcionamiento para evitar un descontrol de la nocturnidad - Infoecos","og_description":"El documento especificar\u00e1 que, hasta nuevo aviso, todos los comercios que trabajen en horario nocturno deber\u00e1n cerrar sus puertas indefectiblemente a las 2 de la madrugada","og_url":"https:\/\/infoecos.com.ar\/index.php\/el-municipio-de-monte-hermoso-aplicara-limitaciones-de-funcionamiento-para-evitar-un-descontrol-de-la-nocturnidad\/","og_site_name":"Infoecos","article_publisher":"https:\/\/www.facebook.com\/profile.php?id=100063200290284","article_published_time":"2021-08-12T08:13:30+00:00","article_modified_time":"2021-08-12T08:13:31+00:00","og_image":[{"width":880,"height":493,"url":"https:\/\/infoecos.com.ar\/wp-content\/uploads\/20200718124526_1595080021693.jpg","type":"image\/jpeg"}],"author":"Jorge Matheus","twitter_card":"summary_large_image","twitter_creator":"@infoecos","twitter_site":"@infoecos","twitter_misc":{"Escrito por":"Jorge Matheus","Tiempo de lectura":"1 minuto"},"schema":{"@context":"https:\/\/schema.org","@graph":[{"@type":"Article","@id":"https:\/\/infoecos.com.ar\/index.php\/el-municipio-de-monte-hermoso-aplicara-limitaciones-de-funcionamiento-para-evitar-un-descontrol-de-la-nocturnidad\/#article","isPartOf":{"@id":"https:\/\/infoecos.com.ar\/index.php\/el-municipio-de-monte-hermoso-aplicara-limitaciones-de-funcionamiento-para-evitar-un-descontrol-de-la-nocturnidad\/"},"author":{"name":"Jorge Matheus","@id":"https:\/\/infoecos.com.ar\/#\/schema\/person\/8f5ace5ce73b4b4aac4b7245aee6f191"},"headline":"El municipio de Monte Hermoso aplicar\u00e1 limitaciones de funcionamiento para evitar un descontrol de la nocturnidad","datePublished":"2021-08-12T08:13:30+00:00","dateModified":"2021-08-12T08:13:31+00:00","mainEntityOfPage":{"@id":"https:\/\/infoecos.com.ar\/index.php\/el-municipio-de-monte-hermoso-aplicara-limitaciones-de-funcionamiento-para-evitar-un-descontrol-de-la-nocturnidad\/"},"wordCount":309,"publisher":{"@id":"https:\/\/infoecos.com.ar\/#organization"},"image":{"@id":"https:\/\/infoecos.com.ar\/index.php\/el-municipio-de-monte-hermoso-aplicara-limitaciones-de-funcionamiento-para-evitar-un-descontrol-de-la-nocturnidad\/#primaryimage"},"thumbnailUrl":"https:\/\/infoecos.com.ar\/wp-content\/uploads\/20200718124526_1595080021693.jpg","keywords":["DICHIARA FIRMA HOY EL DECRETO"],"articleSection":["C1 nota 7"],"inLanguage":"es"},{"@type":"WebPage","@id":"https:\/\/infoecos.com.ar\/index.php\/el-municipio-de-monte-hermoso-aplicara-limitaciones-de-funcionamiento-para-evitar-un-descontrol-de-la-nocturnidad\/","url":"https:\/\/infoecos.com.ar\/index.php\/el-municipio-de-monte-hermoso-aplicara-limitaciones-de-funcionamiento-para-evitar-un-descontrol-de-la-nocturnidad\/","name":"El municipio de Monte Hermoso aplicar\u00e1 limitaciones de funcionamiento para evitar un descontrol de la nocturnidad - Infoecos","isPartOf":{"@id":"https:\/\/infoecos.com.ar\/#website"},"primaryImageOfPage":{"@id":"https:\/\/infoecos.com.ar\/index.php\/el-municipio-de-monte-hermoso-aplicara-limitaciones-de-funcionamiento-para-evitar-un-descontrol-de-la-nocturnidad\/#primaryimage"},"image":{"@id":"https:\/\/infoecos.com.ar\/index.php\/el-municipio-de-monte-hermoso-aplicara-limitaciones-de-funcionamiento-para-evitar-un-descontrol-de-la-nocturnidad\/#primaryimage"},"thumbnailUrl":"https:\/\/infoecos.com.ar\/wp-content\/uploads\/20200718124526_1595080021693.jpg","datePublished":"2021-08-12T08:13:30+00:00","dateModified":"2021-08-12T08:13:31+00:00","breadcrumb":{"@id":"https:\/\/infoecos.com.ar\/index.php\/el-municipio-de-monte-hermoso-aplicara-limitaciones-de-funcionamiento-para-evitar-un-descontrol-de-la-nocturnidad\/#breadcrumb"},"inLanguage":"es","potentialAction":[{"@type":"ReadAction","target":["https:\/\/infoecos.com.ar\/index.php\/el-municipio-de-monte-hermoso-aplicara-limitaciones-de-funcionamiento-para-evitar-un-descontrol-de-la-nocturnidad\/"]}]},{"@type":"ImageObject","inLanguage":"es","@id":"https:\/\/infoecos.com.ar\/index.php\/el-municipio-de-monte-hermoso-aplicara-limitaciones-de-funcionamiento-para-evitar-un-descontrol-de-la-nocturnidad\/#primaryimage","url":"https:\/\/infoecos.com.ar\/wp-content\/uploads\/20200718124526_1595080021693.jpg","contentUrl":"https:\/\/infoecos.com.ar\/wp-content\/uploads\/20200718124526_1595080021693.jpg","width":880,"height":493},{"@type":"BreadcrumbList","@id":"https:\/\/infoecos.com.ar\/index.php\/el-municipio-de-monte-hermoso-aplicara-limitaciones-de-funcionamiento-para-evitar-un-descontrol-de-la-nocturnidad\/#breadcrumb","itemListElement":[{"@type":"ListItem","position":1,"name":"Portada","item":"https:\/\/infoecos.com.ar\/"},{"@type":"ListItem","position":2,"name":"El municipio de Monte Hermoso aplicar\u00e1 limitaciones de funcionamiento para evitar un descontrol de la nocturnidad"}]},{"@type":"WebSite","@id":"https:\/\/infoecos.com.ar\/#website","url":"https:\/\/infoecos.com.ar\/","name":"Infoecos","description":"Noticias de trenque lauquen y la zona","publisher":{"@id":"https:\/\/infoecos.com.ar\/#organization"},"alternateName":"Noticias","potentialAction":[{"@type":"SearchAction","target":{"@type":"EntryPoint","urlTemplate":"https:\/\/infoecos.com.ar\/?s={search_term_string}"},"query-input":{"@type":"PropertyValueSpecification","valueRequired":true,"valueName":"search_term_string"}}],"inLanguage":"es"},{"@type":"Organization","@id":"https:\/\/infoecos.com.ar\/#organization","name":"Infoecos","alternateName":"Noticias","url":"https:\/\/infoecos.com.ar\/","logo":{"@type":"ImageObject","inLanguage":"es","@id":"https:\/\/infoecos.com.ar\/#\/schema\/logo\/image\/","url":"https:\/\/infoecos.com.ar\/wp-content\/uploads\/2024\/03\/cropped-logo.png","contentUrl":"https:\/\/infoecos.com.ar\/wp-content\/uploads\/2024\/03\/cropped-logo.png","width":374,"height":90,"caption":"Infoecos"},"image":{"@id":"https:\/\/infoecos.com.ar\/#\/schema\/logo\/image\/"},"sameAs":["https:\/\/www.facebook.com\/profile.php?id=100063200290284","https:\/\/x.com\/infoecos"]},{"@type":"Person","@id":"https:\/\/infoecos.com.ar\/#\/schema\/person\/8f5ace5ce73b4b4aac4b7245aee6f191","name":"Jorge Matheus","url":"https:\/\/infoecos.com.ar\/index.php\/author\/jomatheus\/"}]}},"featured_image_urls":{"full":["https:\/\/infoecos.com.ar\/wp-content\/uploads\/20200718124526_1595080021693.jpg",880,493,false],"thumbnail":["https:\/\/infoecos.com.ar\/wp-content\/uploads\/20200718124526_1595080021693-150x150.jpg",150,150,true],"medium":["https:\/\/infoecos.com.ar\/wp-content\/uploads\/20200718124526_1595080021693-460x258.jpg",460,258,true],"medium_large":["https:\/\/infoecos.com.ar\/wp-content\/uploads\/20200718124526_1595080021693-768x430.jpg",640,358,true],"large":["https:\/\/infoecos.com.ar\/wp-content\/uploads\/20200718124526_1595080021693.jpg",640,359,false],"1536x1536":["https:\/\/infoecos.com.ar\/wp-content\/uploads\/20200718124526_1595080021693.jpg",880,493,false],"2048x2048":["https:\/\/infoecos.com.ar\/wp-content\/uploads\/20200718124526_1595080021693.jpg",880,493,false],"covernews-slider-full":["https:\/\/infoecos.com.ar\/wp-content\/uploads\/20200718124526_1595080021693.jpg",880,493,false],"covernews-slider-center":["https:\/\/infoecos.com.ar\/wp-content\/uploads\/20200718124526_1595080021693.jpg",800,448,false],"covernews-featured":["https:\/\/infoecos.com.ar\/wp-content\/uploads\/20200718124526_1595080021693.jpg",880,493,false],"covernews-medium":["https:\/\/infoecos.com.ar\/wp-content\/uploads\/20200718124526_1595080021693-720x380.jpg",540,285,true],"covernews-medium-square":["https:\/\/infoecos.com.ar\/wp-content\/uploads\/20200718124526_1595080021693-675x450.jpg",375,250,true]},"author_info":{"info":["Jorge Matheus"]},"category_info":"<a href=\"https:\/\/infoecos.com.ar\/index.php\/category\/c1nota7\/\" rel=\"category tag\">C1 nota 7<\/a>","tag_info":"C1 nota 7","comment_count":"0","_links":{"self":[{"href":"https:\/\/infoecos.com.ar\/index.php\/wp-json\/wp\/v2\/posts\/83276"}],"collection":[{"href":"https:\/\/infoecos.com.ar\/index.php\/wp-json\/wp\/v2\/posts"}],"about":[{"href":"https:\/\/infoecos.com.ar\/index.php\/wp-json\/wp\/v2\/types\/post"}],"author":[{"embeddable":true,"href":"https:\/\/infoecos.com.ar\/index.php\/wp-json\/wp\/v2\/users\/2"}],"replies":[{"embeddable":true,"href":"https:\/\/infoecos.com.ar\/index.php\/wp-json\/wp\/v2\/comments?post=83276"}],"version-history":[{"count":1,"href":"https:\/\/infoecos.com.ar\/index.php\/wp-json\/wp\/v2\/posts\/83276\/revisions"}],"predecessor-version":[{"id":83277,"href":"https:\/\/infoecos.com.ar\/index.php\/wp-json\/wp\/v2\/posts\/83276\/revisions\/83277"}],"wp:featuredmedia":[{"embeddable":true,"href":"https:\/\/infoecos.com.ar\/index.php\/wp-json\/wp\/v2\/media\/64849"}],"wp:attachment":[{"href":"https:\/\/infoecos.com.ar\/index.php\/wp-json\/wp\/v2\/media?parent=83276"}],"wp:term":[{"taxonomy":"category","embeddable":true,"href":"https:\/\/infoecos.com.ar\/index.php\/wp-json\/wp\/v2\/categories?post=83276"},{"taxonomy":"post_tag","embeddable":true,"href":"https:\/\/infoecos.com.ar\/index.php\/wp-json\/wp\/v2\/tags?post=83276"}],"curies":[{"name":"wp","href":"https:\/\/api.w.org\/{rel}","templated":true}]}}