{"id":83278,"date":"2021-08-12T05:23:57","date_gmt":"2021-08-12T08:23:57","guid":{"rendered":"http:\/\/infoecos.com.ar\/?p=83278"},"modified":"2021-08-13T07:30:21","modified_gmt":"2021-08-13T10:30:21","slug":"zabaleta-a-pocas-horas-de-haber-asumido-con-ministro-de-desarrollo-social-de-la-nacion-visito-saladillo","status":"publish","type":"post","link":"https:\/\/infoecos.com.ar\/index.php\/zabaleta-a-pocas-horas-de-haber-asumido-con-ministro-de-desarrollo-social-de-la-nacion-visito-saladillo\/","title":{"rendered":"Zabaleta, a pocas horas de haber asumido con ministro de Desarrollo Social de la Naci\u00f3n, visit\u00f3 Saladillo"},"content":{"rendered":"\n<p class=\"wp-block-paragraph\">El ministro de Desarrollo Social de la Naci\u00f3n, Juan Zabaleta,&nbsp;visit\u00f3 Saladillo, tras el fuerte temporal de lluvia, viento y granizo que sufriera la ciudad bonaerense y por el cual m\u00e1s de 250 familias debieron ser asistidas.&nbsp;Estuvo acompa\u00f1ado por el ministro de Desarrollo de la Comunidad de la provincia de Buenos Aires, Andr\u00e9s Larroque, y el intendente local, Jos\u00e9 Luis Salom\u00f3n.<\/p>\n\n\n\n<p class=\"wp-block-paragraph\">Desde la Secretar\u00eda de Asistencia Cr\u00edtica,&nbsp;el Ministerio envi\u00f3 materiales e insumos a las familias afectadas: 500 chapas, 500 tirantes, 500 alfajias, 100 colchones, 500 frazadas, 500 s\u00e1banas y 200 bidones de agua mineral.<\/p>\n\n\n\n<div class=\"wp-block-image is-style-default\"><figure class=\"aligncenter size-medium\"><img loading=\"lazy\" decoding=\"async\" width=\"460\" height=\"322\" src=\"http:\/\/infoecos.com.ar\/wp-content\/uploads\/2021\/08\/ZABALETA1-460x322.jpeg\" alt=\"\" class=\"wp-image-83279\" srcset=\"https:\/\/infoecos.com.ar\/wp-content\/uploads\/2021\/08\/ZABALETA1-460x322.jpeg 460w, https:\/\/infoecos.com.ar\/wp-content\/uploads\/2021\/08\/ZABALETA1.jpeg 658w\" sizes=\"auto, (max-width: 460px) 100vw, 460px\" \/><\/figure><\/div>\n\n\n\n<p class=\"wp-block-paragraph\">\u201cVamos a trabajar mucho para que esas familias que fueron afectadas por el temporal recuperen la felicidad\u201d, expres\u00f3 el ministro Zabaleta, y agreg\u00f3:&nbsp;\u201cVinimos para acompa\u00f1ar y estar junto a quienes m\u00e1s lo necesitan. Porque cuando hay necesidades tenemos que estar todos juntos.\u201d<\/p>\n\n\n\n<p class=\"wp-block-paragraph\">Asimismo, durante la jornada, y junto al intendente municipal, Jos\u00e9 Luis Salom\u00f3n,&nbsp;se realiz\u00f3 la firma de dos convenios en el marco del&nbsp;<a href=\"https:\/\/www.argentina.gob.ar\/desarrollosocial\/seguridadalimentaria\">Plan Nacional de Seguridad Alimentaria<\/a>, y el&nbsp;<a href=\"https:\/\/www.argentina.gob.ar\/argentina-contra-el-hambre\">Plan Nacional Argentina contra el Hambre<\/a>&nbsp;destinado a la compra de alimentos secos y frescos<strong>.<\/strong>&nbsp;La inversi\u00f3n total fue de 15 millones de pesos para la compra de alimentos y 20 millones para la compra de materiales de construcci\u00f3n.<\/p>\n\n\n\n<p class=\"wp-block-paragraph\">Por su parte, el ministro de Desarrollo de la Comunidad bonaerense, Andr\u00e9s Larroque, se\u00f1al\u00f3 que<strong>&nbsp;\u201csituaciones como la de este temporal que sufri\u00f3 Saladillo el fin de semana son muy traum\u00e1ticas para las familias, y muy tristes, por eso es muy importante estar presentes desde el primer momento\u201d, al tiempo que destac\u00f3 \u201cla importancia del Estado que acompa\u00f1a y resuelve cada situaci\u00f3n\u201d. Y agreg\u00f3:&nbsp;\u201cTenemos que estar todos juntos en este contexto, y vamos a trabajar mucho para que las familias que sufrieron los destrozos del temporal se puedan recomponer r\u00e1pidamente\u201d.<\/strong><\/p>\n\n\n\n<div class=\"wp-block-image is-style-default\"><figure class=\"aligncenter size-medium\"><img loading=\"lazy\" decoding=\"async\" width=\"460\" height=\"344\" src=\"http:\/\/infoecos.com.ar\/wp-content\/uploads\/2021\/08\/saladillo14-460x344.jpg\" alt=\"\" class=\"wp-image-82894\" srcset=\"https:\/\/infoecos.com.ar\/wp-content\/uploads\/2021\/08\/saladillo14-460x344.jpg 460w, https:\/\/infoecos.com.ar\/wp-content\/uploads\/2021\/08\/saladillo14-920x687.jpg 920w, https:\/\/infoecos.com.ar\/wp-content\/uploads\/2021\/08\/saladillo14-768x574.jpg 768w, https:\/\/infoecos.com.ar\/wp-content\/uploads\/2021\/08\/saladillo14-1024x765.jpg 1024w, https:\/\/infoecos.com.ar\/wp-content\/uploads\/2021\/08\/saladillo14.jpg 1080w\" sizes=\"auto, (max-width: 460px) 100vw, 460px\" \/><\/figure><\/div>\n\n\n\n<p class=\"wp-block-paragraph\">Del mismo modo, el intendente local agradeci\u00f3 la presencia del ministro y funcionarios nacionales y remarc\u00f3: \u201cMuchas viviendas afectadas y estamos recibiendo apoyo y acompa\u00f1amiento de la Naci\u00f3n y la Provincia\u201d.<\/p>\n\n\n\n<p class=\"wp-block-paragraph\">Zabaleta tambi\u00e9n visit\u00f3 una vivienda y un local de almac\u00e9n afectados por el temporal y la empresa Mielnox, especializada en brindar soluciones en maquinaria de \u00faltima generaci\u00f3n para el negocio ap\u00edcola.<\/p>\n\n\n\n<div class=\"wp-block-image is-style-default\"><figure class=\"aligncenter size-medium\"><img loading=\"lazy\" decoding=\"async\" width=\"460\" height=\"306\" src=\"http:\/\/infoecos.com.ar\/wp-content\/uploads\/2021\/08\/ZABALETA-460x306.jpeg\" alt=\"\" class=\"wp-image-83280\" srcset=\"https:\/\/infoecos.com.ar\/wp-content\/uploads\/2021\/08\/ZABALETA-460x306.jpeg 460w, https:\/\/infoecos.com.ar\/wp-content\/uploads\/2021\/08\/ZABALETA-675x450.jpeg 675w, https:\/\/infoecos.com.ar\/wp-content\/uploads\/2021\/08\/ZABALETA.jpeg 689w\" sizes=\"auto, (max-width: 460px) 100vw, 460px\" \/><\/figure><\/div>\n\n\n\n<p class=\"wp-block-paragraph\">Acompa\u00f1aron al ministro el diputado nacional Eduardo Bucca; la secretaria de Inclusi\u00f3n Social, Laura Alonso; el subsecretario de Asistencia Cr\u00edtica, Gustavo Aguilera, y la directora de Articulaci\u00f3n Regional Buenos Aires, Mar\u00eda Eugenia Meana.<\/p>\n","protected":false},"excerpt":{"rendered":"<p>Entre otras cosas, 500 chapas, 500 tirantes, 500 alfajias, 100 colchones, 500 frazadas, 500 s\u00e1banas y 200 bidones de agua mineral<\/p>\n","protected":false},"author":2,"featured_media":83280,"comment_status":"closed","ping_status":"open","sticky":false,"template":"","format":"standard","meta":{"footnotes":""},"categories":[41],"tags":[4654],"class_list":["post-83278","post","type-post","status-publish","format-standard","has-post-thumbnail","hentry","category-inferior2","tag-inversion-de-15-millones-del-gobierno-nacional"],"featured_image_urls":{"full":["https:\/\/infoecos.com.ar\/wp-content\/uploads\/2021\/08\/ZABALETA.jpeg",689,459,false],"thumbnail":["https:\/\/infoecos.com.ar\/wp-content\/uploads\/2021\/08\/ZABALETA-150x150.jpeg",150,150,true],"medium":["https:\/\/infoecos.com.ar\/wp-content\/uploads\/2021\/08\/ZABALETA-460x306.jpeg",460,306,true],"medium_large":["https:\/\/infoecos.com.ar\/wp-content\/uploads\/2021\/08\/ZABALETA.jpeg",640,426,false],"large":["https:\/\/infoecos.com.ar\/wp-content\/uploads\/2021\/08\/ZABALETA.jpeg",640,426,false],"1536x1536":["https:\/\/infoecos.com.ar\/wp-content\/uploads\/2021\/08\/ZABALETA.jpeg",689,459,false],"2048x2048":["https:\/\/infoecos.com.ar\/wp-content\/uploads\/2021\/08\/ZABALETA.jpeg",689,459,false],"covernews-slider-full":["https:\/\/infoecos.com.ar\/wp-content\/uploads\/2021\/08\/ZABALETA.jpeg",689,459,false],"covernews-slider-center":["https:\/\/infoecos.com.ar\/wp-content\/uploads\/2021\/08\/ZABALETA.jpeg",689,459,false],"covernews-featured":["https:\/\/infoecos.com.ar\/wp-content\/uploads\/2021\/08\/ZABALETA.jpeg",689,459,false],"covernews-medium":["https:\/\/infoecos.com.ar\/wp-content\/uploads\/2021\/08\/ZABALETA-689x380.jpeg",540,298,true],"covernews-medium-square":["https:\/\/infoecos.com.ar\/wp-content\/uploads\/2021\/08\/ZABALETA-675x450.jpeg",375,250,true]},"author_info":{"info":["Jorge Matheus"]},"category_info":"<a href=\"https:\/\/infoecos.com.ar\/index.php\/category\/inferior2\/\" rel=\"category tag\">Bloque inferior - 2<\/a>","tag_info":"Bloque inferior - 2","comment_count":"0","_links":{"self":[{"href":"https:\/\/infoecos.com.ar\/index.php\/wp-json\/wp\/v2\/posts\/83278","targetHints":{"allow":["GET"]}}],"collection":[{"href":"https:\/\/infoecos.com.ar\/index.php\/wp-json\/wp\/v2\/posts"}],"about":[{"href":"https:\/\/infoecos.com.ar\/index.php\/wp-json\/wp\/v2\/types\/post"}],"author":[{"embeddable":true,"href":"https:\/\/infoecos.com.ar\/index.php\/wp-json\/wp\/v2\/users\/2"}],"replies":[{"embeddable":true,"href":"https:\/\/infoecos.com.ar\/index.php\/wp-json\/wp\/v2\/comments?post=83278"}],"version-history":[{"count":2,"href":"https:\/\/infoecos.com.ar\/index.php\/wp-json\/wp\/v2\/posts\/83278\/revisions"}],"predecessor-version":[{"id":83397,"href":"https:\/\/infoecos.com.ar\/index.php\/wp-json\/wp\/v2\/posts\/83278\/revisions\/83397"}],"wp:featuredmedia":[{"embeddable":true,"href":"https:\/\/infoecos.com.ar\/index.php\/wp-json\/wp\/v2\/media\/83280"}],"wp:attachment":[{"href":"https:\/\/infoecos.com.ar\/index.php\/wp-json\/wp\/v2\/media?parent=83278"}],"wp:term":[{"taxonomy":"category","embeddable":true,"href":"https:\/\/infoecos.com.ar\/index.php\/wp-json\/wp\/v2\/categories?post=83278"},{"taxonomy":"post_tag","embeddable":true,"href":"https:\/\/infoecos.com.ar\/index.php\/wp-json\/wp\/v2\/tags?post=83278"}],"curies":[{"name":"wp","href":"https:\/\/api.w.org\/{rel}","templated":true}]}}