{"id":83310,"date":"2021-08-13T02:06:55","date_gmt":"2021-08-13T05:06:55","guid":{"rendered":"http:\/\/infoecos.com.ar\/?p=83310"},"modified":"2021-08-13T05:35:31","modified_gmt":"2021-08-13T08:35:31","slug":"satisfaccion-de-uatre-por-el-anuncio-realizado-por-el-presidente-de-la-nacion","status":"publish","type":"post","link":"https:\/\/infoecos.com.ar\/index.php\/satisfaccion-de-uatre-por-el-anuncio-realizado-por-el-presidente-de-la-nacion\/","title":{"rendered":"Satisfacci\u00f3n de UATRE a ra\u00edz del anuncio realizado por Alberto Fern\u00e1ndez"},"content":{"rendered":"\n<p class=\"wp-block-paragraph\">Jos\u00e9 Voytenco, Secretario General de la Uni\u00f3n Argentina de Trabajadores Rurales y Estibadores (UATRE), expres\u00f3 la&nbsp;\u201cprofunda satisfacci\u00f3n\u201d&nbsp;del gremio que encabeza por los anuncios efectuados por el Presidente de la Naci\u00f3n, Alberto Fern\u00e1ndez,&nbsp;en la ciudad de Concordia, presentando Plan mencionado en la informaci\u00f3n principal de Infoecos. <\/p>\n\n\n\n<p class=\"wp-block-paragraph\">\u201cHace a\u00f1os que venimos planteando la dificultad o el dilema que enfrentaban los compa\u00f1eros y compa\u00f1eras, titulares de planes sociales, de incorporarse a la actividad laboral temporaria y perder ese beneficio si el empleador los registraba\u201d explic\u00f3.<\/p>\n\n\n\n<div class=\"wp-block-image is-style-default\"><figure class=\"aligncenter size-medium\"><img loading=\"lazy\" decoding=\"async\" width=\"460\" height=\"259\" src=\"http:\/\/infoecos.com.ar\/wp-content\/uploads\/2021\/08\/josevoytenco-460x259.jpg\" alt=\"\" class=\"wp-image-83311\" srcset=\"https:\/\/infoecos.com.ar\/wp-content\/uploads\/2021\/08\/josevoytenco-460x259.jpg 460w, https:\/\/infoecos.com.ar\/wp-content\/uploads\/2021\/08\/josevoytenco-920x518.jpg 920w, https:\/\/infoecos.com.ar\/wp-content\/uploads\/2021\/08\/josevoytenco-768x432.jpg 768w, https:\/\/infoecos.com.ar\/wp-content\/uploads\/2021\/08\/josevoytenco-1024x576.jpg 1024w, https:\/\/infoecos.com.ar\/wp-content\/uploads\/2021\/08\/josevoytenco.jpg 1200w\" sizes=\"auto, (max-width: 460px) 100vw, 460px\" \/><\/figure><\/div>\n\n\n\n<p class=\"wp-block-paragraph\">\u201cEste es un claro hecho de Justicia Social que implementa nuestro presidente y que respaldamos con toda nuestra fuerza\u201d, subray\u00f3.<\/p>\n\n\n\n<p class=\"wp-block-paragraph\">Fuentes de la UATRE se\u00f1alaron que, como lo anunci\u00f3 el Presidente, no menos de 250 mil trabajadores y trabajadoras rurales que ser\u00e1n beneficiados por esta medida.<\/p>\n\n\n\n<p class=\"wp-block-paragraph\">\u201cAcompa\u00f1amos al compa\u00f1ero presidente en su compromiso de luchar contra todas las desigualdades que hoy persisten y que hieren la conciencia de todos los que queremos ver una Argentina grande, pero como \u00e9l lo manifest\u00f3, en una sociedad que nos incluya a todos y en donde la gente viva dignamente con trabajo\u201d, concluy\u00f3 el l\u00edder sindical.<\/p>\n","protected":false},"excerpt":{"rendered":"<p>\u201cEste es un claro hecho de Justicia Social que implementa nuestro presidente y que respaldamos con toda nuestra fuerza\u201d, dijo el Secretario General de la Uni\u00f3n Argentina de Trabajadores Rurales y Estibadores<\/p>\n","protected":false},"author":2,"featured_media":83311,"comment_status":"closed","ping_status":"open","sticky":false,"template":"","format":"standard","meta":{"footnotes":""},"categories":[25],"tags":[4656],"class_list":["post-83310","post","type-post","status-publish","format-standard","has-post-thumbnail","hentry","category-c3nota1","tag-hablo-jose-voytenco"],"featured_image_urls":{"full":["https:\/\/infoecos.com.ar\/wp-content\/uploads\/2021\/08\/josevoytenco.jpg",1200,675,false],"thumbnail":["https:\/\/infoecos.com.ar\/wp-content\/uploads\/2021\/08\/josevoytenco-150x150.jpg",150,150,true],"medium":["https:\/\/infoecos.com.ar\/wp-content\/uploads\/2021\/08\/josevoytenco-460x259.jpg",460,259,true],"medium_large":["https:\/\/infoecos.com.ar\/wp-content\/uploads\/2021\/08\/josevoytenco-768x432.jpg",640,360,true],"large":["https:\/\/infoecos.com.ar\/wp-content\/uploads\/2021\/08\/josevoytenco-920x518.jpg",640,360,true],"1536x1536":["https:\/\/infoecos.com.ar\/wp-content\/uploads\/2021\/08\/josevoytenco.jpg",1200,675,false],"2048x2048":["https:\/\/infoecos.com.ar\/wp-content\/uploads\/2021\/08\/josevoytenco.jpg",1200,675,false],"covernews-slider-full":["https:\/\/infoecos.com.ar\/wp-content\/uploads\/2021\/08\/josevoytenco.jpg",1115,627,false],"covernews-slider-center":["https:\/\/infoecos.com.ar\/wp-content\/uploads\/2021\/08\/josevoytenco-936x675.jpg",693,500,true],"covernews-featured":["https:\/\/infoecos.com.ar\/wp-content\/uploads\/2021\/08\/josevoytenco-1024x576.jpg",1024,576,true],"covernews-medium":["https:\/\/infoecos.com.ar\/wp-content\/uploads\/2021\/08\/josevoytenco-720x380.jpg",540,285,true],"covernews-medium-square":["https:\/\/infoecos.com.ar\/wp-content\/uploads\/2021\/08\/josevoytenco-675x450.jpg",375,250,true]},"author_info":{"info":["Jorge Matheus"]},"category_info":"<a href=\"https:\/\/infoecos.com.ar\/index.php\/category\/c3nota1\/\" rel=\"category tag\">C3 N1<\/a>","tag_info":"C3 N1","comment_count":"0","_links":{"self":[{"href":"https:\/\/infoecos.com.ar\/index.php\/wp-json\/wp\/v2\/posts\/83310","targetHints":{"allow":["GET"]}}],"collection":[{"href":"https:\/\/infoecos.com.ar\/index.php\/wp-json\/wp\/v2\/posts"}],"about":[{"href":"https:\/\/infoecos.com.ar\/index.php\/wp-json\/wp\/v2\/types\/post"}],"author":[{"embeddable":true,"href":"https:\/\/infoecos.com.ar\/index.php\/wp-json\/wp\/v2\/users\/2"}],"replies":[{"embeddable":true,"href":"https:\/\/infoecos.com.ar\/index.php\/wp-json\/wp\/v2\/comments?post=83310"}],"version-history":[{"count":2,"href":"https:\/\/infoecos.com.ar\/index.php\/wp-json\/wp\/v2\/posts\/83310\/revisions"}],"predecessor-version":[{"id":83322,"href":"https:\/\/infoecos.com.ar\/index.php\/wp-json\/wp\/v2\/posts\/83310\/revisions\/83322"}],"wp:featuredmedia":[{"embeddable":true,"href":"https:\/\/infoecos.com.ar\/index.php\/wp-json\/wp\/v2\/media\/83311"}],"wp:attachment":[{"href":"https:\/\/infoecos.com.ar\/index.php\/wp-json\/wp\/v2\/media?parent=83310"}],"wp:term":[{"taxonomy":"category","embeddable":true,"href":"https:\/\/infoecos.com.ar\/index.php\/wp-json\/wp\/v2\/categories?post=83310"},{"taxonomy":"post_tag","embeddable":true,"href":"https:\/\/infoecos.com.ar\/index.php\/wp-json\/wp\/v2\/tags?post=83310"}],"curies":[{"name":"wp","href":"https:\/\/api.w.org\/{rel}","templated":true}]}}