{"id":83329,"date":"2021-08-13T02:47:02","date_gmt":"2021-08-13T05:47:02","guid":{"rendered":"http:\/\/infoecos.com.ar\/?p=83329"},"modified":"2021-08-13T02:47:03","modified_gmt":"2021-08-13T05:47:03","slug":"el-lunes-comienza-el-curso-para-aplicadores-terrestres-en-trenque-lauquen-y-se-desarrollara-durante-un-mes","status":"publish","type":"post","link":"https:\/\/infoecos.com.ar\/index.php\/el-lunes-comienza-el-curso-para-aplicadores-terrestres-en-trenque-lauquen-y-se-desarrollara-durante-un-mes\/","title":{"rendered":"El lunes comienza el curso para aplicadores terrestres en Trenque Lauquen y se desarrollar\u00e1 durante un mes"},"content":{"rendered":"\n<p class=\"wp-block-paragraph\">La direcci\u00f3n de Ambiente y Desarrollo Sustentable del Municipio de Trenque Lauquen inform\u00f3 que este a\u00f1o el curso anual obligatorio para la renovaci\u00f3n u obtenci\u00f3n de los carnets de aplicadores terrestres en el distrito estar\u00e1 disponible desde el lunes (16 de agosto), durante un mes, hasta el jueves 16 de septiembre del corriente a\u00f1o.<\/p>\n\n\n\n<p class=\"wp-block-paragraph\">El nuevo carnet que habilitar\u00e1 para realizar las tareas de aplicaci\u00f3n terrestre en el partido entrar\u00e1 en vigencia el viernes 1\u00ba de octubre y obviamente no estar\u00e1n en regla aquellos que no lo tengan.<\/p>\n\n\n\n<div class=\"wp-block-image is-style-default\"><figure class=\"aligncenter size-medium\"><img decoding=\"async\" src=\"http:\/\/infoecos.com.ar\/wp-content\/uploads\/mosquito_970_340-460x161.jpg\" alt=\"\" class=\"wp-image-48935\"\/><figcaption>Fumigaci\u00f3n terrestre<\/figcaption><\/figure><\/div>\n\n\n\n<p class=\"wp-block-paragraph\">Las personas interesadas deber\u00e1n ingresar a partir del lunes a la p\u00e1gina web municipal (<a href=\"https:\/\/www.trenquelauquen.gov.ar\/cursoaplicadores\/\">https:\/\/www.trenquelauquen.gov.ar\/cursoaplicadores\/<\/a>) donde encontrar\u00e1n dos videos con material te\u00f3rico y el examen, en el que se requiere una nota m\u00ednima de seis (6) para ser aprobado .<\/p>\n\n\n\n<p class=\"wp-block-paragraph\">El curso ser\u00e1 solo virtual, no habr\u00e1 instancia presencial, pero a diferencia de 2020, cuando se hizo en un solo d\u00eda, este a\u00f1o estar\u00e1 abierto un mes para que puedan ver el contenido cuantas veces quieran o necesiten y realizarlo cuando dispongan de tiempo.<\/p>\n\n\n\n<p class=\"wp-block-paragraph\">La Ordenanza n\u00ba3965\/13 establece que la capacitaci\u00f3n local es obligatoria para la obtenci\u00f3n o renovaci\u00f3n anual municipal y de ese modo poder desarrollar la actividad en el distrito.<\/p>\n\n\n\n<p class=\"wp-block-paragraph\">Para inscribirse hay que comunicarse o enviar un WhatsApp al tel\u00e9fono (2392) 53-3490 de lunes a viernes de 7 a13 o enviar un mail al correo electr\u00f3nico <a href=\"mailto:medioambiente@trenquelauquen.gov.ar\">medioambiente@trenquelauquen.gov.ar<\/a><\/p>\n\n\n\n<p class=\"wp-block-paragraph\">Para llevar a cabo el curso los aspirantes deber\u00e1n tener pago el importe municipal de emisi\u00f3n de carnet de aplicadores terrestres, como marca la Ordenanza General Impositiva: el costo es de 1.640 pesos y puede abonarse de manera personal en el Municipio o mediante dep\u00f3sito o transferencia bancaria (Banco Provincia \/ Sucursal 6704 \/ Cuenta Corriente n\u00b050567\/3 \/ CBU 0140356301670405056738) y enviar el comprobante del dep\u00f3sito al e-mail <a href=\"mailto:fiscalizacion@trenquelauquen.gov.ar\">fiscalizacion@trenquelauquen.gov.ar<\/a><\/p>\n","protected":false},"excerpt":{"rendered":"<p>El nuevo carnet que habilitar\u00e1 para realizar las tareas de aplicaci\u00f3n terrestre en el partido entrar\u00e1 en vigencia el viernes 1\u00ba de octubre<\/p>\n","protected":false},"author":2,"featured_media":48935,"comment_status":"closed","ping_status":"open","sticky":false,"template":"","format":"standard","meta":{"footnotes":""},"categories":[46],"tags":[4660],"class_list":["post-83329","post","type-post","status-publish","format-standard","has-post-thumbnail","hentry","category-c2nota2","tag-es-obligatorio-para-renovacion-u-obtencion-del-carnet"],"featured_image_urls":{"full":"","thumbnail":"","medium":"","medium_large":"","large":"","1536x1536":"","2048x2048":"","covernews-slider-full":"","covernews-slider-center":"","covernews-featured":"","covernews-medium":"","covernews-medium-square":""},"author_info":{"info":["Jorge Matheus"]},"category_info":"<a href=\"https:\/\/infoecos.com.ar\/index.php\/category\/c2nota2\/\" rel=\"category tag\">C2 N2<\/a>","tag_info":"C2 N2","comment_count":"0","_links":{"self":[{"href":"https:\/\/infoecos.com.ar\/index.php\/wp-json\/wp\/v2\/posts\/83329","targetHints":{"allow":["GET"]}}],"collection":[{"href":"https:\/\/infoecos.com.ar\/index.php\/wp-json\/wp\/v2\/posts"}],"about":[{"href":"https:\/\/infoecos.com.ar\/index.php\/wp-json\/wp\/v2\/types\/post"}],"author":[{"embeddable":true,"href":"https:\/\/infoecos.com.ar\/index.php\/wp-json\/wp\/v2\/users\/2"}],"replies":[{"embeddable":true,"href":"https:\/\/infoecos.com.ar\/index.php\/wp-json\/wp\/v2\/comments?post=83329"}],"version-history":[{"count":1,"href":"https:\/\/infoecos.com.ar\/index.php\/wp-json\/wp\/v2\/posts\/83329\/revisions"}],"predecessor-version":[{"id":83330,"href":"https:\/\/infoecos.com.ar\/index.php\/wp-json\/wp\/v2\/posts\/83329\/revisions\/83330"}],"wp:attachment":[{"href":"https:\/\/infoecos.com.ar\/index.php\/wp-json\/wp\/v2\/media?parent=83329"}],"wp:term":[{"taxonomy":"category","embeddable":true,"href":"https:\/\/infoecos.com.ar\/index.php\/wp-json\/wp\/v2\/categories?post=83329"},{"taxonomy":"post_tag","embeddable":true,"href":"https:\/\/infoecos.com.ar\/index.php\/wp-json\/wp\/v2\/tags?post=83329"}],"curies":[{"name":"wp","href":"https:\/\/api.w.org\/{rel}","templated":true}]}}