{"id":83331,"date":"2021-08-13T02:54:27","date_gmt":"2021-08-13T05:54:27","guid":{"rendered":"http:\/\/infoecos.com.ar\/?p=83331"},"modified":"2021-08-13T02:54:28","modified_gmt":"2021-08-13T05:54:28","slug":"este-sabado-seminario-para-musicos-violinistas-y-violistas-en-trenque-lauquen","status":"publish","type":"post","link":"https:\/\/infoecos.com.ar\/index.php\/este-sabado-seminario-para-musicos-violinistas-y-violistas-en-trenque-lauquen\/","title":{"rendered":"Este s\u00e1bado seminario para m\u00fasicos violinistas y violistas en Trenque Lauquen"},"content":{"rendered":"\n<p class=\"wp-block-paragraph\">Ma\u00f1ana a las 16 se realizar\u00e1 el seminario \u201cHerramientas t\u00e9cnicas para fines expresivos\u201d para m\u00fasicos violinistas y violistas, que estar\u00e1 a cargo de la Lic. Mariana Atamas, a trav\u00e9s del programa de Mecenazgo del Gobierno de la Ciudad de Buenos Aires, inform\u00f3 la direcci\u00f3n de Cultura municipal. Qui\u00e9n dictar\u00e1 el curso es graduada de \u00abPost-Masters Certificate in Performance\u00bb de DePaul University de Chicago, EEUU, Licenciatura de UNA, Orquesta Escuela de Tango \u00abEmilio Balcarce\u00bb y Profesorado de Yoga adem\u00e1s de festivales y destacadas masterclass.<\/p>\n\n\n\n<div class=\"wp-block-image is-style-default\"><figure class=\"aligncenter size-medium\"><img loading=\"lazy\" decoding=\"async\" width=\"460\" height=\"307\" src=\"http:\/\/infoecos.com.ar\/wp-content\/uploads\/2021\/08\/ESCUELA-DE-MUSICA-1-460x307.jpg\" alt=\"\" class=\"wp-image-82536\" srcset=\"https:\/\/infoecos.com.ar\/wp-content\/uploads\/2021\/08\/ESCUELA-DE-MUSICA-1-460x307.jpg 460w, https:\/\/infoecos.com.ar\/wp-content\/uploads\/2021\/08\/ESCUELA-DE-MUSICA-1-768x513.jpg 768w, https:\/\/infoecos.com.ar\/wp-content\/uploads\/2021\/08\/ESCUELA-DE-MUSICA-1-675x450.jpg 675w, https:\/\/infoecos.com.ar\/wp-content\/uploads\/2021\/08\/ESCUELA-DE-MUSICA-1.jpg 851w\" sizes=\"auto, (max-width: 460px) 100vw, 460px\" \/><\/figure><\/div>\n\n\n\n<p class=\"wp-block-paragraph\">Las personas interesadas pueden inscribirse y obtener mayor informaci\u00f3n sobre el seminario escribiendo al siguiente correo electr\u00f3nico de la direcci\u00f3n de la Escuela Municipal de M\u00fasica: <a href=\"mailto:escuelademusicadetrenque@gmail.com\">escuelademusicadetrenque@gmail.com<\/a> La iniciativa forma parte del proyecto \u201cEl M\u00fasico Interior\u201d que promueve la investigaci\u00f3n, capacitaci\u00f3n y formaci\u00f3n para el desarrollo de las nuevas generaciones.<\/p>\n\n\n\n<p class=\"wp-block-paragraph\">La iniciativa forma parte del proyecto \u201cEl M\u00fasico Interior\u201d que promueve la investigaci\u00f3n, capacitaci\u00f3n y formaci\u00f3n<\/p>\n","protected":false},"excerpt":{"rendered":"<p>Estar\u00e1 a cargo de la Lic. Mariana Atamas, a trav\u00e9s del programa de Mecenazgo del Gobierno de la Ciudad de Buenos Aires, inform\u00f3 la direcci\u00f3n de Cultura municipal<\/p>\n","protected":false},"author":2,"featured_media":82536,"comment_status":"closed","ping_status":"open","sticky":false,"template":"","format":"standard","meta":{"footnotes":""},"categories":[47],"tags":[4662],"class_list":["post-83331","post","type-post","status-publish","format-standard","has-post-thumbnail","hentry","category-c3nota2","tag-todavia-hay-tiempo-para-inscribirse"],"featured_image_urls":{"full":["https:\/\/infoecos.com.ar\/wp-content\/uploads\/2021\/08\/ESCUELA-DE-MUSICA-1.jpg",851,568,false],"thumbnail":["https:\/\/infoecos.com.ar\/wp-content\/uploads\/2021\/08\/ESCUELA-DE-MUSICA-1-150x150.jpg",150,150,true],"medium":["https:\/\/infoecos.com.ar\/wp-content\/uploads\/2021\/08\/ESCUELA-DE-MUSICA-1-460x307.jpg",460,307,true],"medium_large":["https:\/\/infoecos.com.ar\/wp-content\/uploads\/2021\/08\/ESCUELA-DE-MUSICA-1-768x513.jpg",640,428,true],"large":["https:\/\/infoecos.com.ar\/wp-content\/uploads\/2021\/08\/ESCUELA-DE-MUSICA-1.jpg",640,427,false],"1536x1536":["https:\/\/infoecos.com.ar\/wp-content\/uploads\/2021\/08\/ESCUELA-DE-MUSICA-1.jpg",851,568,false],"2048x2048":["https:\/\/infoecos.com.ar\/wp-content\/uploads\/2021\/08\/ESCUELA-DE-MUSICA-1.jpg",851,568,false],"covernews-slider-full":["https:\/\/infoecos.com.ar\/wp-content\/uploads\/2021\/08\/ESCUELA-DE-MUSICA-1.jpg",851,568,false],"covernews-slider-center":["https:\/\/infoecos.com.ar\/wp-content\/uploads\/2021\/08\/ESCUELA-DE-MUSICA-1.jpg",749,500,false],"covernews-featured":["https:\/\/infoecos.com.ar\/wp-content\/uploads\/2021\/08\/ESCUELA-DE-MUSICA-1.jpg",851,568,false],"covernews-medium":["https:\/\/infoecos.com.ar\/wp-content\/uploads\/2021\/08\/ESCUELA-DE-MUSICA-1-720x380.jpg",540,285,true],"covernews-medium-square":["https:\/\/infoecos.com.ar\/wp-content\/uploads\/2021\/08\/ESCUELA-DE-MUSICA-1-675x450.jpg",375,250,true]},"author_info":{"info":["Jorge Matheus"]},"category_info":"<a href=\"https:\/\/infoecos.com.ar\/index.php\/category\/c3nota2\/\" rel=\"category tag\">C3 N2<\/a>","tag_info":"C3 N2","comment_count":"0","_links":{"self":[{"href":"https:\/\/infoecos.com.ar\/index.php\/wp-json\/wp\/v2\/posts\/83331","targetHints":{"allow":["GET"]}}],"collection":[{"href":"https:\/\/infoecos.com.ar\/index.php\/wp-json\/wp\/v2\/posts"}],"about":[{"href":"https:\/\/infoecos.com.ar\/index.php\/wp-json\/wp\/v2\/types\/post"}],"author":[{"embeddable":true,"href":"https:\/\/infoecos.com.ar\/index.php\/wp-json\/wp\/v2\/users\/2"}],"replies":[{"embeddable":true,"href":"https:\/\/infoecos.com.ar\/index.php\/wp-json\/wp\/v2\/comments?post=83331"}],"version-history":[{"count":1,"href":"https:\/\/infoecos.com.ar\/index.php\/wp-json\/wp\/v2\/posts\/83331\/revisions"}],"predecessor-version":[{"id":83332,"href":"https:\/\/infoecos.com.ar\/index.php\/wp-json\/wp\/v2\/posts\/83331\/revisions\/83332"}],"wp:featuredmedia":[{"embeddable":true,"href":"https:\/\/infoecos.com.ar\/index.php\/wp-json\/wp\/v2\/media\/82536"}],"wp:attachment":[{"href":"https:\/\/infoecos.com.ar\/index.php\/wp-json\/wp\/v2\/media?parent=83331"}],"wp:term":[{"taxonomy":"category","embeddable":true,"href":"https:\/\/infoecos.com.ar\/index.php\/wp-json\/wp\/v2\/categories?post=83331"},{"taxonomy":"post_tag","embeddable":true,"href":"https:\/\/infoecos.com.ar\/index.php\/wp-json\/wp\/v2\/tags?post=83331"}],"curies":[{"name":"wp","href":"https:\/\/api.w.org\/{rel}","templated":true}]}}