{"id":83340,"date":"2021-08-13T04:35:02","date_gmt":"2021-08-13T07:35:02","guid":{"rendered":"http:\/\/infoecos.com.ar\/?p=83340"},"modified":"2021-08-13T04:35:04","modified_gmt":"2021-08-13T07:35:04","slug":"leticia-badino-insistio-en-que-continua-la-vacunacion-en-personas-que-aun-no-recibieron-la-primera-dosis","status":"publish","type":"post","link":"https:\/\/infoecos.com.ar\/index.php\/leticia-badino-insistio-en-que-continua-la-vacunacion-en-personas-que-aun-no-recibieron-la-primera-dosis\/","title":{"rendered":"Leticia Badino insisti\u00f3 en que contin\u00faa la vacunaci\u00f3n en personas que a\u00fan no recibieron la primera dosis"},"content":{"rendered":"\n<p class=\"wp-block-paragraph\">Leticia Badino que como se sabe es la Articuladora del Ministerio de Desarrollo Social en el distrito de Trenque Lauquen y responsable del Plan de la vacunaci\u00f3n en las postas de ATILRA y el Club Monumental, en declaraciones period\u00edsticas de este jueves, se\u00f1al\u00f3 que contin\u00faa la vacunaci\u00f3n en personas que a\u00fan no recibieron la primera dosis.<\/p>\n\n\n\n<div class=\"wp-block-image is-style-default\"><figure class=\"aligncenter size-medium\"><img loading=\"lazy\" decoding=\"async\" width=\"460\" height=\"460\" src=\"http:\/\/infoecos.com.ar\/wp-content\/uploads\/2021\/08\/POSTAATIRA-460x460.jpg\" alt=\"\" class=\"wp-image-83341\" srcset=\"https:\/\/infoecos.com.ar\/wp-content\/uploads\/2021\/08\/POSTAATIRA-460x460.jpg 460w, https:\/\/infoecos.com.ar\/wp-content\/uploads\/2021\/08\/POSTAATIRA-920x920.jpg 920w, https:\/\/infoecos.com.ar\/wp-content\/uploads\/2021\/08\/POSTAATIRA-150x150.jpg 150w, https:\/\/infoecos.com.ar\/wp-content\/uploads\/2021\/08\/POSTAATIRA-768x768.jpg 768w, https:\/\/infoecos.com.ar\/wp-content\/uploads\/2021\/08\/POSTAATIRA.jpg 960w\" sizes=\"auto, (max-width: 460px) 100vw, 460px\" \/><\/figure><\/div>\n\n\n\n<p class=\"wp-block-paragraph\">Reiter\u00f3 que en Trenque Lauquen m\u00e1s de 30.000 personas recibieron la primera dosis.<\/p>\n\n\n\n<p class=\"wp-block-paragraph\">Las vacunas que se est\u00e1n aplicando son Astrazeneca y Moderna. Ante las consultas recibidas en la redacci\u00f3n de nuestro sitio sobre si se aplican la Sinopharm y Sputnik V, no hemos podido satisfacer las mismas. La hora en que se recepcionaron los mensajes, fue pasada la medianoche. <\/p>\n\n\n\n<p class=\"wp-block-paragraph\">Formul\u00f3 declaraciones a LU 91 TV Canal 12. El material period\u00edstico que rescatamos de Youtube, es el siguiente:<\/p>\n\n\n\n<figure class=\"wp-block-embed is-type-video is-provider-youtube wp-block-embed-youtube wp-embed-aspect-4-3 wp-has-aspect-ratio\"><div class=\"wp-block-embed__wrapper\">\n<iframe loading=\"lazy\" title=\"Contin\u00faa la vacunaci\u00f3n de primeras dosis en Atilra y Monumental\" width=\"640\" height=\"480\" src=\"https:\/\/www.youtube.com\/embed\/3H-00zWKcFo?feature=oembed\" frameborder=\"0\" allow=\"accelerometer; autoplay; clipboard-write; encrypted-media; gyroscope; picture-in-picture; web-share\" referrerpolicy=\"strict-origin-when-cross-origin\" allowfullscreen><\/iframe>\n<\/div><\/figure>\n","protected":false},"excerpt":{"rendered":"<p>Reiter\u00f3 que en Trenque Lauquen m\u00e1s de 30.000 personas recibieron la primera dosis<\/p>\n","protected":false},"author":2,"featured_media":83341,"comment_status":"closed","ping_status":"open","sticky":false,"template":"","format":"standard","meta":{"footnotes":""},"categories":[48],"tags":[4664],"class_list":["post-83340","post","type-post","status-publish","format-standard","has-post-thumbnail","hentry","category-c2nota3","tag-sigue-siendo-intensa-la-vacunacion-en-t-lauquen"],"featured_image_urls":{"full":["https:\/\/infoecos.com.ar\/wp-content\/uploads\/2021\/08\/POSTAATIRA.jpg",960,960,false],"thumbnail":["https:\/\/infoecos.com.ar\/wp-content\/uploads\/2021\/08\/POSTAATIRA-150x150.jpg",150,150,true],"medium":["https:\/\/infoecos.com.ar\/wp-content\/uploads\/2021\/08\/POSTAATIRA-460x460.jpg",460,460,true],"medium_large":["https:\/\/infoecos.com.ar\/wp-content\/uploads\/2021\/08\/POSTAATIRA-768x768.jpg",640,640,true],"large":["https:\/\/infoecos.com.ar\/wp-content\/uploads\/2021\/08\/POSTAATIRA-920x920.jpg",640,640,true],"1536x1536":["https:\/\/infoecos.com.ar\/wp-content\/uploads\/2021\/08\/POSTAATIRA.jpg",960,960,false],"2048x2048":["https:\/\/infoecos.com.ar\/wp-content\/uploads\/2021\/08\/POSTAATIRA.jpg",960,960,false],"covernews-slider-full":["https:\/\/infoecos.com.ar\/wp-content\/uploads\/2021\/08\/POSTAATIRA.jpg",715,715,false],"covernews-slider-center":["https:\/\/infoecos.com.ar\/wp-content\/uploads\/2021\/08\/POSTAATIRA-936x897.jpg",522,500,true],"covernews-featured":["https:\/\/infoecos.com.ar\/wp-content\/uploads\/2021\/08\/POSTAATIRA.jpg",960,960,false],"covernews-medium":["https:\/\/infoecos.com.ar\/wp-content\/uploads\/2021\/08\/POSTAATIRA-720x380.jpg",540,285,true],"covernews-medium-square":["https:\/\/infoecos.com.ar\/wp-content\/uploads\/2021\/08\/POSTAATIRA-675x450.jpg",375,250,true]},"author_info":{"info":["Jorge Matheus"]},"category_info":"<a href=\"https:\/\/infoecos.com.ar\/index.php\/category\/c2nota3\/\" rel=\"category tag\">C2 N3<\/a>","tag_info":"C2 N3","comment_count":"0","_links":{"self":[{"href":"https:\/\/infoecos.com.ar\/index.php\/wp-json\/wp\/v2\/posts\/83340","targetHints":{"allow":["GET"]}}],"collection":[{"href":"https:\/\/infoecos.com.ar\/index.php\/wp-json\/wp\/v2\/posts"}],"about":[{"href":"https:\/\/infoecos.com.ar\/index.php\/wp-json\/wp\/v2\/types\/post"}],"author":[{"embeddable":true,"href":"https:\/\/infoecos.com.ar\/index.php\/wp-json\/wp\/v2\/users\/2"}],"replies":[{"embeddable":true,"href":"https:\/\/infoecos.com.ar\/index.php\/wp-json\/wp\/v2\/comments?post=83340"}],"version-history":[{"count":1,"href":"https:\/\/infoecos.com.ar\/index.php\/wp-json\/wp\/v2\/posts\/83340\/revisions"}],"predecessor-version":[{"id":83342,"href":"https:\/\/infoecos.com.ar\/index.php\/wp-json\/wp\/v2\/posts\/83340\/revisions\/83342"}],"wp:featuredmedia":[{"embeddable":true,"href":"https:\/\/infoecos.com.ar\/index.php\/wp-json\/wp\/v2\/media\/83341"}],"wp:attachment":[{"href":"https:\/\/infoecos.com.ar\/index.php\/wp-json\/wp\/v2\/media?parent=83340"}],"wp:term":[{"taxonomy":"category","embeddable":true,"href":"https:\/\/infoecos.com.ar\/index.php\/wp-json\/wp\/v2\/categories?post=83340"},{"taxonomy":"post_tag","embeddable":true,"href":"https:\/\/infoecos.com.ar\/index.php\/wp-json\/wp\/v2\/tags?post=83340"}],"curies":[{"name":"wp","href":"https:\/\/api.w.org\/{rel}","templated":true}]}}