{"id":83354,"date":"2021-08-13T05:42:34","date_gmt":"2021-08-13T08:42:34","guid":{"rendered":"http:\/\/infoecos.com.ar\/?p=83354"},"modified":"2021-08-13T05:42:35","modified_gmt":"2021-08-13T08:42:35","slug":"los-gremios-docentes-de-la-provincia-de-buenos-aires-se-reunen-con-las-autoridades-y-pediran-un-aumento-del-orden-del-45","status":"publish","type":"post","link":"https:\/\/infoecos.com.ar\/index.php\/los-gremios-docentes-de-la-provincia-de-buenos-aires-se-reunen-con-las-autoridades-y-pediran-un-aumento-del-orden-del-45\/","title":{"rendered":"Los gremios docentes de la provincia de Buenos Aires se re\u00fanen con las autoridades y pedir\u00e1n un aumento del orden del 45 %"},"content":{"rendered":"\n<p class=\"wp-block-paragraph\">La secretaria general adjunta del Suteba, Mar\u00eda Laura Torre, afirm\u00f3 este jueves que los sindicatos docentes pedir\u00e1n un aumento del orden del 45% anual para \u201cmantener el poder adquisitivo del salario y superar a la inflaci\u00f3n\u201d.<\/p>\n\n\n\n<p class=\"wp-block-paragraph\">En declaraciones a AM 750 la dirigente se refiri\u00f3 a la negociaci\u00f3n que se lleva adelante desde los gobiernos nacional y bonaerense y expuso que \u201cdesde la Ctera, planteamos la necesidad de elevar al salario y estamos esperando a la pr\u00f3xima convocatoria\u201d.<\/p>\n\n\n\n<div class=\"wp-block-image is-style-default\"><figure class=\"aligncenter size-medium\"><img loading=\"lazy\" decoding=\"async\" width=\"460\" height=\"306\" src=\"http:\/\/infoecos.com.ar\/wp-content\/uploads\/2020\/09\/casagobietrnobsa-460x306.jpg\" alt=\"\" class=\"wp-image-68637\" srcset=\"https:\/\/infoecos.com.ar\/wp-content\/uploads\/2020\/09\/casagobietrnobsa-460x306.jpg 460w, https:\/\/infoecos.com.ar\/wp-content\/uploads\/2020\/09\/casagobietrnobsa-675x450.jpg 675w, https:\/\/infoecos.com.ar\/wp-content\/uploads\/2020\/09\/casagobietrnobsa.jpg 760w\" sizes=\"auto, (max-width: 460px) 100vw, 460px\" \/><\/figure><\/div>\n\n\n\n<p class=\"wp-block-paragraph\">El Gobierno bonaerense convoc\u00f3 a los gremios docentes a una reuni\u00f3n paritaria salarial para hoy a las 10.30, que se llevar\u00e1 adelante de modo virtual.<\/p>\n\n\n\n<p class=\"wp-block-paragraph\">Torre se\u00f1al\u00f3 que los sindicatos docentes apuntan para el \u00faltimo trimestre de este a\u00f1o \u201ca una pauta salarial que supere el 35% para llegar al 45% o m\u00e1s, que mantenga el poder adquisitivo del salario y que supere a la inflaci\u00f3n por unos puntos\u201d.<\/p>\n\n\n\n<p class=\"wp-block-paragraph\">Torre record\u00f3 que \u201cen la provincia, a principio de a\u00f1o logramos 35% de aumento, cuando se pensaba que la inflaci\u00f3n ser\u00eda del 29%\u201d, apunt\u00f3 que esa suba \u201cse cobr\u00f3 en tres tramos: uno a partir de marzo, otro a partir de julio y el tercero a partir de septiembre, con acuerdo de volver a sentarnos en noviembre\u201d.<\/p>\n\n\n\n<p class=\"wp-block-paragraph\">&nbsp;\u201cComo los gremios solicitamos la reapertura de la comisi\u00f3n t\u00e9cnica salarial porque la inflaci\u00f3n iba superando esos aumentos, el gobernador Axel Kicillof nos convoc\u00f3 a todos los sindicatos del \u00e1rea estatal y nos adelant\u00f3 parte de la cuota que nos correspond\u00eda para septiembre a julio\u201d, record\u00f3.<\/p>\n\n\n\n<p class=\"wp-block-paragraph\">Torre admiti\u00f3 que \u201cfue una muy buena noticia, porque volvimos a estar unos puntos por arriba de la inflaci\u00f3n\u201d.<\/p>\n\n\n\n<p class=\"wp-block-paragraph\">El acuerdo original firmado a principio de a\u00f1o con los docentes contemplaba un 14,1% en marzo, un 7,9% en julio y un 13,2% en septiembre, con una reapertura en noviembre. En tanto, el 13 de julio pasado, el gobernador Axel Kicillof decidi\u00f3 adelantar 8 puntos de la \u00faltima cuota para julio y reabrir la discusi\u00f3n en agosto.<\/p>\n","protected":false},"excerpt":{"rendered":"<p>El Gobierno bonaerense convoc\u00f3 a los gremios docentes a una reuni\u00f3n paritaria salarial para hoy a las 10.30, que se llevar\u00e1 adelante de modo virtual<\/p>\n","protected":false},"author":2,"featured_media":68637,"comment_status":"closed","ping_status":"open","sticky":false,"template":"","format":"standard","meta":{"footnotes":""},"categories":[50],"tags":[4666],"class_list":["post-83354","post","type-post","status-publish","format-standard","has-post-thumbnail","hentry","category-c1nota4","tag-declaraciones-de-maria-laura-torre"],"featured_image_urls":{"full":["https:\/\/infoecos.com.ar\/wp-content\/uploads\/2020\/09\/casagobietrnobsa.jpg",760,506,false],"thumbnail":["https:\/\/infoecos.com.ar\/wp-content\/uploads\/2020\/09\/casagobietrnobsa-150x150.jpg",150,150,true],"medium":["https:\/\/infoecos.com.ar\/wp-content\/uploads\/2020\/09\/casagobietrnobsa-460x306.jpg",460,306,true],"medium_large":["https:\/\/infoecos.com.ar\/wp-content\/uploads\/2020\/09\/casagobietrnobsa.jpg",640,426,false],"large":["https:\/\/infoecos.com.ar\/wp-content\/uploads\/2020\/09\/casagobietrnobsa.jpg",640,426,false],"1536x1536":["https:\/\/infoecos.com.ar\/wp-content\/uploads\/2020\/09\/casagobietrnobsa.jpg",760,506,false],"2048x2048":["https:\/\/infoecos.com.ar\/wp-content\/uploads\/2020\/09\/casagobietrnobsa.jpg",760,506,false],"covernews-slider-full":["https:\/\/infoecos.com.ar\/wp-content\/uploads\/2020\/09\/casagobietrnobsa.jpg",760,506,false],"covernews-slider-center":["https:\/\/infoecos.com.ar\/wp-content\/uploads\/2020\/09\/casagobietrnobsa.jpg",751,500,false],"covernews-featured":["https:\/\/infoecos.com.ar\/wp-content\/uploads\/2020\/09\/casagobietrnobsa.jpg",760,506,false],"covernews-medium":["https:\/\/infoecos.com.ar\/wp-content\/uploads\/2020\/09\/casagobietrnobsa-720x380.jpg",540,285,true],"covernews-medium-square":["https:\/\/infoecos.com.ar\/wp-content\/uploads\/2020\/09\/casagobietrnobsa-675x450.jpg",375,250,true]},"author_info":{"info":["Jorge Matheus"]},"category_info":"<a href=\"https:\/\/infoecos.com.ar\/index.php\/category\/c1nota4\/\" rel=\"category tag\">C1 N4<\/a>","tag_info":"C1 N4","comment_count":"0","_links":{"self":[{"href":"https:\/\/infoecos.com.ar\/index.php\/wp-json\/wp\/v2\/posts\/83354","targetHints":{"allow":["GET"]}}],"collection":[{"href":"https:\/\/infoecos.com.ar\/index.php\/wp-json\/wp\/v2\/posts"}],"about":[{"href":"https:\/\/infoecos.com.ar\/index.php\/wp-json\/wp\/v2\/types\/post"}],"author":[{"embeddable":true,"href":"https:\/\/infoecos.com.ar\/index.php\/wp-json\/wp\/v2\/users\/2"}],"replies":[{"embeddable":true,"href":"https:\/\/infoecos.com.ar\/index.php\/wp-json\/wp\/v2\/comments?post=83354"}],"version-history":[{"count":1,"href":"https:\/\/infoecos.com.ar\/index.php\/wp-json\/wp\/v2\/posts\/83354\/revisions"}],"predecessor-version":[{"id":83355,"href":"https:\/\/infoecos.com.ar\/index.php\/wp-json\/wp\/v2\/posts\/83354\/revisions\/83355"}],"wp:featuredmedia":[{"embeddable":true,"href":"https:\/\/infoecos.com.ar\/index.php\/wp-json\/wp\/v2\/media\/68637"}],"wp:attachment":[{"href":"https:\/\/infoecos.com.ar\/index.php\/wp-json\/wp\/v2\/media?parent=83354"}],"wp:term":[{"taxonomy":"category","embeddable":true,"href":"https:\/\/infoecos.com.ar\/index.php\/wp-json\/wp\/v2\/categories?post=83354"},{"taxonomy":"post_tag","embeddable":true,"href":"https:\/\/infoecos.com.ar\/index.php\/wp-json\/wp\/v2\/tags?post=83354"}],"curies":[{"name":"wp","href":"https:\/\/api.w.org\/{rel}","templated":true}]}}