{"id":83356,"date":"2021-08-13T05:47:56","date_gmt":"2021-08-13T08:47:56","guid":{"rendered":"http:\/\/infoecos.com.ar\/?p=83356"},"modified":"2021-08-13T05:47:57","modified_gmt":"2021-08-13T08:47:57","slug":"un-hombre-de-51-anos-fue-detenido-en-9-de-julio-por-haber-abusado-sexualmente-de-un-menor-de-16-anos-con-discapacidad","status":"publish","type":"post","link":"https:\/\/infoecos.com.ar\/index.php\/un-hombre-de-51-anos-fue-detenido-en-9-de-julio-por-haber-abusado-sexualmente-de-un-menor-de-16-anos-con-discapacidad\/","title":{"rendered":"Un hombre de 51 a\u00f1os fue detenido en 9 de Julio por haber abusado sexualmente de un menor de 16 a\u00f1os con discapacidad"},"content":{"rendered":"\n<p class=\"wp-block-paragraph\">Bajo el t\u00edtulo<strong> Aberrante: Detienen en 9 de Julio a un hombre por abusar de menor con discapacidad<\/strong> el sitio casaresonline.com.ar se\u00f1ala que luego de hacer un relevamiento de c\u00e1maras privadas y municipales, y de testimonios recolectados procedi\u00f3 en French y Mariano Moreno, se procedi\u00f3 a la detenci\u00f3n de un masculino de 51 a\u00f1os de edad con domicilio en planta urbana.<\/p>\n\n\n\n<div class=\"wp-block-image is-style-default\"><figure class=\"aligncenter size-large\"><img loading=\"lazy\" decoding=\"async\" width=\"526\" height=\"297\" src=\"http:\/\/infoecos.com.ar\/wp-content\/uploads\/2021\/08\/violador9deju.jpg\" alt=\"\" class=\"wp-image-83357\" srcset=\"https:\/\/infoecos.com.ar\/wp-content\/uploads\/2021\/08\/violador9deju.jpg 526w, https:\/\/infoecos.com.ar\/wp-content\/uploads\/2021\/08\/violador9deju-460x260.jpg 460w\" sizes=\"auto, (max-width: 526px) 100vw, 526px\" \/><\/figure><\/div>\n\n\n\n<p class=\"wp-block-paragraph\">Momentos antes hab\u00eda sido encontrado en un Monte ubicado en calles Scheweitzer y Morura, abusando de un menor de 16 a\u00f1os con discapacidad. R\u00e1pidamente, los testigos dieron aviso a personal policial y el abusador se dio a la fuga.<\/p>\n\n\n\n<p class=\"wp-block-paragraph\">Gracias a testimonio de los testigos y dem\u00e1s tareas desarrolladas, se logr\u00f3 establecer la identidad del imputado, a quien se lo aprehendi\u00f3 y puso a disposici\u00f3n de la justicia.<\/p>\n\n\n\n<p class=\"wp-block-paragraph\">El hombre posee antecedentes penales y se encontraba cumpliendo arresto domiciliario a disposici\u00f3n del TOC 3 de Mercedes por el delito de Infracci\u00f3n a la Ley 23.737 (comercializacion de estupefacientes).<\/p>\n\n\n\n<p class=\"wp-block-paragraph\">Actualmente, se encuentra detenido por el delito de Abuso Sexual Agravado a disposici\u00f3n de la UFI 3&nbsp; y Juzgado de Garantias 1 ambos del Departamento Judicial de Mercedes.<\/p>\n","protected":false},"excerpt":{"rendered":"<p>El hombre posee antecedentes penales y se encontraba cumpliendo arresto domiciliario a disposici\u00f3n del TOC 3 de Mercedes por el delito de Infracci\u00f3n a la Ley 23.737 (comercializacion de estupefacientes)<\/p>\n","protected":false},"author":2,"featured_media":83357,"comment_status":"closed","ping_status":"open","sticky":false,"template":"","format":"standard","meta":{"footnotes":""},"categories":[51],"tags":[4668],"class_list":["post-83356","post","type-post","status-publish","format-standard","has-post-thumbnail","hentry","category-c2nota4","tag-no-se-corta-ni-se-morigera"],"featured_image_urls":{"full":["https:\/\/infoecos.com.ar\/wp-content\/uploads\/2021\/08\/violador9deju.jpg",526,297,false],"thumbnail":["https:\/\/infoecos.com.ar\/wp-content\/uploads\/2021\/08\/violador9deju-150x150.jpg",150,150,true],"medium":["https:\/\/infoecos.com.ar\/wp-content\/uploads\/2021\/08\/violador9deju-460x260.jpg",460,260,true],"medium_large":["https:\/\/infoecos.com.ar\/wp-content\/uploads\/2021\/08\/violador9deju.jpg",526,297,false],"large":["https:\/\/infoecos.com.ar\/wp-content\/uploads\/2021\/08\/violador9deju.jpg",526,297,false],"1536x1536":["https:\/\/infoecos.com.ar\/wp-content\/uploads\/2021\/08\/violador9deju.jpg",526,297,false],"2048x2048":["https:\/\/infoecos.com.ar\/wp-content\/uploads\/2021\/08\/violador9deju.jpg",526,297,false],"covernews-slider-full":["https:\/\/infoecos.com.ar\/wp-content\/uploads\/2021\/08\/violador9deju.jpg",526,297,false],"covernews-slider-center":["https:\/\/infoecos.com.ar\/wp-content\/uploads\/2021\/08\/violador9deju.jpg",526,297,false],"covernews-featured":["https:\/\/infoecos.com.ar\/wp-content\/uploads\/2021\/08\/violador9deju.jpg",526,297,false],"covernews-medium":["https:\/\/infoecos.com.ar\/wp-content\/uploads\/2021\/08\/violador9deju.jpg",526,297,false],"covernews-medium-square":["https:\/\/infoecos.com.ar\/wp-content\/uploads\/2021\/08\/violador9deju.jpg",400,226,false]},"author_info":{"info":["Jorge Matheus"]},"category_info":"<a href=\"https:\/\/infoecos.com.ar\/index.php\/category\/c2nota4\/\" rel=\"category tag\">C2 N4<\/a>","tag_info":"C2 N4","comment_count":"0","_links":{"self":[{"href":"https:\/\/infoecos.com.ar\/index.php\/wp-json\/wp\/v2\/posts\/83356","targetHints":{"allow":["GET"]}}],"collection":[{"href":"https:\/\/infoecos.com.ar\/index.php\/wp-json\/wp\/v2\/posts"}],"about":[{"href":"https:\/\/infoecos.com.ar\/index.php\/wp-json\/wp\/v2\/types\/post"}],"author":[{"embeddable":true,"href":"https:\/\/infoecos.com.ar\/index.php\/wp-json\/wp\/v2\/users\/2"}],"replies":[{"embeddable":true,"href":"https:\/\/infoecos.com.ar\/index.php\/wp-json\/wp\/v2\/comments?post=83356"}],"version-history":[{"count":1,"href":"https:\/\/infoecos.com.ar\/index.php\/wp-json\/wp\/v2\/posts\/83356\/revisions"}],"predecessor-version":[{"id":83358,"href":"https:\/\/infoecos.com.ar\/index.php\/wp-json\/wp\/v2\/posts\/83356\/revisions\/83358"}],"wp:featuredmedia":[{"embeddable":true,"href":"https:\/\/infoecos.com.ar\/index.php\/wp-json\/wp\/v2\/media\/83357"}],"wp:attachment":[{"href":"https:\/\/infoecos.com.ar\/index.php\/wp-json\/wp\/v2\/media?parent=83356"}],"wp:term":[{"taxonomy":"category","embeddable":true,"href":"https:\/\/infoecos.com.ar\/index.php\/wp-json\/wp\/v2\/categories?post=83356"},{"taxonomy":"post_tag","embeddable":true,"href":"https:\/\/infoecos.com.ar\/index.php\/wp-json\/wp\/v2\/tags?post=83356"}],"curies":[{"name":"wp","href":"https:\/\/api.w.org\/{rel}","templated":true}]}}