{"id":83362,"date":"2021-08-13T06:06:54","date_gmt":"2021-08-13T09:06:54","guid":{"rendered":"http:\/\/infoecos.com.ar\/?p=83362"},"modified":"2021-08-13T06:06:55","modified_gmt":"2021-08-13T09:06:55","slug":"el-intendente-de-rivadavia-se-reunio-con-las-autoridades-de-la-cooperativa-electrica-de-gonzalez-moreno","status":"publish","type":"post","link":"https:\/\/infoecos.com.ar\/index.php\/el-intendente-de-rivadavia-se-reunio-con-las-autoridades-de-la-cooperativa-electrica-de-gonzalez-moreno\/","title":{"rendered":"El intendente de Rivadavia se reuni\u00f3 con las autoridades de la Cooperativa El\u00e9ctrica de Gonz\u00e1lez Moreno"},"content":{"rendered":"\n<p class=\"wp-block-paragraph\">El intendente de Rivadavia, Javier Reynoso, y colaboradores se reunieron con autoridades de la Cooperativa El\u00e9ctrica de Gonz\u00e1lez Moreno. Abordaron diferentes temas entre los que destac\u00f3 el cruce hacia el barrio Post V\u00edas.<\/p>\n\n\n\n<p class=\"wp-block-paragraph\">Junto al jefe comunal estuvieron Jorge Pablo Rosolen, presidente del HCD, y los ediles &nbsp;Mauro Mercado, Paula Sallaber y Leandro Toribio. Tambi\u00e9n estuvo la Valeria Cifre, secretaria de Obras P\u00fablicas; Alfredo Buil, subsecretario de Obras P\u00fablicas; Guido Inza, concejal suplente y candidato a concejal; Emmanuel Inza, delegado; y Fabiana Milani secretaria del HCD.<\/p>\n\n\n\n<div class=\"wp-block-image is-style-default\"><figure class=\"aligncenter size-medium\"><img loading=\"lazy\" decoding=\"async\" width=\"460\" height=\"240\" src=\"http:\/\/infoecos.com.ar\/wp-content\/uploads\/2021\/08\/reynosoconlacoopgm-460x240.jpg\" alt=\"\" class=\"wp-image-83363\" srcset=\"https:\/\/infoecos.com.ar\/wp-content\/uploads\/2021\/08\/reynosoconlacoopgm-460x240.jpg 460w, https:\/\/infoecos.com.ar\/wp-content\/uploads\/2021\/08\/reynosoconlacoopgm-768x400.jpg 768w, https:\/\/infoecos.com.ar\/wp-content\/uploads\/2021\/08\/reynosoconlacoopgm.jpg 787w\" sizes=\"auto, (max-width: 460px) 100vw, 460px\" \/><\/figure><\/div>\n\n\n\n<p class=\"wp-block-paragraph\">Por parte de la Cooperativa estuvieron su presidente, Jos\u00e9 Arbelaiz; el tesorero, Eduardo Santos; el jefe de Redes El\u00e9ctricas y Agua Potable; y Agustina Bollini de Administraci\u00f3n. Consideraron que la reuni\u00f3n fue \u201cmuy productiva sobre el cruce de v\u00eda hacia el Barrio Post V\u00edas y las mejoras que provocar\u00e1 en comunicaci\u00f3n, urbanizaci\u00f3n, etc\u201d. \u201cSumado a que podr\u00edamos pasar nuestro tendido el\u00e9ctrico por el mismo paso, de manera subterr\u00e1nea mejorando la calidad del servicio el\u00e9ctrico, todo esto redundar\u00e1 en mejor calidad de vida para los vecinos del barrio\u201d, a\u00f1adieron.<\/p>\n\n\n\n<p class=\"wp-block-paragraph\">\u201cAdem\u00e1s abordamos temas varios como alumbrado p\u00fablico, agua potable, internet, electrodom\u00e9sticos, servicio m\u00e9dico, celulares y Hotel Meridiano V consensuando para trabajar juntos en muchas \u00e1reas\u201d, manifestaron. Agradecieron la presencia de todos y consideraron el encuentro como una oportunidad de trabajar \u201csobre objetivos comunes con la vis\u00f3n de seguir creciendo\u201d.<\/p>\n\n\n\n<p class=\"wp-block-paragraph\"><strong>Fuente: tiempodeloeste.com<\/strong><\/p>\n","protected":false},"excerpt":{"rendered":"<p>Abordaron diferentes temas entre los que destac\u00f3 el cruce hacia el barrio Post V\u00edas<\/p>\n","protected":false},"author":2,"featured_media":83363,"comment_status":"closed","ping_status":"open","sticky":false,"template":"","format":"standard","meta":{"footnotes":""},"categories":[1325],"tags":[4670],"class_list":["post-83362","post","type-post","status-publish","format-standard","has-post-thumbnail","hentry","category-c1nota6","tag-se-califico-a-la-reunion-como-positiva"],"featured_image_urls":{"full":["https:\/\/infoecos.com.ar\/wp-content\/uploads\/2021\/08\/reynosoconlacoopgm.jpg",787,410,false],"thumbnail":["https:\/\/infoecos.com.ar\/wp-content\/uploads\/2021\/08\/reynosoconlacoopgm-150x150.jpg",150,150,true],"medium":["https:\/\/infoecos.com.ar\/wp-content\/uploads\/2021\/08\/reynosoconlacoopgm-460x240.jpg",460,240,true],"medium_large":["https:\/\/infoecos.com.ar\/wp-content\/uploads\/2021\/08\/reynosoconlacoopgm-768x400.jpg",640,333,true],"large":["https:\/\/infoecos.com.ar\/wp-content\/uploads\/2021\/08\/reynosoconlacoopgm.jpg",640,333,false],"1536x1536":["https:\/\/infoecos.com.ar\/wp-content\/uploads\/2021\/08\/reynosoconlacoopgm.jpg",787,410,false],"2048x2048":["https:\/\/infoecos.com.ar\/wp-content\/uploads\/2021\/08\/reynosoconlacoopgm.jpg",787,410,false],"covernews-slider-full":["https:\/\/infoecos.com.ar\/wp-content\/uploads\/2021\/08\/reynosoconlacoopgm.jpg",787,410,false],"covernews-slider-center":["https:\/\/infoecos.com.ar\/wp-content\/uploads\/2021\/08\/reynosoconlacoopgm.jpg",787,410,false],"covernews-featured":["https:\/\/infoecos.com.ar\/wp-content\/uploads\/2021\/08\/reynosoconlacoopgm.jpg",787,410,false],"covernews-medium":["https:\/\/infoecos.com.ar\/wp-content\/uploads\/2021\/08\/reynosoconlacoopgm-720x380.jpg",540,285,true],"covernews-medium-square":["https:\/\/infoecos.com.ar\/wp-content\/uploads\/2021\/08\/reynosoconlacoopgm-675x410.jpg",400,243,true]},"author_info":{"info":["Jorge Matheus"]},"category_info":"<a href=\"https:\/\/infoecos.com.ar\/index.php\/category\/c1nota6\/\" rel=\"category tag\">C1 nota 6<\/a>","tag_info":"C1 nota 6","comment_count":"0","_links":{"self":[{"href":"https:\/\/infoecos.com.ar\/index.php\/wp-json\/wp\/v2\/posts\/83362","targetHints":{"allow":["GET"]}}],"collection":[{"href":"https:\/\/infoecos.com.ar\/index.php\/wp-json\/wp\/v2\/posts"}],"about":[{"href":"https:\/\/infoecos.com.ar\/index.php\/wp-json\/wp\/v2\/types\/post"}],"author":[{"embeddable":true,"href":"https:\/\/infoecos.com.ar\/index.php\/wp-json\/wp\/v2\/users\/2"}],"replies":[{"embeddable":true,"href":"https:\/\/infoecos.com.ar\/index.php\/wp-json\/wp\/v2\/comments?post=83362"}],"version-history":[{"count":1,"href":"https:\/\/infoecos.com.ar\/index.php\/wp-json\/wp\/v2\/posts\/83362\/revisions"}],"predecessor-version":[{"id":83364,"href":"https:\/\/infoecos.com.ar\/index.php\/wp-json\/wp\/v2\/posts\/83362\/revisions\/83364"}],"wp:featuredmedia":[{"embeddable":true,"href":"https:\/\/infoecos.com.ar\/index.php\/wp-json\/wp\/v2\/media\/83363"}],"wp:attachment":[{"href":"https:\/\/infoecos.com.ar\/index.php\/wp-json\/wp\/v2\/media?parent=83362"}],"wp:term":[{"taxonomy":"category","embeddable":true,"href":"https:\/\/infoecos.com.ar\/index.php\/wp-json\/wp\/v2\/categories?post=83362"},{"taxonomy":"post_tag","embeddable":true,"href":"https:\/\/infoecos.com.ar\/index.php\/wp-json\/wp\/v2\/tags?post=83362"}],"curies":[{"name":"wp","href":"https:\/\/api.w.org\/{rel}","templated":true}]}}