{"id":83452,"date":"2021-08-17T05:11:04","date_gmt":"2021-08-17T08:11:04","guid":{"rendered":"http:\/\/infoecos.com.ar\/?p=83452"},"modified":"2021-08-18T08:29:08","modified_gmt":"2021-08-18T11:29:08","slug":"la-federacion-de-docentes-de-la-universidad-tecnologica-nacional-piden-un-incremento-salarial-cercano-al-50","status":"publish","type":"post","link":"https:\/\/infoecos.com.ar\/index.php\/la-federacion-de-docentes-de-la-universidad-tecnologica-nacional-piden-un-incremento-salarial-cercano-al-50\/","title":{"rendered":"La federaci\u00f3n de docentes de la Universidad Tecnol\u00f3gica Nacional piden un incremento salarial cercano al 50 %"},"content":{"rendered":"\n<p>La federaci\u00f3n que nuclea a los docentes de la Universidad Tecnol\u00f3gica Nacional (FAGDUT) particip\u00f3 de un encuentro paritario con el ministro de Educaci\u00f3n de la Naci\u00f3n, Nicol\u00e1s Trotta, para reajustar el aumento salarial.<\/p>\n\n\n\n<p>La medida surge del adelanto en el tiempo de una cl\u00e1usula del acta acuerdo salarial firmada por los docentes universitarios que planteaba la revisi\u00f3n del incremento durante septiembre en funci\u00f3n de la inflaci\u00f3n. Cabe destacar que las federaciones gremiales hab\u00edan firmado un 35% de aumento en seis tramos con esta posibilidad de revisi\u00f3n.<\/p>\n\n\n\n<div class=\"wp-block-image is-style-default\"><figure class=\"aligncenter size-medium\"><img loading=\"lazy\" decoding=\"async\" width=\"460\" height=\"305\" src=\"http:\/\/infoecos.com.ar\/wp-content\/uploads\/2021\/08\/reapertura-paritaria-salarial-460x305.jpg\" alt=\"\" class=\"wp-image-83453\" srcset=\"https:\/\/infoecos.com.ar\/wp-content\/uploads\/2021\/08\/reapertura-paritaria-salarial-460x305.jpg 460w, https:\/\/infoecos.com.ar\/wp-content\/uploads\/2021\/08\/reapertura-paritaria-salarial-920x610.jpg 920w, https:\/\/infoecos.com.ar\/wp-content\/uploads\/2021\/08\/reapertura-paritaria-salarial-768x509.jpg 768w, https:\/\/infoecos.com.ar\/wp-content\/uploads\/2021\/08\/reapertura-paritaria-salarial-1536x1020.jpg 1536w, https:\/\/infoecos.com.ar\/wp-content\/uploads\/2021\/08\/reapertura-paritaria-salarial-2048x1358.jpg 2048w, https:\/\/infoecos.com.ar\/wp-content\/uploads\/2021\/08\/reapertura-paritaria-salarial-1024x679.jpg 1024w\" sizes=\"(max-width: 460px) 100vw, 460px\" \/><\/figure><\/div>\n\n\n\n<p>\u201cLa escalada inflacionaria ha erosionado fuertemente el salario docente. Todas las federaciones docentes coincidimos en pedir un incremento entre el 10 y el 15% para compensar la inflaci\u00f3n\u00bb, expres\u00f3 el Ing. Norberto Heyaca, secretario general de FAGDUT, y dijo que \u00abser\u00eda importante que una parte de ese incremento sea retroactivo a agosto de modo que los docentes lo perciban en septiembre\u00bb.<\/p>\n\n\n\n<p>\u00abNecesitamos reglas claras y no correr siempre detr\u00e1s de la inflaci\u00f3n\u00bb, enfatiz\u00f3 el Ing. Ricardo Mozzi, secretario gremial de la organizaci\u00f3n y miembro paritario, y prosigui\u00f3: \u201cEsper\u00e1bamos una oferta del Gobierno Nacional y no la hubo\u201d.<\/p>\n\n\n\n<p>Adem\u00e1s, la representaciones gremiales solicitaron en la reuni\u00f3n el incremento y la continuidad del adicional por conectividad para que los docentes puedan costear los costos del dictado remoto de los cursos.<\/p>\n\n\n\n<p>Por su parte, el titular de los docentes \u00abtecnol\u00f3gicos\u00bb, Heyaca, dijo que \u00abesta pandemia tambi\u00e9n puso en valor lo importante de invertir en ciencia y tecnolog\u00eda\u00bb, y remarc\u00f3 que para eso \u00abhay que apostar fuerte a la educaci\u00f3n en dichas \u00e1reas\u201d. Con gran presencia federal, FAGDUT nuclea a los docentes de las 30 Facultades Regionales de la UTN y del Instituto Nacional Superior del Profesorado T\u00e9cnico.<\/p>\n","protected":false},"excerpt":{"rendered":"<p>\u00abNecesitamos reglas claras y no correr siempre detr\u00e1s de la inflaci\u00f3n\u00bb, enfatiz\u00f3 el Ing. Ricardo Mozzi, secretario gremial de la organizaci\u00f3n y miembro paritario<\/p>\n","protected":false},"author":2,"featured_media":48506,"comment_status":"closed","ping_status":"open","sticky":false,"template":"","format":"standard","meta":{"footnotes":""},"categories":[1331],"tags":[4686],"class_list":["post-83452","post","type-post","status-publish","format-standard","has-post-thumbnail","hentry","category-inferior11","tag-reunion-con-trotta"],"yoast_head":"<!-- This site is optimized with the Yoast SEO plugin v23.4 - https:\/\/yoast.com\/wordpress\/plugins\/seo\/ -->\n<title>La federaci\u00f3n de docentes de la Universidad Tecnol\u00f3gica Nacional piden un incremento salarial cercano al 50 % - Infoecos<\/title>\n<meta name=\"robots\" content=\"index, follow, max-snippet:-1, max-image-preview:large, max-video-preview:-1\" \/>\n<link rel=\"canonical\" href=\"https:\/\/infoecos.com.ar\/index.php\/la-federacion-de-docentes-de-la-universidad-tecnologica-nacional-piden-un-incremento-salarial-cercano-al-50\/\" \/>\n<meta property=\"og:locale\" content=\"es_ES\" \/>\n<meta property=\"og:type\" content=\"article\" \/>\n<meta property=\"og:title\" content=\"La federaci\u00f3n de docentes de la Universidad Tecnol\u00f3gica Nacional piden un incremento salarial cercano al 50 % - Infoecos\" \/>\n<meta property=\"og:description\" content=\"&quot;Necesitamos reglas claras y no correr siempre detr\u00e1s de la inflaci\u00f3n&quot;, enfatiz\u00f3 el Ing. Ricardo Mozzi, secretario gremial de la organizaci\u00f3n y miembro paritario\" \/>\n<meta property=\"og:url\" content=\"https:\/\/infoecos.com.ar\/index.php\/la-federacion-de-docentes-de-la-universidad-tecnologica-nacional-piden-un-incremento-salarial-cercano-al-50\/\" \/>\n<meta property=\"og:site_name\" content=\"Infoecos\" \/>\n<meta property=\"article:publisher\" content=\"https:\/\/www.facebook.com\/profile.php?id=100063200290284\" \/>\n<meta property=\"article:published_time\" content=\"2021-08-17T08:11:04+00:00\" \/>\n<meta property=\"article:modified_time\" content=\"2021-08-18T11:29:08+00:00\" \/>\n<meta property=\"og:image\" content=\"https:\/\/infoecos.com.ar\/wp-content\/uploads\/utn-5-e1531276037282.jpg\" \/>\n\t<meta property=\"og:image:width\" content=\"900\" \/>\n\t<meta property=\"og:image:height\" content=\"675\" \/>\n\t<meta property=\"og:image:type\" content=\"image\/jpeg\" \/>\n<meta name=\"author\" content=\"Jorge Matheus\" \/>\n<meta name=\"twitter:card\" content=\"summary_large_image\" \/>\n<meta name=\"twitter:creator\" content=\"@infoecos\" \/>\n<meta name=\"twitter:site\" content=\"@infoecos\" \/>\n<meta name=\"twitter:label1\" content=\"Escrito por\" \/>\n\t<meta name=\"twitter:data1\" content=\"Jorge Matheus\" \/>\n\t<meta name=\"twitter:label2\" content=\"Tiempo de lectura\" \/>\n\t<meta name=\"twitter:data2\" content=\"2 minutos\" \/>\n<script type=\"application\/ld+json\" class=\"yoast-schema-graph\">{\"@context\":\"https:\/\/schema.org\",\"@graph\":[{\"@type\":\"Article\",\"@id\":\"https:\/\/infoecos.com.ar\/index.php\/la-federacion-de-docentes-de-la-universidad-tecnologica-nacional-piden-un-incremento-salarial-cercano-al-50\/#article\",\"isPartOf\":{\"@id\":\"https:\/\/infoecos.com.ar\/index.php\/la-federacion-de-docentes-de-la-universidad-tecnologica-nacional-piden-un-incremento-salarial-cercano-al-50\/\"},\"author\":{\"name\":\"Jorge Matheus\",\"@id\":\"https:\/\/infoecos.com.ar\/#\/schema\/person\/8f5ace5ce73b4b4aac4b7245aee6f191\"},\"headline\":\"La federaci\u00f3n de docentes de la Universidad Tecnol\u00f3gica Nacional piden un incremento salarial cercano al 50 %\",\"datePublished\":\"2021-08-17T08:11:04+00:00\",\"dateModified\":\"2021-08-18T11:29:08+00:00\",\"mainEntityOfPage\":{\"@id\":\"https:\/\/infoecos.com.ar\/index.php\/la-federacion-de-docentes-de-la-universidad-tecnologica-nacional-piden-un-incremento-salarial-cercano-al-50\/\"},\"wordCount\":317,\"publisher\":{\"@id\":\"https:\/\/infoecos.com.ar\/#organization\"},\"image\":{\"@id\":\"https:\/\/infoecos.com.ar\/index.php\/la-federacion-de-docentes-de-la-universidad-tecnologica-nacional-piden-un-incremento-salarial-cercano-al-50\/#primaryimage\"},\"thumbnailUrl\":\"\",\"keywords\":[\"REUNI\u00d3N CON TROTTA\"],\"articleSection\":[\"Bloque inferior - 11\"],\"inLanguage\":\"es\"},{\"@type\":\"WebPage\",\"@id\":\"https:\/\/infoecos.com.ar\/index.php\/la-federacion-de-docentes-de-la-universidad-tecnologica-nacional-piden-un-incremento-salarial-cercano-al-50\/\",\"url\":\"https:\/\/infoecos.com.ar\/index.php\/la-federacion-de-docentes-de-la-universidad-tecnologica-nacional-piden-un-incremento-salarial-cercano-al-50\/\",\"name\":\"La federaci\u00f3n de docentes de la Universidad Tecnol\u00f3gica Nacional piden un incremento salarial cercano al 50 % - Infoecos\",\"isPartOf\":{\"@id\":\"https:\/\/infoecos.com.ar\/#website\"},\"primaryImageOfPage\":{\"@id\":\"https:\/\/infoecos.com.ar\/index.php\/la-federacion-de-docentes-de-la-universidad-tecnologica-nacional-piden-un-incremento-salarial-cercano-al-50\/#primaryimage\"},\"image\":{\"@id\":\"https:\/\/infoecos.com.ar\/index.php\/la-federacion-de-docentes-de-la-universidad-tecnologica-nacional-piden-un-incremento-salarial-cercano-al-50\/#primaryimage\"},\"thumbnailUrl\":\"\",\"datePublished\":\"2021-08-17T08:11:04+00:00\",\"dateModified\":\"2021-08-18T11:29:08+00:00\",\"breadcrumb\":{\"@id\":\"https:\/\/infoecos.com.ar\/index.php\/la-federacion-de-docentes-de-la-universidad-tecnologica-nacional-piden-un-incremento-salarial-cercano-al-50\/#breadcrumb\"},\"inLanguage\":\"es\",\"potentialAction\":[{\"@type\":\"ReadAction\",\"target\":[\"https:\/\/infoecos.com.ar\/index.php\/la-federacion-de-docentes-de-la-universidad-tecnologica-nacional-piden-un-incremento-salarial-cercano-al-50\/\"]}]},{\"@type\":\"ImageObject\",\"inLanguage\":\"es\",\"@id\":\"https:\/\/infoecos.com.ar\/index.php\/la-federacion-de-docentes-de-la-universidad-tecnologica-nacional-piden-un-incremento-salarial-cercano-al-50\/#primaryimage\",\"url\":\"\",\"contentUrl\":\"\"},{\"@type\":\"BreadcrumbList\",\"@id\":\"https:\/\/infoecos.com.ar\/index.php\/la-federacion-de-docentes-de-la-universidad-tecnologica-nacional-piden-un-incremento-salarial-cercano-al-50\/#breadcrumb\",\"itemListElement\":[{\"@type\":\"ListItem\",\"position\":1,\"name\":\"Portada\",\"item\":\"https:\/\/infoecos.com.ar\/\"},{\"@type\":\"ListItem\",\"position\":2,\"name\":\"La federaci\u00f3n de docentes de la Universidad Tecnol\u00f3gica Nacional piden un incremento salarial cercano al 50 %\"}]},{\"@type\":\"WebSite\",\"@id\":\"https:\/\/infoecos.com.ar\/#website\",\"url\":\"https:\/\/infoecos.com.ar\/\",\"name\":\"Infoecos\",\"description\":\"Noticias de trenque lauquen y la zona\",\"publisher\":{\"@id\":\"https:\/\/infoecos.com.ar\/#organization\"},\"alternateName\":\"Noticias\",\"potentialAction\":[{\"@type\":\"SearchAction\",\"target\":{\"@type\":\"EntryPoint\",\"urlTemplate\":\"https:\/\/infoecos.com.ar\/?s={search_term_string}\"},\"query-input\":{\"@type\":\"PropertyValueSpecification\",\"valueRequired\":true,\"valueName\":\"search_term_string\"}}],\"inLanguage\":\"es\"},{\"@type\":\"Organization\",\"@id\":\"https:\/\/infoecos.com.ar\/#organization\",\"name\":\"Infoecos\",\"alternateName\":\"Noticias\",\"url\":\"https:\/\/infoecos.com.ar\/\",\"logo\":{\"@type\":\"ImageObject\",\"inLanguage\":\"es\",\"@id\":\"https:\/\/infoecos.com.ar\/#\/schema\/logo\/image\/\",\"url\":\"https:\/\/infoecos.com.ar\/wp-content\/uploads\/2024\/03\/cropped-logo.png\",\"contentUrl\":\"https:\/\/infoecos.com.ar\/wp-content\/uploads\/2024\/03\/cropped-logo.png\",\"width\":374,\"height\":90,\"caption\":\"Infoecos\"},\"image\":{\"@id\":\"https:\/\/infoecos.com.ar\/#\/schema\/logo\/image\/\"},\"sameAs\":[\"https:\/\/www.facebook.com\/profile.php?id=100063200290284\",\"https:\/\/x.com\/infoecos\"]},{\"@type\":\"Person\",\"@id\":\"https:\/\/infoecos.com.ar\/#\/schema\/person\/8f5ace5ce73b4b4aac4b7245aee6f191\",\"name\":\"Jorge Matheus\",\"url\":\"https:\/\/infoecos.com.ar\/index.php\/author\/jomatheus\/\"}]}<\/script>\n<!-- \/ Yoast SEO plugin. -->","yoast_head_json":{"title":"La federaci\u00f3n de docentes de la Universidad Tecnol\u00f3gica Nacional piden un incremento salarial cercano al 50 % - Infoecos","robots":{"index":"index","follow":"follow","max-snippet":"max-snippet:-1","max-image-preview":"max-image-preview:large","max-video-preview":"max-video-preview:-1"},"canonical":"https:\/\/infoecos.com.ar\/index.php\/la-federacion-de-docentes-de-la-universidad-tecnologica-nacional-piden-un-incremento-salarial-cercano-al-50\/","og_locale":"es_ES","og_type":"article","og_title":"La federaci\u00f3n de docentes de la Universidad Tecnol\u00f3gica Nacional piden un incremento salarial cercano al 50 % - Infoecos","og_description":"\"Necesitamos reglas claras y no correr siempre detr\u00e1s de la inflaci\u00f3n\", enfatiz\u00f3 el Ing. Ricardo Mozzi, secretario gremial de la organizaci\u00f3n y miembro paritario","og_url":"https:\/\/infoecos.com.ar\/index.php\/la-federacion-de-docentes-de-la-universidad-tecnologica-nacional-piden-un-incremento-salarial-cercano-al-50\/","og_site_name":"Infoecos","article_publisher":"https:\/\/www.facebook.com\/profile.php?id=100063200290284","article_published_time":"2021-08-17T08:11:04+00:00","article_modified_time":"2021-08-18T11:29:08+00:00","og_image":[{"width":900,"height":675,"url":"https:\/\/infoecos.com.ar\/wp-content\/uploads\/utn-5-e1531276037282.jpg","type":"image\/jpeg"}],"author":"Jorge Matheus","twitter_card":"summary_large_image","twitter_creator":"@infoecos","twitter_site":"@infoecos","twitter_misc":{"Escrito por":"Jorge Matheus","Tiempo de lectura":"2 minutos"},"schema":{"@context":"https:\/\/schema.org","@graph":[{"@type":"Article","@id":"https:\/\/infoecos.com.ar\/index.php\/la-federacion-de-docentes-de-la-universidad-tecnologica-nacional-piden-un-incremento-salarial-cercano-al-50\/#article","isPartOf":{"@id":"https:\/\/infoecos.com.ar\/index.php\/la-federacion-de-docentes-de-la-universidad-tecnologica-nacional-piden-un-incremento-salarial-cercano-al-50\/"},"author":{"name":"Jorge Matheus","@id":"https:\/\/infoecos.com.ar\/#\/schema\/person\/8f5ace5ce73b4b4aac4b7245aee6f191"},"headline":"La federaci\u00f3n de docentes de la Universidad Tecnol\u00f3gica Nacional piden un incremento salarial cercano al 50 %","datePublished":"2021-08-17T08:11:04+00:00","dateModified":"2021-08-18T11:29:08+00:00","mainEntityOfPage":{"@id":"https:\/\/infoecos.com.ar\/index.php\/la-federacion-de-docentes-de-la-universidad-tecnologica-nacional-piden-un-incremento-salarial-cercano-al-50\/"},"wordCount":317,"publisher":{"@id":"https:\/\/infoecos.com.ar\/#organization"},"image":{"@id":"https:\/\/infoecos.com.ar\/index.php\/la-federacion-de-docentes-de-la-universidad-tecnologica-nacional-piden-un-incremento-salarial-cercano-al-50\/#primaryimage"},"thumbnailUrl":"","keywords":["REUNI\u00d3N CON TROTTA"],"articleSection":["Bloque inferior - 11"],"inLanguage":"es"},{"@type":"WebPage","@id":"https:\/\/infoecos.com.ar\/index.php\/la-federacion-de-docentes-de-la-universidad-tecnologica-nacional-piden-un-incremento-salarial-cercano-al-50\/","url":"https:\/\/infoecos.com.ar\/index.php\/la-federacion-de-docentes-de-la-universidad-tecnologica-nacional-piden-un-incremento-salarial-cercano-al-50\/","name":"La federaci\u00f3n de docentes de la Universidad Tecnol\u00f3gica Nacional piden un incremento salarial cercano al 50 % - Infoecos","isPartOf":{"@id":"https:\/\/infoecos.com.ar\/#website"},"primaryImageOfPage":{"@id":"https:\/\/infoecos.com.ar\/index.php\/la-federacion-de-docentes-de-la-universidad-tecnologica-nacional-piden-un-incremento-salarial-cercano-al-50\/#primaryimage"},"image":{"@id":"https:\/\/infoecos.com.ar\/index.php\/la-federacion-de-docentes-de-la-universidad-tecnologica-nacional-piden-un-incremento-salarial-cercano-al-50\/#primaryimage"},"thumbnailUrl":"","datePublished":"2021-08-17T08:11:04+00:00","dateModified":"2021-08-18T11:29:08+00:00","breadcrumb":{"@id":"https:\/\/infoecos.com.ar\/index.php\/la-federacion-de-docentes-de-la-universidad-tecnologica-nacional-piden-un-incremento-salarial-cercano-al-50\/#breadcrumb"},"inLanguage":"es","potentialAction":[{"@type":"ReadAction","target":["https:\/\/infoecos.com.ar\/index.php\/la-federacion-de-docentes-de-la-universidad-tecnologica-nacional-piden-un-incremento-salarial-cercano-al-50\/"]}]},{"@type":"ImageObject","inLanguage":"es","@id":"https:\/\/infoecos.com.ar\/index.php\/la-federacion-de-docentes-de-la-universidad-tecnologica-nacional-piden-un-incremento-salarial-cercano-al-50\/#primaryimage","url":"","contentUrl":""},{"@type":"BreadcrumbList","@id":"https:\/\/infoecos.com.ar\/index.php\/la-federacion-de-docentes-de-la-universidad-tecnologica-nacional-piden-un-incremento-salarial-cercano-al-50\/#breadcrumb","itemListElement":[{"@type":"ListItem","position":1,"name":"Portada","item":"https:\/\/infoecos.com.ar\/"},{"@type":"ListItem","position":2,"name":"La federaci\u00f3n de docentes de la Universidad Tecnol\u00f3gica Nacional piden un incremento salarial cercano al 50 %"}]},{"@type":"WebSite","@id":"https:\/\/infoecos.com.ar\/#website","url":"https:\/\/infoecos.com.ar\/","name":"Infoecos","description":"Noticias de trenque lauquen y la zona","publisher":{"@id":"https:\/\/infoecos.com.ar\/#organization"},"alternateName":"Noticias","potentialAction":[{"@type":"SearchAction","target":{"@type":"EntryPoint","urlTemplate":"https:\/\/infoecos.com.ar\/?s={search_term_string}"},"query-input":{"@type":"PropertyValueSpecification","valueRequired":true,"valueName":"search_term_string"}}],"inLanguage":"es"},{"@type":"Organization","@id":"https:\/\/infoecos.com.ar\/#organization","name":"Infoecos","alternateName":"Noticias","url":"https:\/\/infoecos.com.ar\/","logo":{"@type":"ImageObject","inLanguage":"es","@id":"https:\/\/infoecos.com.ar\/#\/schema\/logo\/image\/","url":"https:\/\/infoecos.com.ar\/wp-content\/uploads\/2024\/03\/cropped-logo.png","contentUrl":"https:\/\/infoecos.com.ar\/wp-content\/uploads\/2024\/03\/cropped-logo.png","width":374,"height":90,"caption":"Infoecos"},"image":{"@id":"https:\/\/infoecos.com.ar\/#\/schema\/logo\/image\/"},"sameAs":["https:\/\/www.facebook.com\/profile.php?id=100063200290284","https:\/\/x.com\/infoecos"]},{"@type":"Person","@id":"https:\/\/infoecos.com.ar\/#\/schema\/person\/8f5ace5ce73b4b4aac4b7245aee6f191","name":"Jorge Matheus","url":"https:\/\/infoecos.com.ar\/index.php\/author\/jomatheus\/"}]}},"featured_image_urls":{"full":"","thumbnail":"","medium":"","medium_large":"","large":"","1536x1536":"","2048x2048":"","covernews-slider-full":"","covernews-slider-center":"","covernews-featured":"","covernews-medium":"","covernews-medium-square":""},"author_info":{"info":["Jorge Matheus"]},"category_info":"<a href=\"https:\/\/infoecos.com.ar\/index.php\/category\/inferior11\/\" rel=\"category tag\">Bloque inferior - 11<\/a>","tag_info":"Bloque inferior - 11","comment_count":"0","_links":{"self":[{"href":"https:\/\/infoecos.com.ar\/index.php\/wp-json\/wp\/v2\/posts\/83452"}],"collection":[{"href":"https:\/\/infoecos.com.ar\/index.php\/wp-json\/wp\/v2\/posts"}],"about":[{"href":"https:\/\/infoecos.com.ar\/index.php\/wp-json\/wp\/v2\/types\/post"}],"author":[{"embeddable":true,"href":"https:\/\/infoecos.com.ar\/index.php\/wp-json\/wp\/v2\/users\/2"}],"replies":[{"embeddable":true,"href":"https:\/\/infoecos.com.ar\/index.php\/wp-json\/wp\/v2\/comments?post=83452"}],"version-history":[{"count":1,"href":"https:\/\/infoecos.com.ar\/index.php\/wp-json\/wp\/v2\/posts\/83452\/revisions"}],"predecessor-version":[{"id":83454,"href":"https:\/\/infoecos.com.ar\/index.php\/wp-json\/wp\/v2\/posts\/83452\/revisions\/83454"}],"wp:featuredmedia":[{"embeddable":true,"href":"https:\/\/infoecos.com.ar\/index.php\/wp-json\/"}],"wp:attachment":[{"href":"https:\/\/infoecos.com.ar\/index.php\/wp-json\/wp\/v2\/media?parent=83452"}],"wp:term":[{"taxonomy":"category","embeddable":true,"href":"https:\/\/infoecos.com.ar\/index.php\/wp-json\/wp\/v2\/categories?post=83452"},{"taxonomy":"post_tag","embeddable":true,"href":"https:\/\/infoecos.com.ar\/index.php\/wp-json\/wp\/v2\/tags?post=83452"}],"curies":[{"name":"wp","href":"https:\/\/api.w.org\/{rel}","templated":true}]}}