{"id":83461,"date":"2021-08-17T05:36:20","date_gmt":"2021-08-17T08:36:20","guid":{"rendered":"http:\/\/infoecos.com.ar\/?p=83461"},"modified":"2021-08-18T08:28:31","modified_gmt":"2021-08-18T11:28:31","slug":"se-entregaran-el-16-de-septiembre-los-caduceo-a-medios-de-comunicacion-del-consejo-profesional-de-ciencias-economicas","status":"publish","type":"post","link":"https:\/\/infoecos.com.ar\/index.php\/se-entregaran-el-16-de-septiembre-los-caduceo-a-medios-de-comunicacion-del-consejo-profesional-de-ciencias-economicas\/","title":{"rendered":"El Consejo Profesional de Ciencias Econ\u00f3micas de Buenos Aires entregar\u00e1 el 16 de septiembre los premios Caduceo"},"content":{"rendered":"\n<p class=\"wp-block-paragraph\"><strong>El&nbsp;Consejo&nbsp;Profesional de Ciencias Econ\u00f3micas de la Provincia de Buenos Aires (CPBA) difundi\u00f3 el listado de los premiados de la XXIX Edici\u00f3n del Premio Caduceo, galard\u00f3n que entrega desde 1992.<\/strong> Habr\u00e1 un acto virtual el pr\u00f3ximo 16 de septiembre.<\/p>\n\n\n\n<p class=\"wp-block-paragraph\">Periodistas y medios de General Pinto, Pehuaj\u00f3, Bragado, Jun\u00edn, ser\u00e1n reconocidos. <\/p>\n\n\n\n<div class=\"wp-block-image is-style-default\"><figure class=\"aligncenter size-medium\"><img loading=\"lazy\" decoding=\"async\" width=\"460\" height=\"259\" src=\"http:\/\/infoecos.com.ar\/wp-content\/uploads\/2021\/08\/caduceo-460x259.jpg\" alt=\"\" class=\"wp-image-83462\" srcset=\"https:\/\/infoecos.com.ar\/wp-content\/uploads\/2021\/08\/caduceo-460x259.jpg 460w, https:\/\/infoecos.com.ar\/wp-content\/uploads\/2021\/08\/caduceo-768x432.jpg 768w, https:\/\/infoecos.com.ar\/wp-content\/uploads\/2021\/08\/caduceo.jpg 800w\" sizes=\"auto, (max-width: 460px) 100vw, 460px\" \/><\/figure><\/div>\n\n\n\n<p class=\"wp-block-paragraph\">Los elegidos ser\u00e1n galardonados por su destacada labor y trayectoria en diferentes categor\u00edas seg\u00fan se trate de producciones radiales, gr\u00e1ficas, televisivas o sitios web.<\/p>\n\n\n\n<p class=\"wp-block-paragraph\">Por primera vez, debido a la situaci\u00f3n sanitaria, la ceremonia se llevar\u00e1 a cabo bajo modalidad virtual. La misma tendr\u00e1 lugar el jueves 16 de septiembre y se transmitir\u00e1 en vivo a trav\u00e9s de la p\u00e1gina web del Consejo Profesional de Ciencias Econ\u00f3micas de la Provincia de Buenos Aires y de sus redes sociales.<\/p>\n\n\n\n<p class=\"wp-block-paragraph\">Los premiados de distritos cercanos a Trenque Lauquen, donde hay una delegaci\u00f3n del organismo que nuclea a los licenciados en Ciencias Econ\u00f3micas.<\/p>\n\n\n\n<figure class=\"wp-block-table\"><table><tbody><tr><td><strong>BRAGADO<\/strong><\/td><td>BRAGADO TV<\/td><td>ADRIANA FERRARI<\/td><td>TRAYECTORIA EN LA CONDUCCI\u00d3N FEMENINA<\/td><\/tr><\/tbody><\/table><\/figure>\n\n\n\n<figure class=\"wp-block-table\"><table><tbody><tr><td><strong>CHASCOM\u00daS<\/strong><\/td><td>CHASCOM\u00daS FM 90.9<\/td><td>MAR\u00cdA FERNANDA HERRERA<\/td><td>LABOR PERIOD\u00cdSTICA EN RADIO<\/td><\/tr><\/tbody><\/table><\/figure>\n\n\n\n<figure class=\"wp-block-table\"><table><tbody><tr><td><strong>GENERAL PINTO<\/strong><\/td><td>VARIOS MEDIOS<\/td><td>DIEGO FALCINELLI<\/td><td>LABOR EN PERIODISMO DIGITAL<\/td><\/tr><\/tbody><\/table><\/figure>\n\n\n\n<figure class=\"wp-block-table\"><table><tbody><tr><td><strong>JUN\u00cdN<\/strong><\/td><td><a href=\"http:\/\/infokioscos.com.ar\/\" target=\"_blank\" rel=\"noreferrer noopener\">INFOKIOSCOS.COM.AR<\/a><\/td><td><a href=\"http:\/\/infokioscos.com.ar\/\" target=\"_blank\" rel=\"noreferrer noopener\">INFOKIOSCOS.COM.AR<\/a><\/td><td>PREMIO ESPECIAL A LA INNOVACI\u00d3N<\/td><\/tr><\/tbody><\/table><\/figure>\n\n\n\n<figure class=\"wp-block-table\"><table><tbody><tr><td><strong>PEHUAJ\u00d3<\/strong><\/td><td>ESTUDIO FM 97.5<\/td><td>CITAS DE RADIO<\/td><td>MEJOR PROGRAMA DE INTER\u00c9S GENERAL<\/td><\/tr><\/tbody><\/table><\/figure>\n\n\n\n<p class=\"wp-block-paragraph\"><\/p>\n","protected":false},"excerpt":{"rendered":"<p>Por primera vez, debido a la situaci\u00f3n sanitaria, la ceremonia se llevar\u00e1 a cabo bajo modalidad virtual<\/p>\n","protected":false},"author":2,"featured_media":83462,"comment_status":"closed","ping_status":"open","sticky":false,"template":"","format":"standard","meta":{"footnotes":""},"categories":[200],"tags":[4688],"class_list":["post-83461","post","type-post","status-publish","format-standard","has-post-thumbnail","hentry","category-inferior8","tag-sera-premiado-un-programa-de-pehuajo"],"featured_image_urls":{"full":["https:\/\/infoecos.com.ar\/wp-content\/uploads\/2021\/08\/caduceo.jpg",800,450,false],"thumbnail":["https:\/\/infoecos.com.ar\/wp-content\/uploads\/2021\/08\/caduceo-150x150.jpg",150,150,true],"medium":["https:\/\/infoecos.com.ar\/wp-content\/uploads\/2021\/08\/caduceo-460x259.jpg",460,259,true],"medium_large":["https:\/\/infoecos.com.ar\/wp-content\/uploads\/2021\/08\/caduceo-768x432.jpg",640,360,true],"large":["https:\/\/infoecos.com.ar\/wp-content\/uploads\/2021\/08\/caduceo.jpg",640,360,false],"1536x1536":["https:\/\/infoecos.com.ar\/wp-content\/uploads\/2021\/08\/caduceo.jpg",800,450,false],"2048x2048":["https:\/\/infoecos.com.ar\/wp-content\/uploads\/2021\/08\/caduceo.jpg",800,450,false],"covernews-slider-full":["https:\/\/infoecos.com.ar\/wp-content\/uploads\/2021\/08\/caduceo.jpg",800,450,false],"covernews-slider-center":["https:\/\/infoecos.com.ar\/wp-content\/uploads\/2021\/08\/caduceo.jpg",800,450,false],"covernews-featured":["https:\/\/infoecos.com.ar\/wp-content\/uploads\/2021\/08\/caduceo.jpg",800,450,false],"covernews-medium":["https:\/\/infoecos.com.ar\/wp-content\/uploads\/2021\/08\/caduceo-720x380.jpg",540,285,true],"covernews-medium-square":["https:\/\/infoecos.com.ar\/wp-content\/uploads\/2021\/08\/caduceo-675x450.jpg",375,250,true]},"author_info":{"info":["Jorge Matheus"]},"category_info":"<a href=\"https:\/\/infoecos.com.ar\/index.php\/category\/inferior8\/\" rel=\"category tag\">Bloque inferior - 8<\/a>","tag_info":"Bloque inferior - 8","comment_count":"0","_links":{"self":[{"href":"https:\/\/infoecos.com.ar\/index.php\/wp-json\/wp\/v2\/posts\/83461","targetHints":{"allow":["GET"]}}],"collection":[{"href":"https:\/\/infoecos.com.ar\/index.php\/wp-json\/wp\/v2\/posts"}],"about":[{"href":"https:\/\/infoecos.com.ar\/index.php\/wp-json\/wp\/v2\/types\/post"}],"author":[{"embeddable":true,"href":"https:\/\/infoecos.com.ar\/index.php\/wp-json\/wp\/v2\/users\/2"}],"replies":[{"embeddable":true,"href":"https:\/\/infoecos.com.ar\/index.php\/wp-json\/wp\/v2\/comments?post=83461"}],"version-history":[{"count":2,"href":"https:\/\/infoecos.com.ar\/index.php\/wp-json\/wp\/v2\/posts\/83461\/revisions"}],"predecessor-version":[{"id":83477,"href":"https:\/\/infoecos.com.ar\/index.php\/wp-json\/wp\/v2\/posts\/83461\/revisions\/83477"}],"wp:featuredmedia":[{"embeddable":true,"href":"https:\/\/infoecos.com.ar\/index.php\/wp-json\/wp\/v2\/media\/83462"}],"wp:attachment":[{"href":"https:\/\/infoecos.com.ar\/index.php\/wp-json\/wp\/v2\/media?parent=83461"}],"wp:term":[{"taxonomy":"category","embeddable":true,"href":"https:\/\/infoecos.com.ar\/index.php\/wp-json\/wp\/v2\/categories?post=83461"},{"taxonomy":"post_tag","embeddable":true,"href":"https:\/\/infoecos.com.ar\/index.php\/wp-json\/wp\/v2\/tags?post=83461"}],"curies":[{"name":"wp","href":"https:\/\/api.w.org\/{rel}","templated":true}]}}