{"id":83464,"date":"2021-08-17T05:41:35","date_gmt":"2021-08-17T08:41:35","guid":{"rendered":"http:\/\/infoecos.com.ar\/?p=83464"},"modified":"2021-08-17T05:41:37","modified_gmt":"2021-08-17T08:41:37","slug":"se-inaugura-hoy-el-edificio-de-la-universidad-del-noroeste-en-general-villegas","status":"publish","type":"post","link":"https:\/\/infoecos.com.ar\/index.php\/se-inaugura-hoy-el-edificio-de-la-universidad-del-noroeste-en-general-villegas\/","title":{"rendered":"Se inaugura hoy el edificio de la Universidad del Noroeste en General Villegas"},"content":{"rendered":"\n<p class=\"wp-block-paragraph\">Hoy se llevar\u00e1 a cabo el acto de inauguraci\u00f3n\u00a0 del Edificio que ser\u00e1 Centro Universitario de la Universidad del Noroeste Bonaerense (UNNOBA), en General Villegas.<\/p>\n\n\n\n<div class=\"wp-block-image is-style-default\"><figure class=\"aligncenter size-medium\"><img loading=\"lazy\" decoding=\"async\" width=\"460\" height=\"345\" src=\"http:\/\/infoecos.com.ar\/wp-content\/uploads\/2021\/08\/unnobagvillegas-460x345.jpg\" alt=\"\" class=\"wp-image-83466\" srcset=\"https:\/\/infoecos.com.ar\/wp-content\/uploads\/2021\/08\/unnobagvillegas-460x345.jpg 460w, https:\/\/infoecos.com.ar\/wp-content\/uploads\/2021\/08\/unnobagvillegas.jpg 650w\" sizes=\"auto, (max-width: 460px) 100vw, 460px\" \/><\/figure><\/div>\n\n\n\n<p class=\"wp-block-paragraph\">La ceremonia, declarada de Inter\u00e9s Municipal, ser\u00e1&nbsp; tambi\u00e9n transmitida de manera virtual a trav\u00e9s de la p\u00e1gina de Facebook a partir de las 10 de la ma\u00f1ana para toda la comunidad.<\/p>\n","protected":false},"excerpt":{"rendered":"<p>La ceremonia, declarada de Inter\u00e9s Municipal, ser\u00e1  tambi\u00e9n transmitida de manera virtual a trav\u00e9s de la p\u00e1gina de Facebook<\/p>\n","protected":false},"author":2,"featured_media":83466,"comment_status":"closed","ping_status":"open","sticky":false,"template":"","format":"standard","meta":{"footnotes":""},"categories":[50],"tags":[4689],"class_list":["post-83464","post","type-post","status-publish","format-standard","has-post-thumbnail","hentry","category-c1nota4","tag-sera-a-partir-de-las-10-de-la-manana"],"featured_image_urls":{"full":["https:\/\/infoecos.com.ar\/wp-content\/uploads\/2021\/08\/unnobagvillegas.jpg",650,488,false],"thumbnail":["https:\/\/infoecos.com.ar\/wp-content\/uploads\/2021\/08\/unnobagvillegas-150x150.jpg",150,150,true],"medium":["https:\/\/infoecos.com.ar\/wp-content\/uploads\/2021\/08\/unnobagvillegas-460x345.jpg",460,345,true],"medium_large":["https:\/\/infoecos.com.ar\/wp-content\/uploads\/2021\/08\/unnobagvillegas.jpg",640,480,false],"large":["https:\/\/infoecos.com.ar\/wp-content\/uploads\/2021\/08\/unnobagvillegas.jpg",640,480,false],"1536x1536":["https:\/\/infoecos.com.ar\/wp-content\/uploads\/2021\/08\/unnobagvillegas.jpg",650,488,false],"2048x2048":["https:\/\/infoecos.com.ar\/wp-content\/uploads\/2021\/08\/unnobagvillegas.jpg",650,488,false],"covernews-slider-full":["https:\/\/infoecos.com.ar\/wp-content\/uploads\/2021\/08\/unnobagvillegas.jpg",650,488,false],"covernews-slider-center":["https:\/\/infoecos.com.ar\/wp-content\/uploads\/2021\/08\/unnobagvillegas.jpg",650,488,false],"covernews-featured":["https:\/\/infoecos.com.ar\/wp-content\/uploads\/2021\/08\/unnobagvillegas.jpg",650,488,false],"covernews-medium":["https:\/\/infoecos.com.ar\/wp-content\/uploads\/2021\/08\/unnobagvillegas-650x380.jpg",540,316,true],"covernews-medium-square":["https:\/\/infoecos.com.ar\/wp-content\/uploads\/2021\/08\/unnobagvillegas-650x450.jpg",361,250,true]},"author_info":{"info":["Jorge Matheus"]},"category_info":"<a href=\"https:\/\/infoecos.com.ar\/index.php\/category\/c1nota4\/\" rel=\"category tag\">C1 N4<\/a>","tag_info":"C1 N4","comment_count":"0","_links":{"self":[{"href":"https:\/\/infoecos.com.ar\/index.php\/wp-json\/wp\/v2\/posts\/83464","targetHints":{"allow":["GET"]}}],"collection":[{"href":"https:\/\/infoecos.com.ar\/index.php\/wp-json\/wp\/v2\/posts"}],"about":[{"href":"https:\/\/infoecos.com.ar\/index.php\/wp-json\/wp\/v2\/types\/post"}],"author":[{"embeddable":true,"href":"https:\/\/infoecos.com.ar\/index.php\/wp-json\/wp\/v2\/users\/2"}],"replies":[{"embeddable":true,"href":"https:\/\/infoecos.com.ar\/index.php\/wp-json\/wp\/v2\/comments?post=83464"}],"version-history":[{"count":1,"href":"https:\/\/infoecos.com.ar\/index.php\/wp-json\/wp\/v2\/posts\/83464\/revisions"}],"predecessor-version":[{"id":83467,"href":"https:\/\/infoecos.com.ar\/index.php\/wp-json\/wp\/v2\/posts\/83464\/revisions\/83467"}],"wp:featuredmedia":[{"embeddable":true,"href":"https:\/\/infoecos.com.ar\/index.php\/wp-json\/wp\/v2\/media\/83466"}],"wp:attachment":[{"href":"https:\/\/infoecos.com.ar\/index.php\/wp-json\/wp\/v2\/media?parent=83464"}],"wp:term":[{"taxonomy":"category","embeddable":true,"href":"https:\/\/infoecos.com.ar\/index.php\/wp-json\/wp\/v2\/categories?post=83464"},{"taxonomy":"post_tag","embeddable":true,"href":"https:\/\/infoecos.com.ar\/index.php\/wp-json\/wp\/v2\/tags?post=83464"}],"curies":[{"name":"wp","href":"https:\/\/api.w.org\/{rel}","templated":true}]}}