{"id":83478,"date":"2021-08-17T06:25:51","date_gmt":"2021-08-17T09:25:51","guid":{"rendered":"http:\/\/infoecos.com.ar\/?p=83478"},"modified":"2021-08-17T06:25:52","modified_gmt":"2021-08-17T09:25:52","slug":"el-acto-en-trenque-lauquen-para-conmemorar-el-aniversario-de-la-muerte-de-san-martin-se-desarrollara-en-la-escuela-de-estetica","status":"publish","type":"post","link":"https:\/\/infoecos.com.ar\/index.php\/el-acto-en-trenque-lauquen-para-conmemorar-el-aniversario-de-la-muerte-de-san-martin-se-desarrollara-en-la-escuela-de-estetica\/","title":{"rendered":"El acto en Trenque Lauquen para conmemorar el aniversario de la muerte de San Mart\u00edn se desarrollar\u00e1 en la Escuela de Est\u00e9tica"},"content":{"rendered":"\n<p class=\"wp-block-paragraph\">La \u00a0municipalidad de Trenque Lauquen y la Escuela de Educaci\u00f3n Est\u00e9tica n\u00ba1 realizar\u00e1n el acto oficial para conmemorar el d\u00eda del Paso a la Inmortalidad del General Jos\u00e9 de San Mart\u00edn, hoy a las 10, frente al mencionado establecimiento educativo, en la calle Avellaneda, entre Pereyra Rozas y Arrast\u00faa. E<\/p>\n\n\n\n<div class=\"wp-block-image is-style-default\"><figure class=\"aligncenter size-medium\"><img loading=\"lazy\" decoding=\"async\" width=\"460\" height=\"345\" src=\"http:\/\/infoecos.com.ar\/wp-content\/uploads\/2021\/08\/sanmartin1-460x345.jpg\" alt=\"\" class=\"wp-image-83479\" srcset=\"https:\/\/infoecos.com.ar\/wp-content\/uploads\/2021\/08\/sanmartin1-460x345.jpg 460w, https:\/\/infoecos.com.ar\/wp-content\/uploads\/2021\/08\/sanmartin1-920x690.jpg 920w, https:\/\/infoecos.com.ar\/wp-content\/uploads\/2021\/08\/sanmartin1-768x576.jpg 768w, https:\/\/infoecos.com.ar\/wp-content\/uploads\/2021\/08\/sanmartin1.jpg 1024w\" sizes=\"auto, (max-width: 460px) 100vw, 460px\" \/><\/figure><\/div>\n\n\n\n<p class=\"wp-block-paragraph\">Por razones de protocolo vinculadas a la situaci\u00f3n sanitaria y epidemiol\u00f3gica por la pandemia de Covid-19, s\u00f3lo podr\u00e1n asistir 20 personas.<\/p>\n\n\n\n<p class=\"wp-block-paragraph\">En las redes sociales del Municipio ser\u00e1 publicado un video elaborado por la comunidad educativa de la Escuela de Educaci\u00f3n Est\u00e9tica n\u00ba1.&nbsp;&nbsp;<\/p>\n","protected":false},"excerpt":{"rendered":"<p>En las redes sociales del Municipio ser\u00e1 publicado un video elaborado por la comunidad educativa de la Escuela de Educaci\u00f3n Est\u00e9tica n\u00ba1<\/p>\n","protected":false},"author":2,"featured_media":83479,"comment_status":"closed","ping_status":"open","sticky":false,"template":"","format":"standard","meta":{"footnotes":""},"categories":[1325],"tags":[4692],"class_list":["post-83478","post","type-post","status-publish","format-standard","has-post-thumbnail","hentry","category-c1nota6","tag-hoy-a-las-10"],"featured_image_urls":{"full":["https:\/\/infoecos.com.ar\/wp-content\/uploads\/2021\/08\/sanmartin1.jpg",1024,768,false],"thumbnail":["https:\/\/infoecos.com.ar\/wp-content\/uploads\/2021\/08\/sanmartin1-150x150.jpg",150,150,true],"medium":["https:\/\/infoecos.com.ar\/wp-content\/uploads\/2021\/08\/sanmartin1-460x345.jpg",460,345,true],"medium_large":["https:\/\/infoecos.com.ar\/wp-content\/uploads\/2021\/08\/sanmartin1-768x576.jpg",640,480,true],"large":["https:\/\/infoecos.com.ar\/wp-content\/uploads\/2021\/08\/sanmartin1-920x690.jpg",640,480,true],"1536x1536":["https:\/\/infoecos.com.ar\/wp-content\/uploads\/2021\/08\/sanmartin1.jpg",1024,768,false],"2048x2048":["https:\/\/infoecos.com.ar\/wp-content\/uploads\/2021\/08\/sanmartin1.jpg",1024,768,false],"covernews-slider-full":["https:\/\/infoecos.com.ar\/wp-content\/uploads\/2021\/08\/sanmartin1.jpg",953,715,false],"covernews-slider-center":["https:\/\/infoecos.com.ar\/wp-content\/uploads\/2021\/08\/sanmartin1-936x768.jpg",609,500,true],"covernews-featured":["https:\/\/infoecos.com.ar\/wp-content\/uploads\/2021\/08\/sanmartin1.jpg",1024,768,false],"covernews-medium":["https:\/\/infoecos.com.ar\/wp-content\/uploads\/2021\/08\/sanmartin1-720x380.jpg",540,285,true],"covernews-medium-square":["https:\/\/infoecos.com.ar\/wp-content\/uploads\/2021\/08\/sanmartin1-675x450.jpg",375,250,true]},"author_info":{"info":["Jorge Matheus"]},"category_info":"<a href=\"https:\/\/infoecos.com.ar\/index.php\/category\/c1nota6\/\" rel=\"category tag\">C1 nota 6<\/a>","tag_info":"C1 nota 6","comment_count":"0","_links":{"self":[{"href":"https:\/\/infoecos.com.ar\/index.php\/wp-json\/wp\/v2\/posts\/83478","targetHints":{"allow":["GET"]}}],"collection":[{"href":"https:\/\/infoecos.com.ar\/index.php\/wp-json\/wp\/v2\/posts"}],"about":[{"href":"https:\/\/infoecos.com.ar\/index.php\/wp-json\/wp\/v2\/types\/post"}],"author":[{"embeddable":true,"href":"https:\/\/infoecos.com.ar\/index.php\/wp-json\/wp\/v2\/users\/2"}],"replies":[{"embeddable":true,"href":"https:\/\/infoecos.com.ar\/index.php\/wp-json\/wp\/v2\/comments?post=83478"}],"version-history":[{"count":1,"href":"https:\/\/infoecos.com.ar\/index.php\/wp-json\/wp\/v2\/posts\/83478\/revisions"}],"predecessor-version":[{"id":83480,"href":"https:\/\/infoecos.com.ar\/index.php\/wp-json\/wp\/v2\/posts\/83478\/revisions\/83480"}],"wp:featuredmedia":[{"embeddable":true,"href":"https:\/\/infoecos.com.ar\/index.php\/wp-json\/wp\/v2\/media\/83479"}],"wp:attachment":[{"href":"https:\/\/infoecos.com.ar\/index.php\/wp-json\/wp\/v2\/media?parent=83478"}],"wp:term":[{"taxonomy":"category","embeddable":true,"href":"https:\/\/infoecos.com.ar\/index.php\/wp-json\/wp\/v2\/categories?post=83478"},{"taxonomy":"post_tag","embeddable":true,"href":"https:\/\/infoecos.com.ar\/index.php\/wp-json\/wp\/v2\/tags?post=83478"}],"curies":[{"name":"wp","href":"https:\/\/api.w.org\/{rel}","templated":true}]}}