{"id":83485,"date":"2021-08-17T06:45:41","date_gmt":"2021-08-17T09:45:41","guid":{"rendered":"http:\/\/infoecos.com.ar\/?p=83485"},"modified":"2021-08-17T07:00:40","modified_gmt":"2021-08-17T10:00:40","slug":"coronavirus-confinamiento-por-tres-dias-y-siete-dias-para-habitantes-de-nueva-zelanda","status":"publish","type":"post","link":"https:\/\/infoecos.com.ar\/index.php\/coronavirus-confinamiento-por-tres-dias-y-siete-dias-para-habitantes-de-nueva-zelanda\/","title":{"rendered":"Coronavirus: confinamiento por tres y siete d\u00edas para habitantes de Nueva Zelanda"},"content":{"rendered":"\n<p>La primera ministra de&nbsp;<a href=\"https:\/\/www.clarin.com\/tema\/nueva-zelanda.html\" target=\"_blank\" rel=\"noreferrer noopener\">Nueva Zelanda<\/a>,&nbsp;<a href=\"https:\/\/www.clarin.com\/tema\/jacinda-ardern.html\" target=\"_blank\" rel=\"noreferrer noopener\">Jacinda Ardern<\/a>, orden\u00f3 este martes el&nbsp;<strong>confinamiento por tres d\u00edas<\/strong>&nbsp;de los m\u00e1s de cinco millones de habitantes del pa\u00eds, tras detectarse un caso de transmisi\u00f3n comunitaria en la ciudad de&nbsp;<a href=\"https:\/\/www.clarin.com\/tema\/auckland.html\" target=\"_blank\" rel=\"noreferrer noopener\">Auckland<\/a>, el primero desde el pasado 28 de febrero.<\/p>\n\n\n\n<p>La medida, que se da ante el temor de que el caso detectado sea con la variante Delta, entrar\u00e1 en vigor a medianoche, aunque los casi 1,7 millones de pobladores de Auckland, la ciudad m\u00e1s poblada de Nueva Zelanda, y m\u00e1s de 1.600 de la aleda\u00f1a pen\u00ednsula de Coromandel estar\u00e1n confinados&nbsp;<strong>durante siete d\u00edas<\/strong>.<\/p>\n\n\n\n<div class=\"wp-block-image is-style-default\"><figure class=\"aligncenter size-large\"><img loading=\"lazy\" decoding=\"async\" width=\"299\" height=\"169\" src=\"http:\/\/infoecos.com.ar\/wp-content\/uploads\/2021\/08\/primeraministranz.jpg\" alt=\"\" class=\"wp-image-83486\"\/><\/figure><\/div>\n\n\n\n<p>\u00abTenemos solo una oportunidad. Necesitamos ir&nbsp;<strong>con fuerza y temprano<\/strong>&nbsp;para detener las transmisiones\u00bb, manifest\u00f3&nbsp;ante los periodistas en Wellington Ardern, cuya gesti\u00f3n frente al Covid-19 fue aplaudida mundialmente, al justificar este confinamiento.<\/p>\n\n\n\n<p>En virtud de la orden sanitaria, los neozelandeses solo podr\u00e1n salir de sus casas -con mascarillas faciales y guardando una distancia de dos metros respecto a otra persona- para hacer las compras de vital necesidad, practicar deportes, someterse a pruebas para detectar el&nbsp;<a href=\"https:\/\/www.clarin.com\/tema\/coronavirus.html\" target=\"_blank\" rel=\"noreferrer noopener\">coronavirus<\/a>, entre otras&nbsp;<strong>razones esenciales<\/strong>.<\/p>\n\n\n\n<p>El director general de Salud de Nueva Zelanda, Ashley Bloomfield, explic\u00f3 en la rueda de prensa que el hombre de 58 a\u00f1os de edad contagiado con el virus, quien viaj\u00f3 durante el fin de semana a la pen\u00ednsula de Coromadel,<strong>&nbsp;comenz\u00f3 su per\u00edodo infeccioso el jueves pasado<\/strong>.<\/p>\n\n\n\n<p>Fuente: clarin.com (martes 17)<\/p>\n","protected":false},"excerpt":{"rendered":"<p>\u00abTenemos solo una oportunidad. Necesitamos ir con fuerza y temprano para detener las transmisiones\u00bb, manifest\u00f3 ante los periodistas en Wellington Ardern<\/p>\n","protected":false},"author":2,"featured_media":83487,"comment_status":"closed","ping_status":"open","sticky":false,"template":"","format":"standard","meta":{"footnotes":""},"categories":[1341],"tags":[4192],"class_list":["post-83485","post","type-post","status-publish","format-standard","has-post-thumbnail","hentry","category-c1nota7","tag-mejor-prevenir-que-curar"],"yoast_head":"<!-- This site is optimized with the Yoast SEO plugin v23.4 - https:\/\/yoast.com\/wordpress\/plugins\/seo\/ -->\n<title>Coronavirus: confinamiento por tres y siete d\u00edas para habitantes de Nueva Zelanda - Infoecos<\/title>\n<meta name=\"robots\" content=\"index, follow, max-snippet:-1, max-image-preview:large, max-video-preview:-1\" \/>\n<link rel=\"canonical\" href=\"https:\/\/infoecos.com.ar\/index.php\/coronavirus-confinamiento-por-tres-dias-y-siete-dias-para-habitantes-de-nueva-zelanda\/\" \/>\n<meta property=\"og:locale\" content=\"es_ES\" \/>\n<meta property=\"og:type\" content=\"article\" \/>\n<meta property=\"og:title\" content=\"Coronavirus: confinamiento por tres y siete d\u00edas para habitantes de Nueva Zelanda - Infoecos\" \/>\n<meta property=\"og:description\" content=\"&quot;Tenemos solo una oportunidad. Necesitamos ir con fuerza y temprano para detener las transmisiones&quot;, manifest\u00f3 ante los periodistas en Wellington Ardern\" \/>\n<meta property=\"og:url\" content=\"https:\/\/infoecos.com.ar\/index.php\/coronavirus-confinamiento-por-tres-dias-y-siete-dias-para-habitantes-de-nueva-zelanda\/\" \/>\n<meta property=\"og:site_name\" content=\"Infoecos\" \/>\n<meta property=\"article:publisher\" content=\"https:\/\/www.facebook.com\/profile.php?id=100063200290284\" \/>\n<meta property=\"article:published_time\" content=\"2021-08-17T09:45:41+00:00\" \/>\n<meta property=\"article:modified_time\" content=\"2021-08-17T10:00:40+00:00\" \/>\n<meta property=\"og:image\" content=\"https:\/\/infoecos.com.ar\/wp-content\/uploads\/2021\/08\/primeraministranz1.jpg\" \/>\n\t<meta property=\"og:image:width\" content=\"990\" \/>\n\t<meta property=\"og:image:height\" content=\"660\" \/>\n\t<meta property=\"og:image:type\" content=\"image\/jpeg\" \/>\n<meta name=\"author\" content=\"Jorge Matheus\" \/>\n<meta name=\"twitter:card\" content=\"summary_large_image\" \/>\n<meta name=\"twitter:creator\" content=\"@infoecos\" \/>\n<meta name=\"twitter:site\" content=\"@infoecos\" \/>\n<meta name=\"twitter:label1\" content=\"Escrito por\" \/>\n\t<meta name=\"twitter:data1\" content=\"Jorge Matheus\" \/>\n\t<meta name=\"twitter:label2\" content=\"Tiempo de lectura\" \/>\n\t<meta name=\"twitter:data2\" content=\"1 minuto\" \/>\n<script type=\"application\/ld+json\" class=\"yoast-schema-graph\">{\"@context\":\"https:\/\/schema.org\",\"@graph\":[{\"@type\":\"Article\",\"@id\":\"https:\/\/infoecos.com.ar\/index.php\/coronavirus-confinamiento-por-tres-dias-y-siete-dias-para-habitantes-de-nueva-zelanda\/#article\",\"isPartOf\":{\"@id\":\"https:\/\/infoecos.com.ar\/index.php\/coronavirus-confinamiento-por-tres-dias-y-siete-dias-para-habitantes-de-nueva-zelanda\/\"},\"author\":{\"name\":\"Jorge Matheus\",\"@id\":\"https:\/\/infoecos.com.ar\/#\/schema\/person\/8f5ace5ce73b4b4aac4b7245aee6f191\"},\"headline\":\"Coronavirus: confinamiento por tres y siete d\u00edas para habitantes de Nueva Zelanda\",\"datePublished\":\"2021-08-17T09:45:41+00:00\",\"dateModified\":\"2021-08-17T10:00:40+00:00\",\"mainEntityOfPage\":{\"@id\":\"https:\/\/infoecos.com.ar\/index.php\/coronavirus-confinamiento-por-tres-dias-y-siete-dias-para-habitantes-de-nueva-zelanda\/\"},\"wordCount\":268,\"publisher\":{\"@id\":\"https:\/\/infoecos.com.ar\/#organization\"},\"image\":{\"@id\":\"https:\/\/infoecos.com.ar\/index.php\/coronavirus-confinamiento-por-tres-dias-y-siete-dias-para-habitantes-de-nueva-zelanda\/#primaryimage\"},\"thumbnailUrl\":\"https:\/\/infoecos.com.ar\/wp-content\/uploads\/2021\/08\/primeraministranz1.jpg\",\"keywords\":[\"MEJOR PREVENIR QUE CURAR\"],\"articleSection\":[\"C1 nota 7\"],\"inLanguage\":\"es\"},{\"@type\":\"WebPage\",\"@id\":\"https:\/\/infoecos.com.ar\/index.php\/coronavirus-confinamiento-por-tres-dias-y-siete-dias-para-habitantes-de-nueva-zelanda\/\",\"url\":\"https:\/\/infoecos.com.ar\/index.php\/coronavirus-confinamiento-por-tres-dias-y-siete-dias-para-habitantes-de-nueva-zelanda\/\",\"name\":\"Coronavirus: confinamiento por tres y siete d\u00edas para habitantes de Nueva Zelanda - Infoecos\",\"isPartOf\":{\"@id\":\"https:\/\/infoecos.com.ar\/#website\"},\"primaryImageOfPage\":{\"@id\":\"https:\/\/infoecos.com.ar\/index.php\/coronavirus-confinamiento-por-tres-dias-y-siete-dias-para-habitantes-de-nueva-zelanda\/#primaryimage\"},\"image\":{\"@id\":\"https:\/\/infoecos.com.ar\/index.php\/coronavirus-confinamiento-por-tres-dias-y-siete-dias-para-habitantes-de-nueva-zelanda\/#primaryimage\"},\"thumbnailUrl\":\"https:\/\/infoecos.com.ar\/wp-content\/uploads\/2021\/08\/primeraministranz1.jpg\",\"datePublished\":\"2021-08-17T09:45:41+00:00\",\"dateModified\":\"2021-08-17T10:00:40+00:00\",\"breadcrumb\":{\"@id\":\"https:\/\/infoecos.com.ar\/index.php\/coronavirus-confinamiento-por-tres-dias-y-siete-dias-para-habitantes-de-nueva-zelanda\/#breadcrumb\"},\"inLanguage\":\"es\",\"potentialAction\":[{\"@type\":\"ReadAction\",\"target\":[\"https:\/\/infoecos.com.ar\/index.php\/coronavirus-confinamiento-por-tres-dias-y-siete-dias-para-habitantes-de-nueva-zelanda\/\"]}]},{\"@type\":\"ImageObject\",\"inLanguage\":\"es\",\"@id\":\"https:\/\/infoecos.com.ar\/index.php\/coronavirus-confinamiento-por-tres-dias-y-siete-dias-para-habitantes-de-nueva-zelanda\/#primaryimage\",\"url\":\"https:\/\/infoecos.com.ar\/wp-content\/uploads\/2021\/08\/primeraministranz1.jpg\",\"contentUrl\":\"https:\/\/infoecos.com.ar\/wp-content\/uploads\/2021\/08\/primeraministranz1.jpg\",\"width\":990,\"height\":660},{\"@type\":\"BreadcrumbList\",\"@id\":\"https:\/\/infoecos.com.ar\/index.php\/coronavirus-confinamiento-por-tres-dias-y-siete-dias-para-habitantes-de-nueva-zelanda\/#breadcrumb\",\"itemListElement\":[{\"@type\":\"ListItem\",\"position\":1,\"name\":\"Portada\",\"item\":\"https:\/\/infoecos.com.ar\/\"},{\"@type\":\"ListItem\",\"position\":2,\"name\":\"Coronavirus: confinamiento por tres y siete d\u00edas para habitantes de Nueva Zelanda\"}]},{\"@type\":\"WebSite\",\"@id\":\"https:\/\/infoecos.com.ar\/#website\",\"url\":\"https:\/\/infoecos.com.ar\/\",\"name\":\"Infoecos\",\"description\":\"Noticias de trenque lauquen y la zona\",\"publisher\":{\"@id\":\"https:\/\/infoecos.com.ar\/#organization\"},\"alternateName\":\"Noticias\",\"potentialAction\":[{\"@type\":\"SearchAction\",\"target\":{\"@type\":\"EntryPoint\",\"urlTemplate\":\"https:\/\/infoecos.com.ar\/?s={search_term_string}\"},\"query-input\":{\"@type\":\"PropertyValueSpecification\",\"valueRequired\":true,\"valueName\":\"search_term_string\"}}],\"inLanguage\":\"es\"},{\"@type\":\"Organization\",\"@id\":\"https:\/\/infoecos.com.ar\/#organization\",\"name\":\"Infoecos\",\"alternateName\":\"Noticias\",\"url\":\"https:\/\/infoecos.com.ar\/\",\"logo\":{\"@type\":\"ImageObject\",\"inLanguage\":\"es\",\"@id\":\"https:\/\/infoecos.com.ar\/#\/schema\/logo\/image\/\",\"url\":\"https:\/\/infoecos.com.ar\/wp-content\/uploads\/2024\/03\/cropped-logo.png\",\"contentUrl\":\"https:\/\/infoecos.com.ar\/wp-content\/uploads\/2024\/03\/cropped-logo.png\",\"width\":374,\"height\":90,\"caption\":\"Infoecos\"},\"image\":{\"@id\":\"https:\/\/infoecos.com.ar\/#\/schema\/logo\/image\/\"},\"sameAs\":[\"https:\/\/www.facebook.com\/profile.php?id=100063200290284\",\"https:\/\/x.com\/infoecos\"]},{\"@type\":\"Person\",\"@id\":\"https:\/\/infoecos.com.ar\/#\/schema\/person\/8f5ace5ce73b4b4aac4b7245aee6f191\",\"name\":\"Jorge Matheus\",\"url\":\"https:\/\/infoecos.com.ar\/index.php\/author\/jomatheus\/\"}]}<\/script>\n<!-- \/ Yoast SEO plugin. -->","yoast_head_json":{"title":"Coronavirus: confinamiento por tres y siete d\u00edas para habitantes de Nueva Zelanda - Infoecos","robots":{"index":"index","follow":"follow","max-snippet":"max-snippet:-1","max-image-preview":"max-image-preview:large","max-video-preview":"max-video-preview:-1"},"canonical":"https:\/\/infoecos.com.ar\/index.php\/coronavirus-confinamiento-por-tres-dias-y-siete-dias-para-habitantes-de-nueva-zelanda\/","og_locale":"es_ES","og_type":"article","og_title":"Coronavirus: confinamiento por tres y siete d\u00edas para habitantes de Nueva Zelanda - Infoecos","og_description":"\"Tenemos solo una oportunidad. Necesitamos ir con fuerza y temprano para detener las transmisiones\", manifest\u00f3 ante los periodistas en Wellington Ardern","og_url":"https:\/\/infoecos.com.ar\/index.php\/coronavirus-confinamiento-por-tres-dias-y-siete-dias-para-habitantes-de-nueva-zelanda\/","og_site_name":"Infoecos","article_publisher":"https:\/\/www.facebook.com\/profile.php?id=100063200290284","article_published_time":"2021-08-17T09:45:41+00:00","article_modified_time":"2021-08-17T10:00:40+00:00","og_image":[{"width":990,"height":660,"url":"https:\/\/infoecos.com.ar\/wp-content\/uploads\/2021\/08\/primeraministranz1.jpg","type":"image\/jpeg"}],"author":"Jorge Matheus","twitter_card":"summary_large_image","twitter_creator":"@infoecos","twitter_site":"@infoecos","twitter_misc":{"Escrito por":"Jorge Matheus","Tiempo de lectura":"1 minuto"},"schema":{"@context":"https:\/\/schema.org","@graph":[{"@type":"Article","@id":"https:\/\/infoecos.com.ar\/index.php\/coronavirus-confinamiento-por-tres-dias-y-siete-dias-para-habitantes-de-nueva-zelanda\/#article","isPartOf":{"@id":"https:\/\/infoecos.com.ar\/index.php\/coronavirus-confinamiento-por-tres-dias-y-siete-dias-para-habitantes-de-nueva-zelanda\/"},"author":{"name":"Jorge Matheus","@id":"https:\/\/infoecos.com.ar\/#\/schema\/person\/8f5ace5ce73b4b4aac4b7245aee6f191"},"headline":"Coronavirus: confinamiento por tres y siete d\u00edas para habitantes de Nueva Zelanda","datePublished":"2021-08-17T09:45:41+00:00","dateModified":"2021-08-17T10:00:40+00:00","mainEntityOfPage":{"@id":"https:\/\/infoecos.com.ar\/index.php\/coronavirus-confinamiento-por-tres-dias-y-siete-dias-para-habitantes-de-nueva-zelanda\/"},"wordCount":268,"publisher":{"@id":"https:\/\/infoecos.com.ar\/#organization"},"image":{"@id":"https:\/\/infoecos.com.ar\/index.php\/coronavirus-confinamiento-por-tres-dias-y-siete-dias-para-habitantes-de-nueva-zelanda\/#primaryimage"},"thumbnailUrl":"https:\/\/infoecos.com.ar\/wp-content\/uploads\/2021\/08\/primeraministranz1.jpg","keywords":["MEJOR PREVENIR QUE CURAR"],"articleSection":["C1 nota 7"],"inLanguage":"es"},{"@type":"WebPage","@id":"https:\/\/infoecos.com.ar\/index.php\/coronavirus-confinamiento-por-tres-dias-y-siete-dias-para-habitantes-de-nueva-zelanda\/","url":"https:\/\/infoecos.com.ar\/index.php\/coronavirus-confinamiento-por-tres-dias-y-siete-dias-para-habitantes-de-nueva-zelanda\/","name":"Coronavirus: confinamiento por tres y siete d\u00edas para habitantes de Nueva Zelanda - Infoecos","isPartOf":{"@id":"https:\/\/infoecos.com.ar\/#website"},"primaryImageOfPage":{"@id":"https:\/\/infoecos.com.ar\/index.php\/coronavirus-confinamiento-por-tres-dias-y-siete-dias-para-habitantes-de-nueva-zelanda\/#primaryimage"},"image":{"@id":"https:\/\/infoecos.com.ar\/index.php\/coronavirus-confinamiento-por-tres-dias-y-siete-dias-para-habitantes-de-nueva-zelanda\/#primaryimage"},"thumbnailUrl":"https:\/\/infoecos.com.ar\/wp-content\/uploads\/2021\/08\/primeraministranz1.jpg","datePublished":"2021-08-17T09:45:41+00:00","dateModified":"2021-08-17T10:00:40+00:00","breadcrumb":{"@id":"https:\/\/infoecos.com.ar\/index.php\/coronavirus-confinamiento-por-tres-dias-y-siete-dias-para-habitantes-de-nueva-zelanda\/#breadcrumb"},"inLanguage":"es","potentialAction":[{"@type":"ReadAction","target":["https:\/\/infoecos.com.ar\/index.php\/coronavirus-confinamiento-por-tres-dias-y-siete-dias-para-habitantes-de-nueva-zelanda\/"]}]},{"@type":"ImageObject","inLanguage":"es","@id":"https:\/\/infoecos.com.ar\/index.php\/coronavirus-confinamiento-por-tres-dias-y-siete-dias-para-habitantes-de-nueva-zelanda\/#primaryimage","url":"https:\/\/infoecos.com.ar\/wp-content\/uploads\/2021\/08\/primeraministranz1.jpg","contentUrl":"https:\/\/infoecos.com.ar\/wp-content\/uploads\/2021\/08\/primeraministranz1.jpg","width":990,"height":660},{"@type":"BreadcrumbList","@id":"https:\/\/infoecos.com.ar\/index.php\/coronavirus-confinamiento-por-tres-dias-y-siete-dias-para-habitantes-de-nueva-zelanda\/#breadcrumb","itemListElement":[{"@type":"ListItem","position":1,"name":"Portada","item":"https:\/\/infoecos.com.ar\/"},{"@type":"ListItem","position":2,"name":"Coronavirus: confinamiento por tres y siete d\u00edas para habitantes de Nueva Zelanda"}]},{"@type":"WebSite","@id":"https:\/\/infoecos.com.ar\/#website","url":"https:\/\/infoecos.com.ar\/","name":"Infoecos","description":"Noticias de trenque lauquen y la zona","publisher":{"@id":"https:\/\/infoecos.com.ar\/#organization"},"alternateName":"Noticias","potentialAction":[{"@type":"SearchAction","target":{"@type":"EntryPoint","urlTemplate":"https:\/\/infoecos.com.ar\/?s={search_term_string}"},"query-input":{"@type":"PropertyValueSpecification","valueRequired":true,"valueName":"search_term_string"}}],"inLanguage":"es"},{"@type":"Organization","@id":"https:\/\/infoecos.com.ar\/#organization","name":"Infoecos","alternateName":"Noticias","url":"https:\/\/infoecos.com.ar\/","logo":{"@type":"ImageObject","inLanguage":"es","@id":"https:\/\/infoecos.com.ar\/#\/schema\/logo\/image\/","url":"https:\/\/infoecos.com.ar\/wp-content\/uploads\/2024\/03\/cropped-logo.png","contentUrl":"https:\/\/infoecos.com.ar\/wp-content\/uploads\/2024\/03\/cropped-logo.png","width":374,"height":90,"caption":"Infoecos"},"image":{"@id":"https:\/\/infoecos.com.ar\/#\/schema\/logo\/image\/"},"sameAs":["https:\/\/www.facebook.com\/profile.php?id=100063200290284","https:\/\/x.com\/infoecos"]},{"@type":"Person","@id":"https:\/\/infoecos.com.ar\/#\/schema\/person\/8f5ace5ce73b4b4aac4b7245aee6f191","name":"Jorge Matheus","url":"https:\/\/infoecos.com.ar\/index.php\/author\/jomatheus\/"}]}},"featured_image_urls":{"full":["https:\/\/infoecos.com.ar\/wp-content\/uploads\/2021\/08\/primeraministranz1.jpg",990,660,false],"thumbnail":["https:\/\/infoecos.com.ar\/wp-content\/uploads\/2021\/08\/primeraministranz1-150x150.jpg",150,150,true],"medium":["https:\/\/infoecos.com.ar\/wp-content\/uploads\/2021\/08\/primeraministranz1-460x307.jpg",460,307,true],"medium_large":["https:\/\/infoecos.com.ar\/wp-content\/uploads\/2021\/08\/primeraministranz1-768x512.jpg",640,427,true],"large":["https:\/\/infoecos.com.ar\/wp-content\/uploads\/2021\/08\/primeraministranz1-920x613.jpg",640,426,true],"1536x1536":["https:\/\/infoecos.com.ar\/wp-content\/uploads\/2021\/08\/primeraministranz1.jpg",990,660,false],"2048x2048":["https:\/\/infoecos.com.ar\/wp-content\/uploads\/2021\/08\/primeraministranz1.jpg",990,660,false],"covernews-slider-full":["https:\/\/infoecos.com.ar\/wp-content\/uploads\/2021\/08\/primeraministranz1.jpg",990,660,false],"covernews-slider-center":["https:\/\/infoecos.com.ar\/wp-content\/uploads\/2021\/08\/primeraministranz1-936x660.jpg",709,500,true],"covernews-featured":["https:\/\/infoecos.com.ar\/wp-content\/uploads\/2021\/08\/primeraministranz1.jpg",990,660,false],"covernews-medium":["https:\/\/infoecos.com.ar\/wp-content\/uploads\/2021\/08\/primeraministranz1-720x380.jpg",540,285,true],"covernews-medium-square":["https:\/\/infoecos.com.ar\/wp-content\/uploads\/2021\/08\/primeraministranz1-675x450.jpg",375,250,true]},"author_info":{"info":["Jorge Matheus"]},"category_info":"<a href=\"https:\/\/infoecos.com.ar\/index.php\/category\/c1nota7\/\" rel=\"category tag\">C1 nota 7<\/a>","tag_info":"C1 nota 7","comment_count":"0","_links":{"self":[{"href":"https:\/\/infoecos.com.ar\/index.php\/wp-json\/wp\/v2\/posts\/83485"}],"collection":[{"href":"https:\/\/infoecos.com.ar\/index.php\/wp-json\/wp\/v2\/posts"}],"about":[{"href":"https:\/\/infoecos.com.ar\/index.php\/wp-json\/wp\/v2\/types\/post"}],"author":[{"embeddable":true,"href":"https:\/\/infoecos.com.ar\/index.php\/wp-json\/wp\/v2\/users\/2"}],"replies":[{"embeddable":true,"href":"https:\/\/infoecos.com.ar\/index.php\/wp-json\/wp\/v2\/comments?post=83485"}],"version-history":[{"count":2,"href":"https:\/\/infoecos.com.ar\/index.php\/wp-json\/wp\/v2\/posts\/83485\/revisions"}],"predecessor-version":[{"id":83491,"href":"https:\/\/infoecos.com.ar\/index.php\/wp-json\/wp\/v2\/posts\/83485\/revisions\/83491"}],"wp:featuredmedia":[{"embeddable":true,"href":"https:\/\/infoecos.com.ar\/index.php\/wp-json\/wp\/v2\/media\/83487"}],"wp:attachment":[{"href":"https:\/\/infoecos.com.ar\/index.php\/wp-json\/wp\/v2\/media?parent=83485"}],"wp:term":[{"taxonomy":"category","embeddable":true,"href":"https:\/\/infoecos.com.ar\/index.php\/wp-json\/wp\/v2\/categories?post=83485"},{"taxonomy":"post_tag","embeddable":true,"href":"https:\/\/infoecos.com.ar\/index.php\/wp-json\/wp\/v2\/tags?post=83485"}],"curies":[{"name":"wp","href":"https:\/\/api.w.org\/{rel}","templated":true}]}}