{"id":83541,"date":"2021-08-17T20:22:00","date_gmt":"2021-08-17T23:22:00","guid":{"rendered":"http:\/\/infoecos.com.ar\/?p=83541"},"modified":"2021-08-19T05:22:47","modified_gmt":"2021-08-19T08:22:47","slug":"desde-este-miercoles-se-permitira-la-realizacion-de-eventos-hasta-1-000-personas-exigiendo-esten-vacunadas","status":"publish","type":"post","link":"https:\/\/infoecos.com.ar\/index.php\/desde-este-miercoles-se-permitira-la-realizacion-de-eventos-hasta-1-000-personas-exigiendo-esten-vacunadas\/","title":{"rendered":"Desde este mi\u00e9rcoles se permitir\u00e1 la realizaci\u00f3n de eventos hasta 1.000 personas, exigiendo est\u00e9n vacunadas"},"content":{"rendered":"\n<p>El jefe de Gabinete de Ministros de la Provincia, Carlos Bianco, y el ministro de Salud, Nicol\u00e1s Kreplak, brindaron este martes una conferencia de prensa sobre la situaci\u00f3n epidemiol\u00f3gica y sanitaria y las medidas adoptadas por el Gobierno provincial para la gesti\u00f3n de la pandemia en el territorio bonaerense.<\/p>\n\n\n\n<div class=\"wp-block-image is-style-default\"><figure class=\"aligncenter size-medium\"><img loading=\"lazy\" decoding=\"async\" width=\"460\" height=\"259\" src=\"http:\/\/infoecos.com.ar\/wp-content\/uploads\/2021\/08\/1b-1-460x259.jpg\" alt=\"\" class=\"wp-image-83542\" srcset=\"https:\/\/infoecos.com.ar\/wp-content\/uploads\/2021\/08\/1b-1-460x259.jpg 460w, https:\/\/infoecos.com.ar\/wp-content\/uploads\/2021\/08\/1b-1-920x518.jpg 920w, https:\/\/infoecos.com.ar\/wp-content\/uploads\/2021\/08\/1b-1-768x432.jpg 768w, https:\/\/infoecos.com.ar\/wp-content\/uploads\/2021\/08\/1b-1-1536x864.jpg 1536w, https:\/\/infoecos.com.ar\/wp-content\/uploads\/2021\/08\/1b-1-1024x576.jpg 1024w, https:\/\/infoecos.com.ar\/wp-content\/uploads\/2021\/08\/1b-1.jpg 1920w\" sizes=\"(max-width: 460px) 100vw, 460px\" \/><\/figure><\/div>\n\n\n\n<p>\u201cEs la semana con menos casos en el a\u00f1o\u201d, afirm\u00f3 el ministro Kreplak desde el Sal\u00f3n Dorado de la Gobernaci\u00f3n y agreg\u00f3 que la cifra se ubica \u201cpor debajo del piso desde el que comenz\u00f3 la segunda ola\u201d. En la \u00faltima semana se registr\u00f3 un promedio diario de 2.247 contagios, frente a los 12.008 del pico de mayo, lo que significa una ca\u00edda del 81%. Con respecto a la variante Delta, el Ministro explic\u00f3 que hasta el momento se han detectado 44 casos: 42 de ellos corresponden a viajeros internacionales y dos est\u00e1n vinculados a la importaci\u00f3n. No se ha comprobado hasta el momento circulaci\u00f3n comunitaria.<br><br>Kreplak destac\u00f3 que sigue en descenso el nivel de ocupaci\u00f3n de camas de terapia intensiva: de las 4.949 disponibles, 2.567 est\u00e1n ocupadas (un 52%), 786 de ellas por pacientes de COVID-19 (esto es, un 30% de las camas ocupadas corresponden a personas convalecientes de la enfermedad).&nbsp;<\/p>\n\n\n\n<div class=\"wp-block-image is-style-default\"><figure class=\"aligncenter size-medium\"><img loading=\"lazy\" decoding=\"async\" width=\"460\" height=\"259\" src=\"http:\/\/infoecos.com.ar\/wp-content\/uploads\/2021\/08\/3-1-2-460x259.jpg\" alt=\"\" class=\"wp-image-83543\" srcset=\"https:\/\/infoecos.com.ar\/wp-content\/uploads\/2021\/08\/3-1-2-460x259.jpg 460w, https:\/\/infoecos.com.ar\/wp-content\/uploads\/2021\/08\/3-1-2-920x518.jpg 920w, https:\/\/infoecos.com.ar\/wp-content\/uploads\/2021\/08\/3-1-2-768x432.jpg 768w, https:\/\/infoecos.com.ar\/wp-content\/uploads\/2021\/08\/3-1-2-1536x864.jpg 1536w, https:\/\/infoecos.com.ar\/wp-content\/uploads\/2021\/08\/3-1-2-1024x576.jpg 1024w, https:\/\/infoecos.com.ar\/wp-content\/uploads\/2021\/08\/3-1-2.jpg 1920w\" sizes=\"(max-width: 460px) 100vw, 460px\" \/><\/figure><\/div>\n\n\n\n<p>Asimismo, el Ministro remarc\u00f3 el descenso de la cantidad de fallecimientos asociado al avance del plan Buenos Aires Vacunate: \u201cA medida que empezamos a aumentar la vacunaci\u00f3n, descendieron los casos y los fallecimientos\u201d. En la \u00faltima semana, la cifra de personas fallecidas fue de 333, una ca\u00edda del 74% respecto del m\u00e1ximo alcanzado en junio. Kreplak a\u00f1adi\u00f3 que \u201ces importante que todos y todas se vacunen para consolidar la ca\u00edda de casos\u201d. Para reforzar la llegada de la vacunaci\u00f3n a todos los sectores de la poblaci\u00f3n, a partir de ma\u00f1ana comenzar\u00e1n a funcionar colectivos como vacunatorios m\u00f3viles para realizar una b\u00fasqueda activa casa por casa en barrios populares y zonas rurales. \u201cEstamos en las puertas de poder comenzar la vacunaci\u00f3n de la poblaci\u00f3n general de chicos y chicas\u201d, finaliz\u00f3 el Ministro.&nbsp;<br><br>Por su parte, Carlos Bianco explic\u00f3 que desde este mi\u00e9rcoles entrar\u00e1 en vigencia la reglamentaci\u00f3n sobre la realizaci\u00f3n de eventos de hasta mil personas en espacios abiertos y cerrados. El protocolo que se ha establecido determina la obligatoriedad de controlar los s\u00edntomas y la temperatura de las personas asistentes en el ingreso, delimitar el espacio habilitado para las actividades, usar barbijo, observar el distanciamiento de dos metros, mantener la ventilaci\u00f3n cruzada cuando se trate de lugares cerrados, higienizar permanentemente todos los espacios comunes y evitar aglomeraciones en la entrada y salida. Adem\u00e1s, el protocolo contiene la recomendaci\u00f3n de que todas las personas asistentes est\u00e9n vacunadas.&nbsp;<br><\/p>\n\n\n\n<div class=\"wp-block-image is-style-default\"><figure class=\"aligncenter size-medium\"><img loading=\"lazy\" decoding=\"async\" width=\"460\" height=\"259\" src=\"http:\/\/infoecos.com.ar\/wp-content\/uploads\/2021\/08\/2-1-2-460x259.jpg\" alt=\"\" class=\"wp-image-83544\" srcset=\"https:\/\/infoecos.com.ar\/wp-content\/uploads\/2021\/08\/2-1-2-460x259.jpg 460w, https:\/\/infoecos.com.ar\/wp-content\/uploads\/2021\/08\/2-1-2-920x518.jpg 920w, https:\/\/infoecos.com.ar\/wp-content\/uploads\/2021\/08\/2-1-2-768x432.jpg 768w, https:\/\/infoecos.com.ar\/wp-content\/uploads\/2021\/08\/2-1-2-1536x864.jpg 1536w, https:\/\/infoecos.com.ar\/wp-content\/uploads\/2021\/08\/2-1-2-1024x576.jpg 1024w, https:\/\/infoecos.com.ar\/wp-content\/uploads\/2021\/08\/2-1-2.jpg 1920w\" sizes=\"(max-width: 460px) 100vw, 460px\" \/><\/figure><\/div>\n\n\n\n<p>Bianco aclar\u00f3 que la reglamentaci\u00f3n no aplica a eventos deportivos, para los que por el momento no est\u00e1 habilitada la presencia de p\u00fablico, a la espera de la reglamentaci\u00f3n por parte del Gobierno nacional. Asimismo, se\u00f1al\u00f3 que \u201cpor la consulta y el pedido de muchos intendentes, fundamentalmente del interior pero tambi\u00e9n del Conurbano\u201d, a partir del mi\u00e9rcoles se estableci\u00f3 un horario de cierre de la nocturnidad a las 3 de la ma\u00f1ana en toda la provincia. \u201cSi alg\u00fan distrito en particular quiere hacer una extensi\u00f3n de ese horario lo va a tener que solicitar a la Provincia y presentar un protocolo explicando c\u00f3mo se van a fiscalizar las actividades despu\u00e9s de ese horario, que ser\u00e1 analizado con los expertos y funcionarios del Ministerio de Salud\u201d, indic\u00f3 Bianco.<\/p>\n\n\n\n<div class=\"wp-block-image is-style-default\"><figure class=\"aligncenter size-medium\"><img loading=\"lazy\" decoding=\"async\" width=\"460\" height=\"259\" src=\"http:\/\/infoecos.com.ar\/wp-content\/uploads\/2021\/08\/4-1-460x259.jpg\" alt=\"\" class=\"wp-image-83545\" srcset=\"https:\/\/infoecos.com.ar\/wp-content\/uploads\/2021\/08\/4-1-460x259.jpg 460w, https:\/\/infoecos.com.ar\/wp-content\/uploads\/2021\/08\/4-1-920x518.jpg 920w, https:\/\/infoecos.com.ar\/wp-content\/uploads\/2021\/08\/4-1-768x432.jpg 768w, https:\/\/infoecos.com.ar\/wp-content\/uploads\/2021\/08\/4-1-1536x864.jpg 1536w, https:\/\/infoecos.com.ar\/wp-content\/uploads\/2021\/08\/4-1-1024x576.jpg 1024w, https:\/\/infoecos.com.ar\/wp-content\/uploads\/2021\/08\/4-1.jpg 1920w\" sizes=\"(max-width: 460px) 100vw, 460px\" \/><\/figure><\/div>\n\n\n\n<p>Asimismo, el Jefe de Gabinete afirm\u00f3 que se siguen realizando controles para verificar que las y los bonaerenses que viajaron al exterior despu\u00e9s del 1\u00b0 de julio cumplan con las medidas de aislamiento mixto en hoteles y en sus domicilios. Bianco se\u00f1al\u00f3 que desde esa fecha salieron del pa\u00eds 20.338 bonaerenses, de los cuales volvieron 4.320. De ellos, 3.183 cumplieron o est\u00e1n cumpliendo el aislamiento mixto, a 629 personas no se las ha podido ubicar en los hoteles que declararon que utilizar\u00edan para su aislamiento y, por tanto, se ha pasado a la fiscalizaci\u00f3n presencial, y se est\u00e1n haciendo llamados telef\u00f3nicos a 171 bonaerenses llegados recientemente. Por otro lado, hay 337 personas que se constatado que no respetaron el aislamiento, y en estos casos \u201chemos labrado actas, se han realizado las denuncias penales correspondientes y se ha avanzado en la aplicaci\u00f3n de multas por no cumplir con la normativa sanitaria\u201d, concluy\u00f3 Bianco.&nbsp;<\/p>\n","protected":false},"excerpt":{"rendered":"<p>Carlos Bianco explic\u00f3 que desde este mi\u00e9rcoles entrar\u00e1 en vigencia la reglamentaci\u00f3n sobre la realizaci\u00f3n de eventos de hasta mil personas en espacios abiertos y cerrados. El protocolo que se ha establecido determina la obligatoriedad de controlar los s\u00edntomas y la temperatura de las personas asistentes en el ingreso, delimitar el espacio habilitado para las actividades, usar barbijo, observar el distanciamiento de dos metros, mantener la ventilaci\u00f3n cruzada cuando se trate de lugares cerrados, higienizar permanentemente todos los espacios comunes y evitar aglomeraciones en la entrada y salida. Adem\u00e1s, el protocolo contiene la recomendaci\u00f3n de que todas las personas asistentes est\u00e9n vacunadas\u00bb<\/p>\n","protected":false},"author":2,"featured_media":83542,"comment_status":"closed","ping_status":"open","sticky":false,"template":"","format":"standard","meta":{"footnotes":""},"categories":[1643],"tags":[4737],"class_list":["post-83541","post","type-post","status-publish","format-standard","has-post-thumbnail","hentry","category-inferior16","tag-con-cierre-de-la-nocturnidad-a-las-3-de-la-madrugada"],"yoast_head":"<!-- This site is optimized with the Yoast SEO plugin v23.4 - https:\/\/yoast.com\/wordpress\/plugins\/seo\/ -->\n<title>Desde este mi\u00e9rcoles se permitir\u00e1 la realizaci\u00f3n de eventos hasta 1.000 personas, exigiendo est\u00e9n vacunadas - Infoecos<\/title>\n<meta name=\"robots\" content=\"index, follow, max-snippet:-1, max-image-preview:large, max-video-preview:-1\" \/>\n<link rel=\"canonical\" href=\"https:\/\/infoecos.com.ar\/index.php\/desde-este-miercoles-se-permitira-la-realizacion-de-eventos-hasta-1-000-personas-exigiendo-esten-vacunadas\/\" \/>\n<meta property=\"og:locale\" content=\"es_ES\" \/>\n<meta property=\"og:type\" content=\"article\" \/>\n<meta property=\"og:title\" content=\"Desde este mi\u00e9rcoles se permitir\u00e1 la realizaci\u00f3n de eventos hasta 1.000 personas, exigiendo est\u00e9n vacunadas - Infoecos\" \/>\n<meta property=\"og:description\" content=\"Carlos Bianco explic\u00f3 que desde este mi\u00e9rcoles entrar\u00e1 en vigencia la reglamentaci\u00f3n sobre la realizaci\u00f3n de eventos de hasta mil personas en espacios abiertos y cerrados. El protocolo que se ha establecido determina la obligatoriedad de controlar los s\u00edntomas y la temperatura de las personas asistentes en el ingreso, delimitar el espacio habilitado para las actividades, usar barbijo, observar el distanciamiento de dos metros, mantener la ventilaci\u00f3n cruzada cuando se trate de lugares cerrados, higienizar permanentemente todos los espacios comunes y evitar aglomeraciones en la entrada y salida. Adem\u00e1s, el protocolo contiene la recomendaci\u00f3n de que todas las personas asistentes est\u00e9n vacunadas&quot;\" \/>\n<meta property=\"og:url\" content=\"https:\/\/infoecos.com.ar\/index.php\/desde-este-miercoles-se-permitira-la-realizacion-de-eventos-hasta-1-000-personas-exigiendo-esten-vacunadas\/\" \/>\n<meta property=\"og:site_name\" content=\"Infoecos\" \/>\n<meta property=\"article:publisher\" content=\"https:\/\/www.facebook.com\/profile.php?id=100063200290284\" \/>\n<meta property=\"article:published_time\" content=\"2021-08-17T23:22:00+00:00\" \/>\n<meta property=\"article:modified_time\" content=\"2021-08-19T08:22:47+00:00\" \/>\n<meta property=\"og:image\" content=\"https:\/\/infoecos.com.ar\/wp-content\/uploads\/2021\/08\/1b-1.jpg\" \/>\n\t<meta property=\"og:image:width\" content=\"1920\" \/>\n\t<meta property=\"og:image:height\" content=\"1080\" \/>\n\t<meta property=\"og:image:type\" content=\"image\/jpeg\" \/>\n<meta name=\"author\" content=\"Jorge Matheus\" \/>\n<meta name=\"twitter:card\" content=\"summary_large_image\" \/>\n<meta name=\"twitter:creator\" content=\"@infoecos\" \/>\n<meta name=\"twitter:site\" content=\"@infoecos\" \/>\n<meta name=\"twitter:label1\" content=\"Escrito por\" \/>\n\t<meta name=\"twitter:data1\" content=\"Jorge Matheus\" \/>\n\t<meta name=\"twitter:label2\" content=\"Tiempo de lectura\" \/>\n\t<meta name=\"twitter:data2\" content=\"4 minutos\" \/>\n<script type=\"application\/ld+json\" class=\"yoast-schema-graph\">{\"@context\":\"https:\/\/schema.org\",\"@graph\":[{\"@type\":\"Article\",\"@id\":\"https:\/\/infoecos.com.ar\/index.php\/desde-este-miercoles-se-permitira-la-realizacion-de-eventos-hasta-1-000-personas-exigiendo-esten-vacunadas\/#article\",\"isPartOf\":{\"@id\":\"https:\/\/infoecos.com.ar\/index.php\/desde-este-miercoles-se-permitira-la-realizacion-de-eventos-hasta-1-000-personas-exigiendo-esten-vacunadas\/\"},\"author\":{\"name\":\"Jorge Matheus\",\"@id\":\"https:\/\/infoecos.com.ar\/#\/schema\/person\/8f5ace5ce73b4b4aac4b7245aee6f191\"},\"headline\":\"Desde este mi\u00e9rcoles se permitir\u00e1 la realizaci\u00f3n de eventos hasta 1.000 personas, exigiendo est\u00e9n vacunadas\",\"datePublished\":\"2021-08-17T23:22:00+00:00\",\"dateModified\":\"2021-08-19T08:22:47+00:00\",\"mainEntityOfPage\":{\"@id\":\"https:\/\/infoecos.com.ar\/index.php\/desde-este-miercoles-se-permitira-la-realizacion-de-eventos-hasta-1-000-personas-exigiendo-esten-vacunadas\/\"},\"wordCount\":771,\"publisher\":{\"@id\":\"https:\/\/infoecos.com.ar\/#organization\"},\"image\":{\"@id\":\"https:\/\/infoecos.com.ar\/index.php\/desde-este-miercoles-se-permitira-la-realizacion-de-eventos-hasta-1-000-personas-exigiendo-esten-vacunadas\/#primaryimage\"},\"thumbnailUrl\":\"https:\/\/infoecos.com.ar\/wp-content\/uploads\/2021\/08\/1b-1.jpg\",\"keywords\":[\"CON CIERRE DE LA NOCTURNIDAD A LAS 3 DE LA MADRUGADA\"],\"articleSection\":[\"Bloque inferior - 16\"],\"inLanguage\":\"es\"},{\"@type\":\"WebPage\",\"@id\":\"https:\/\/infoecos.com.ar\/index.php\/desde-este-miercoles-se-permitira-la-realizacion-de-eventos-hasta-1-000-personas-exigiendo-esten-vacunadas\/\",\"url\":\"https:\/\/infoecos.com.ar\/index.php\/desde-este-miercoles-se-permitira-la-realizacion-de-eventos-hasta-1-000-personas-exigiendo-esten-vacunadas\/\",\"name\":\"Desde este mi\u00e9rcoles se permitir\u00e1 la realizaci\u00f3n de eventos hasta 1.000 personas, exigiendo est\u00e9n vacunadas - Infoecos\",\"isPartOf\":{\"@id\":\"https:\/\/infoecos.com.ar\/#website\"},\"primaryImageOfPage\":{\"@id\":\"https:\/\/infoecos.com.ar\/index.php\/desde-este-miercoles-se-permitira-la-realizacion-de-eventos-hasta-1-000-personas-exigiendo-esten-vacunadas\/#primaryimage\"},\"image\":{\"@id\":\"https:\/\/infoecos.com.ar\/index.php\/desde-este-miercoles-se-permitira-la-realizacion-de-eventos-hasta-1-000-personas-exigiendo-esten-vacunadas\/#primaryimage\"},\"thumbnailUrl\":\"https:\/\/infoecos.com.ar\/wp-content\/uploads\/2021\/08\/1b-1.jpg\",\"datePublished\":\"2021-08-17T23:22:00+00:00\",\"dateModified\":\"2021-08-19T08:22:47+00:00\",\"breadcrumb\":{\"@id\":\"https:\/\/infoecos.com.ar\/index.php\/desde-este-miercoles-se-permitira-la-realizacion-de-eventos-hasta-1-000-personas-exigiendo-esten-vacunadas\/#breadcrumb\"},\"inLanguage\":\"es\",\"potentialAction\":[{\"@type\":\"ReadAction\",\"target\":[\"https:\/\/infoecos.com.ar\/index.php\/desde-este-miercoles-se-permitira-la-realizacion-de-eventos-hasta-1-000-personas-exigiendo-esten-vacunadas\/\"]}]},{\"@type\":\"ImageObject\",\"inLanguage\":\"es\",\"@id\":\"https:\/\/infoecos.com.ar\/index.php\/desde-este-miercoles-se-permitira-la-realizacion-de-eventos-hasta-1-000-personas-exigiendo-esten-vacunadas\/#primaryimage\",\"url\":\"https:\/\/infoecos.com.ar\/wp-content\/uploads\/2021\/08\/1b-1.jpg\",\"contentUrl\":\"https:\/\/infoecos.com.ar\/wp-content\/uploads\/2021\/08\/1b-1.jpg\",\"width\":1920,\"height\":1080},{\"@type\":\"BreadcrumbList\",\"@id\":\"https:\/\/infoecos.com.ar\/index.php\/desde-este-miercoles-se-permitira-la-realizacion-de-eventos-hasta-1-000-personas-exigiendo-esten-vacunadas\/#breadcrumb\",\"itemListElement\":[{\"@type\":\"ListItem\",\"position\":1,\"name\":\"Portada\",\"item\":\"https:\/\/infoecos.com.ar\/\"},{\"@type\":\"ListItem\",\"position\":2,\"name\":\"Desde este mi\u00e9rcoles se permitir\u00e1 la realizaci\u00f3n de eventos hasta 1.000 personas, exigiendo est\u00e9n vacunadas\"}]},{\"@type\":\"WebSite\",\"@id\":\"https:\/\/infoecos.com.ar\/#website\",\"url\":\"https:\/\/infoecos.com.ar\/\",\"name\":\"Infoecos\",\"description\":\"Noticias de trenque lauquen y la zona\",\"publisher\":{\"@id\":\"https:\/\/infoecos.com.ar\/#organization\"},\"alternateName\":\"Noticias\",\"potentialAction\":[{\"@type\":\"SearchAction\",\"target\":{\"@type\":\"EntryPoint\",\"urlTemplate\":\"https:\/\/infoecos.com.ar\/?s={search_term_string}\"},\"query-input\":{\"@type\":\"PropertyValueSpecification\",\"valueRequired\":true,\"valueName\":\"search_term_string\"}}],\"inLanguage\":\"es\"},{\"@type\":\"Organization\",\"@id\":\"https:\/\/infoecos.com.ar\/#organization\",\"name\":\"Infoecos\",\"alternateName\":\"Noticias\",\"url\":\"https:\/\/infoecos.com.ar\/\",\"logo\":{\"@type\":\"ImageObject\",\"inLanguage\":\"es\",\"@id\":\"https:\/\/infoecos.com.ar\/#\/schema\/logo\/image\/\",\"url\":\"https:\/\/infoecos.com.ar\/wp-content\/uploads\/2024\/03\/cropped-logo.png\",\"contentUrl\":\"https:\/\/infoecos.com.ar\/wp-content\/uploads\/2024\/03\/cropped-logo.png\",\"width\":374,\"height\":90,\"caption\":\"Infoecos\"},\"image\":{\"@id\":\"https:\/\/infoecos.com.ar\/#\/schema\/logo\/image\/\"},\"sameAs\":[\"https:\/\/www.facebook.com\/profile.php?id=100063200290284\",\"https:\/\/x.com\/infoecos\"]},{\"@type\":\"Person\",\"@id\":\"https:\/\/infoecos.com.ar\/#\/schema\/person\/8f5ace5ce73b4b4aac4b7245aee6f191\",\"name\":\"Jorge Matheus\",\"url\":\"https:\/\/infoecos.com.ar\/index.php\/author\/jomatheus\/\"}]}<\/script>\n<!-- \/ Yoast SEO plugin. -->","yoast_head_json":{"title":"Desde este mi\u00e9rcoles se permitir\u00e1 la realizaci\u00f3n de eventos hasta 1.000 personas, exigiendo est\u00e9n vacunadas - Infoecos","robots":{"index":"index","follow":"follow","max-snippet":"max-snippet:-1","max-image-preview":"max-image-preview:large","max-video-preview":"max-video-preview:-1"},"canonical":"https:\/\/infoecos.com.ar\/index.php\/desde-este-miercoles-se-permitira-la-realizacion-de-eventos-hasta-1-000-personas-exigiendo-esten-vacunadas\/","og_locale":"es_ES","og_type":"article","og_title":"Desde este mi\u00e9rcoles se permitir\u00e1 la realizaci\u00f3n de eventos hasta 1.000 personas, exigiendo est\u00e9n vacunadas - Infoecos","og_description":"Carlos Bianco explic\u00f3 que desde este mi\u00e9rcoles entrar\u00e1 en vigencia la reglamentaci\u00f3n sobre la realizaci\u00f3n de eventos de hasta mil personas en espacios abiertos y cerrados. El protocolo que se ha establecido determina la obligatoriedad de controlar los s\u00edntomas y la temperatura de las personas asistentes en el ingreso, delimitar el espacio habilitado para las actividades, usar barbijo, observar el distanciamiento de dos metros, mantener la ventilaci\u00f3n cruzada cuando se trate de lugares cerrados, higienizar permanentemente todos los espacios comunes y evitar aglomeraciones en la entrada y salida. Adem\u00e1s, el protocolo contiene la recomendaci\u00f3n de que todas las personas asistentes est\u00e9n vacunadas\"","og_url":"https:\/\/infoecos.com.ar\/index.php\/desde-este-miercoles-se-permitira-la-realizacion-de-eventos-hasta-1-000-personas-exigiendo-esten-vacunadas\/","og_site_name":"Infoecos","article_publisher":"https:\/\/www.facebook.com\/profile.php?id=100063200290284","article_published_time":"2021-08-17T23:22:00+00:00","article_modified_time":"2021-08-19T08:22:47+00:00","og_image":[{"width":1920,"height":1080,"url":"https:\/\/infoecos.com.ar\/wp-content\/uploads\/2021\/08\/1b-1.jpg","type":"image\/jpeg"}],"author":"Jorge Matheus","twitter_card":"summary_large_image","twitter_creator":"@infoecos","twitter_site":"@infoecos","twitter_misc":{"Escrito por":"Jorge Matheus","Tiempo de lectura":"4 minutos"},"schema":{"@context":"https:\/\/schema.org","@graph":[{"@type":"Article","@id":"https:\/\/infoecos.com.ar\/index.php\/desde-este-miercoles-se-permitira-la-realizacion-de-eventos-hasta-1-000-personas-exigiendo-esten-vacunadas\/#article","isPartOf":{"@id":"https:\/\/infoecos.com.ar\/index.php\/desde-este-miercoles-se-permitira-la-realizacion-de-eventos-hasta-1-000-personas-exigiendo-esten-vacunadas\/"},"author":{"name":"Jorge Matheus","@id":"https:\/\/infoecos.com.ar\/#\/schema\/person\/8f5ace5ce73b4b4aac4b7245aee6f191"},"headline":"Desde este mi\u00e9rcoles se permitir\u00e1 la realizaci\u00f3n de eventos hasta 1.000 personas, exigiendo est\u00e9n vacunadas","datePublished":"2021-08-17T23:22:00+00:00","dateModified":"2021-08-19T08:22:47+00:00","mainEntityOfPage":{"@id":"https:\/\/infoecos.com.ar\/index.php\/desde-este-miercoles-se-permitira-la-realizacion-de-eventos-hasta-1-000-personas-exigiendo-esten-vacunadas\/"},"wordCount":771,"publisher":{"@id":"https:\/\/infoecos.com.ar\/#organization"},"image":{"@id":"https:\/\/infoecos.com.ar\/index.php\/desde-este-miercoles-se-permitira-la-realizacion-de-eventos-hasta-1-000-personas-exigiendo-esten-vacunadas\/#primaryimage"},"thumbnailUrl":"https:\/\/infoecos.com.ar\/wp-content\/uploads\/2021\/08\/1b-1.jpg","keywords":["CON CIERRE DE LA NOCTURNIDAD A LAS 3 DE LA MADRUGADA"],"articleSection":["Bloque inferior - 16"],"inLanguage":"es"},{"@type":"WebPage","@id":"https:\/\/infoecos.com.ar\/index.php\/desde-este-miercoles-se-permitira-la-realizacion-de-eventos-hasta-1-000-personas-exigiendo-esten-vacunadas\/","url":"https:\/\/infoecos.com.ar\/index.php\/desde-este-miercoles-se-permitira-la-realizacion-de-eventos-hasta-1-000-personas-exigiendo-esten-vacunadas\/","name":"Desde este mi\u00e9rcoles se permitir\u00e1 la realizaci\u00f3n de eventos hasta 1.000 personas, exigiendo est\u00e9n vacunadas - Infoecos","isPartOf":{"@id":"https:\/\/infoecos.com.ar\/#website"},"primaryImageOfPage":{"@id":"https:\/\/infoecos.com.ar\/index.php\/desde-este-miercoles-se-permitira-la-realizacion-de-eventos-hasta-1-000-personas-exigiendo-esten-vacunadas\/#primaryimage"},"image":{"@id":"https:\/\/infoecos.com.ar\/index.php\/desde-este-miercoles-se-permitira-la-realizacion-de-eventos-hasta-1-000-personas-exigiendo-esten-vacunadas\/#primaryimage"},"thumbnailUrl":"https:\/\/infoecos.com.ar\/wp-content\/uploads\/2021\/08\/1b-1.jpg","datePublished":"2021-08-17T23:22:00+00:00","dateModified":"2021-08-19T08:22:47+00:00","breadcrumb":{"@id":"https:\/\/infoecos.com.ar\/index.php\/desde-este-miercoles-se-permitira-la-realizacion-de-eventos-hasta-1-000-personas-exigiendo-esten-vacunadas\/#breadcrumb"},"inLanguage":"es","potentialAction":[{"@type":"ReadAction","target":["https:\/\/infoecos.com.ar\/index.php\/desde-este-miercoles-se-permitira-la-realizacion-de-eventos-hasta-1-000-personas-exigiendo-esten-vacunadas\/"]}]},{"@type":"ImageObject","inLanguage":"es","@id":"https:\/\/infoecos.com.ar\/index.php\/desde-este-miercoles-se-permitira-la-realizacion-de-eventos-hasta-1-000-personas-exigiendo-esten-vacunadas\/#primaryimage","url":"https:\/\/infoecos.com.ar\/wp-content\/uploads\/2021\/08\/1b-1.jpg","contentUrl":"https:\/\/infoecos.com.ar\/wp-content\/uploads\/2021\/08\/1b-1.jpg","width":1920,"height":1080},{"@type":"BreadcrumbList","@id":"https:\/\/infoecos.com.ar\/index.php\/desde-este-miercoles-se-permitira-la-realizacion-de-eventos-hasta-1-000-personas-exigiendo-esten-vacunadas\/#breadcrumb","itemListElement":[{"@type":"ListItem","position":1,"name":"Portada","item":"https:\/\/infoecos.com.ar\/"},{"@type":"ListItem","position":2,"name":"Desde este mi\u00e9rcoles se permitir\u00e1 la realizaci\u00f3n de eventos hasta 1.000 personas, exigiendo est\u00e9n vacunadas"}]},{"@type":"WebSite","@id":"https:\/\/infoecos.com.ar\/#website","url":"https:\/\/infoecos.com.ar\/","name":"Infoecos","description":"Noticias de trenque lauquen y la zona","publisher":{"@id":"https:\/\/infoecos.com.ar\/#organization"},"alternateName":"Noticias","potentialAction":[{"@type":"SearchAction","target":{"@type":"EntryPoint","urlTemplate":"https:\/\/infoecos.com.ar\/?s={search_term_string}"},"query-input":{"@type":"PropertyValueSpecification","valueRequired":true,"valueName":"search_term_string"}}],"inLanguage":"es"},{"@type":"Organization","@id":"https:\/\/infoecos.com.ar\/#organization","name":"Infoecos","alternateName":"Noticias","url":"https:\/\/infoecos.com.ar\/","logo":{"@type":"ImageObject","inLanguage":"es","@id":"https:\/\/infoecos.com.ar\/#\/schema\/logo\/image\/","url":"https:\/\/infoecos.com.ar\/wp-content\/uploads\/2024\/03\/cropped-logo.png","contentUrl":"https:\/\/infoecos.com.ar\/wp-content\/uploads\/2024\/03\/cropped-logo.png","width":374,"height":90,"caption":"Infoecos"},"image":{"@id":"https:\/\/infoecos.com.ar\/#\/schema\/logo\/image\/"},"sameAs":["https:\/\/www.facebook.com\/profile.php?id=100063200290284","https:\/\/x.com\/infoecos"]},{"@type":"Person","@id":"https:\/\/infoecos.com.ar\/#\/schema\/person\/8f5ace5ce73b4b4aac4b7245aee6f191","name":"Jorge Matheus","url":"https:\/\/infoecos.com.ar\/index.php\/author\/jomatheus\/"}]}},"featured_image_urls":{"full":["https:\/\/infoecos.com.ar\/wp-content\/uploads\/2021\/08\/1b-1.jpg",1920,1080,false],"thumbnail":["https:\/\/infoecos.com.ar\/wp-content\/uploads\/2021\/08\/1b-1-150x150.jpg",150,150,true],"medium":["https:\/\/infoecos.com.ar\/wp-content\/uploads\/2021\/08\/1b-1-460x259.jpg",460,259,true],"medium_large":["https:\/\/infoecos.com.ar\/wp-content\/uploads\/2021\/08\/1b-1-768x432.jpg",640,360,true],"large":["https:\/\/infoecos.com.ar\/wp-content\/uploads\/2021\/08\/1b-1-920x518.jpg",640,360,true],"1536x1536":["https:\/\/infoecos.com.ar\/wp-content\/uploads\/2021\/08\/1b-1-1536x864.jpg",1536,864,true],"2048x2048":["https:\/\/infoecos.com.ar\/wp-content\/uploads\/2021\/08\/1b-1.jpg",1920,1080,false],"covernews-slider-full":["https:\/\/infoecos.com.ar\/wp-content\/uploads\/2021\/08\/1b-1-1536x1020.jpg",1077,715,true],"covernews-slider-center":["https:\/\/infoecos.com.ar\/wp-content\/uploads\/2021\/08\/1b-1-936x897.jpg",522,500,true],"covernews-featured":["https:\/\/infoecos.com.ar\/wp-content\/uploads\/2021\/08\/1b-1-1024x576.jpg",1024,576,true],"covernews-medium":["https:\/\/infoecos.com.ar\/wp-content\/uploads\/2021\/08\/1b-1-720x380.jpg",540,285,true],"covernews-medium-square":["https:\/\/infoecos.com.ar\/wp-content\/uploads\/2021\/08\/1b-1-675x450.jpg",375,250,true]},"author_info":{"info":["Jorge Matheus"]},"category_info":"<a href=\"https:\/\/infoecos.com.ar\/index.php\/category\/inferior16\/\" rel=\"category tag\">Bloque inferior - 16<\/a>","tag_info":"Bloque inferior - 16","comment_count":"0","_links":{"self":[{"href":"https:\/\/infoecos.com.ar\/index.php\/wp-json\/wp\/v2\/posts\/83541"}],"collection":[{"href":"https:\/\/infoecos.com.ar\/index.php\/wp-json\/wp\/v2\/posts"}],"about":[{"href":"https:\/\/infoecos.com.ar\/index.php\/wp-json\/wp\/v2\/types\/post"}],"author":[{"embeddable":true,"href":"https:\/\/infoecos.com.ar\/index.php\/wp-json\/wp\/v2\/users\/2"}],"replies":[{"embeddable":true,"href":"https:\/\/infoecos.com.ar\/index.php\/wp-json\/wp\/v2\/comments?post=83541"}],"version-history":[{"count":2,"href":"https:\/\/infoecos.com.ar\/index.php\/wp-json\/wp\/v2\/posts\/83541\/revisions"}],"predecessor-version":[{"id":83729,"href":"https:\/\/infoecos.com.ar\/index.php\/wp-json\/wp\/v2\/posts\/83541\/revisions\/83729"}],"wp:featuredmedia":[{"embeddable":true,"href":"https:\/\/infoecos.com.ar\/index.php\/wp-json\/wp\/v2\/media\/83542"}],"wp:attachment":[{"href":"https:\/\/infoecos.com.ar\/index.php\/wp-json\/wp\/v2\/media?parent=83541"}],"wp:term":[{"taxonomy":"category","embeddable":true,"href":"https:\/\/infoecos.com.ar\/index.php\/wp-json\/wp\/v2\/categories?post=83541"},{"taxonomy":"post_tag","embeddable":true,"href":"https:\/\/infoecos.com.ar\/index.php\/wp-json\/wp\/v2\/tags?post=83541"}],"curies":[{"name":"wp","href":"https:\/\/api.w.org\/{rel}","templated":true}]}}