{"id":83547,"date":"2021-08-18T04:04:32","date_gmt":"2021-08-18T07:04:32","guid":{"rendered":"http:\/\/infoecos.com.ar\/?p=83547"},"modified":"2021-08-18T04:04:37","modified_gmt":"2021-08-18T07:04:37","slug":"sigue-el-descenso-de-casos-activos-en-trenque-lauquen-y-volvio-a-aumentar-el-numero-de-camas-ocupadas-por-covid","status":"publish","type":"post","link":"https:\/\/infoecos.com.ar\/index.php\/sigue-el-descenso-de-casos-activos-en-trenque-lauquen-y-volvio-a-aumentar-el-numero-de-camas-ocupadas-por-covid\/","title":{"rendered":"Sigue el descenso de casos activos en Trenque Lauquen y volvi\u00f3 a aumentar el n\u00famero de camas ocupadas por Covid"},"content":{"rendered":"\n<p class=\"wp-block-paragraph\">La subsecretar\u00eda de Salud municipal report\u00f3 este martes 127 casos activos de Covid-19 despu\u00e9s de confirmarse 17 nuevos casos, 23 personas recuperadas m\u00e1s y 84 casos descartados, quedando 50 casos sospechosos y 157 personas en aislamiento en todo el distrito.<\/p>\n\n\n\n<div class=\"wp-block-image is-style-default\"><figure class=\"aligncenter size-medium\"><img loading=\"lazy\" decoding=\"async\" width=\"460\" height=\"423\" src=\"http:\/\/infoecos.com.ar\/wp-content\/uploads\/2021\/08\/reportemartes-2-460x423.jpg\" alt=\"\" class=\"wp-image-83548\" srcset=\"https:\/\/infoecos.com.ar\/wp-content\/uploads\/2021\/08\/reportemartes-2-460x423.jpg 460w, https:\/\/infoecos.com.ar\/wp-content\/uploads\/2021\/08\/reportemartes-2-768x706.jpg 768w, https:\/\/infoecos.com.ar\/wp-content\/uploads\/2021\/08\/reportemartes-2.jpg 800w\" sizes=\"auto, (max-width: 460px) 100vw, 460px\" \/><\/figure><\/div>\n\n\n\n<p class=\"wp-block-paragraph\">Trece (13) de los nuevos casos activos se diagnosticaron por hisopado y los cuatro (4) restantes por criterio o nexo epidemiol\u00f3gico seg\u00fan protocolo actualizado vigente, y del total 16 pertenecen a Trenque Lauquen y uno (1) a Treinta de Agosto.<\/p>\n\n\n\n<p class=\"wp-block-paragraph\">Entre los 127 casos activos, 120 corresponden a Trenque Lauquen y siete (7) a Treinta de Agosto: 14 permanecen internados en el Hospital Municipal y 113 est\u00e1n en sus domicilios particulares.<\/p>\n\n\n\n<p class=\"wp-block-paragraph\">De las 23 personas recuperadas en la fecha, 20 son de la ciudad cabecera, dos (2) de Treinta de Agosto y uno (1) de Beruti, siendo 9.873 las que recibieron el alta desde marzo de 2020, cuando comenz\u00f3 la pandemia.<\/p>\n\n\n\n<p class=\"wp-block-paragraph\">En ese mismo per\u00edodo fueron descartados 17.817 casos, incluidos los 84 de hoy, 79 de Trenque Lauquen, dos (2) de Treinta de Agosto y tres (3) de Beruti.<\/p>\n\n\n\n<p class=\"wp-block-paragraph\">Quedan 157 personas en aislamiento, 150 en Trenque Lauquen y siete (7) en Treinta de Agosto , y hay 50 casos sospechosos, 46 en la ciudad cabecera y cuatro (4) en Treinta de Agosto.<\/p>\n\n\n\n<div class=\"wp-block-image is-style-default\"><figure class=\"aligncenter size-medium\"><img loading=\"lazy\" decoding=\"async\" width=\"460\" height=\"460\" src=\"http:\/\/infoecos.com.ar\/wp-content\/uploads\/2021\/08\/camashospital-2-460x460.jpg\" alt=\"\" class=\"wp-image-83549\" srcset=\"https:\/\/infoecos.com.ar\/wp-content\/uploads\/2021\/08\/camashospital-2-460x460.jpg 460w, https:\/\/infoecos.com.ar\/wp-content\/uploads\/2021\/08\/camashospital-2-920x920.jpg 920w, https:\/\/infoecos.com.ar\/wp-content\/uploads\/2021\/08\/camashospital-2-150x150.jpg 150w, https:\/\/infoecos.com.ar\/wp-content\/uploads\/2021\/08\/camashospital-2-768x767.jpg 768w, https:\/\/infoecos.com.ar\/wp-content\/uploads\/2021\/08\/camashospital-2-1024x1023.jpg 1024w, https:\/\/infoecos.com.ar\/wp-content\/uploads\/2021\/08\/camashospital-2.jpg 1280w\" sizes=\"auto, (max-width: 460px) 100vw, 460px\" \/><\/figure><\/div>\n","protected":false},"excerpt":{"rendered":"<p>Hay 14 pacientes internados en el \u00c1rea Covid del Hospital Municipal \u00abDr. Pedro T. Orellana\u00bb<\/p>\n","protected":false},"author":2,"featured_media":60374,"comment_status":"closed","ping_status":"open","sticky":false,"template":"","format":"standard","meta":{"footnotes":""},"categories":[28],"tags":[4699],"class_list":["post-83547","post","type-post","status-publish","format-standard","has-post-thumbnail","hentry","category-c1nota1","tag-se-reportaron-127-positivos"],"featured_image_urls":{"full":["https:\/\/infoecos.com.ar\/wp-content\/uploads\/tl45guardiahospital-2.jpg",912,608,false],"thumbnail":["https:\/\/infoecos.com.ar\/wp-content\/uploads\/tl45guardiahospital-2-150x150.jpg",150,150,true],"medium":["https:\/\/infoecos.com.ar\/wp-content\/uploads\/tl45guardiahospital-2-460x307.jpg",460,307,true],"medium_large":["https:\/\/infoecos.com.ar\/wp-content\/uploads\/tl45guardiahospital-2-768x512.jpg",640,427,true],"large":["https:\/\/infoecos.com.ar\/wp-content\/uploads\/tl45guardiahospital-2.jpg",640,427,false],"1536x1536":["https:\/\/infoecos.com.ar\/wp-content\/uploads\/tl45guardiahospital-2.jpg",912,608,false],"2048x2048":["https:\/\/infoecos.com.ar\/wp-content\/uploads\/tl45guardiahospital-2.jpg",912,608,false],"covernews-slider-full":["https:\/\/infoecos.com.ar\/wp-content\/uploads\/tl45guardiahospital-2.jpg",912,608,false],"covernews-slider-center":["https:\/\/infoecos.com.ar\/wp-content\/uploads\/tl45guardiahospital-2.jpg",750,500,false],"covernews-featured":["https:\/\/infoecos.com.ar\/wp-content\/uploads\/tl45guardiahospital-2.jpg",912,608,false],"covernews-medium":["https:\/\/infoecos.com.ar\/wp-content\/uploads\/tl45guardiahospital-2-720x380.jpg",540,285,true],"covernews-medium-square":["https:\/\/infoecos.com.ar\/wp-content\/uploads\/tl45guardiahospital-2-675x450.jpg",375,250,true]},"author_info":{"info":["Jorge Matheus"]},"category_info":"<a href=\"https:\/\/infoecos.com.ar\/index.php\/category\/c1nota1\/\" rel=\"category tag\">C1 N1<\/a>","tag_info":"C1 N1","comment_count":"0","_links":{"self":[{"href":"https:\/\/infoecos.com.ar\/index.php\/wp-json\/wp\/v2\/posts\/83547","targetHints":{"allow":["GET"]}}],"collection":[{"href":"https:\/\/infoecos.com.ar\/index.php\/wp-json\/wp\/v2\/posts"}],"about":[{"href":"https:\/\/infoecos.com.ar\/index.php\/wp-json\/wp\/v2\/types\/post"}],"author":[{"embeddable":true,"href":"https:\/\/infoecos.com.ar\/index.php\/wp-json\/wp\/v2\/users\/2"}],"replies":[{"embeddable":true,"href":"https:\/\/infoecos.com.ar\/index.php\/wp-json\/wp\/v2\/comments?post=83547"}],"version-history":[{"count":1,"href":"https:\/\/infoecos.com.ar\/index.php\/wp-json\/wp\/v2\/posts\/83547\/revisions"}],"predecessor-version":[{"id":83550,"href":"https:\/\/infoecos.com.ar\/index.php\/wp-json\/wp\/v2\/posts\/83547\/revisions\/83550"}],"wp:featuredmedia":[{"embeddable":true,"href":"https:\/\/infoecos.com.ar\/index.php\/wp-json\/wp\/v2\/media\/60374"}],"wp:attachment":[{"href":"https:\/\/infoecos.com.ar\/index.php\/wp-json\/wp\/v2\/media?parent=83547"}],"wp:term":[{"taxonomy":"category","embeddable":true,"href":"https:\/\/infoecos.com.ar\/index.php\/wp-json\/wp\/v2\/categories?post=83547"},{"taxonomy":"post_tag","embeddable":true,"href":"https:\/\/infoecos.com.ar\/index.php\/wp-json\/wp\/v2\/tags?post=83547"}],"curies":[{"name":"wp","href":"https:\/\/api.w.org\/{rel}","templated":true}]}}