{"id":83551,"date":"2021-08-18T04:08:36","date_gmt":"2021-08-18T07:08:36","guid":{"rendered":"http:\/\/infoecos.com.ar\/?p=83551"},"modified":"2021-08-18T04:10:10","modified_gmt":"2021-08-18T07:10:10","slug":"argentina-reporto-otras-300-muertes-y-8-172-casos-positivos-de-coronavirus","status":"publish","type":"post","link":"https:\/\/infoecos.com.ar\/index.php\/argentina-reporto-otras-300-muertes-y-8-172-casos-positivos-de-coronavirus\/","title":{"rendered":"Argentina report\u00f3 otras 300 muertes y 8.172 casos positivos de coronavirus"},"content":{"rendered":"\n<p class=\"wp-block-paragraph\">Argentina report\u00f3 otras 300 muertes y 8.172 casos positivos de coronavirus, inform\u00f3 el Ministerio de Salud, y agreg\u00f3 que, con estos datos, suman 109.405 los fallecidos y 5.096.443 los contagiados desde el inicio de la pandemia.<\/p>\n\n\n\n<p class=\"wp-block-paragraph\">La cartera sanitaria agreg\u00f3 que son 3.502 los internados en unidades de terapia intensiva, con un porcentaje de ocupaci\u00f3n de camas de adultos de 50,2% en el pa\u00eds y del 48,2% en el \u00c1rea Metropolitana Buenos Aires (AMBA).<\/p>\n\n\n\n<div class=\"wp-block-image is-style-default\"><figure class=\"aligncenter size-medium\"><img loading=\"lazy\" decoding=\"async\" width=\"460\" height=\"259\" src=\"http:\/\/infoecos.com.ar\/wp-content\/uploads\/2021\/08\/coronavirustelam-1-460x259.jpg\" alt=\"\" class=\"wp-image-83555\" srcset=\"https:\/\/infoecos.com.ar\/wp-content\/uploads\/2021\/08\/coronavirustelam-1-460x259.jpg 460w, https:\/\/infoecos.com.ar\/wp-content\/uploads\/2021\/08\/coronavirustelam-1-920x518.jpg 920w, https:\/\/infoecos.com.ar\/wp-content\/uploads\/2021\/08\/coronavirustelam-1-768x432.jpg 768w, https:\/\/infoecos.com.ar\/wp-content\/uploads\/2021\/08\/coronavirustelam-1.jpg 1004w\" sizes=\"auto, (max-width: 460px) 100vw, 460px\" \/><\/figure><\/div>\n\n\n\n<p class=\"wp-block-paragraph\">De los 5.096.443 contagiados, 4.767.041 ya recibieron el alta m\u00e9dica, en tanto 219.997 casos permanecen activos.<\/p>\n\n\n\n<p class=\"wp-block-paragraph\">El reporte consign\u00f3 que fallecieron 156 hombres y 143 mujeres, mientras que una persona de la provincia de Misiones fue reportada sin dato de sexo.<\/p>\n\n\n\n<p class=\"wp-block-paragraph\">El total de acumulados por distrito indica que la provincia de Buenos Aires suma 2.015.848 casos; la Ciudad de Buenos Aires, 501.836; Catamarca, 45.825; Chaco, 96.628; Chubut, 79.312; Corrientes, 88.574; C\u00f3rdoba, 493.375; Entre R\u00edos, 132.481; Formosa, 59.305; Jujuy, 45.792; La Pampa, 65.159; La Rioja, 31.290; Mendoza, 159.375; Misiones, 33.618; Neuqu\u00e9n, 110.616; R\u00edo Negro, 96.395; Salta, 79.541; San Juan, 63.944; San Luis, 78.401.; Santa Cruz, 58.722; Santa Fe, 460.198; Santiago del Estero, 77.761; Tierra del Fuego, 31.799; y Tucum\u00e1n, 190.648.<\/p>\n","protected":false},"excerpt":{"rendered":"<p>El total de acumulados por distrito indica que la provincia de Buenos Aires suma 2.015.848 casos; la Ciudad de Buenos Aires, 501.836<\/p>\n","protected":false},"author":2,"featured_media":83552,"comment_status":"closed","ping_status":"open","sticky":false,"template":"","format":"standard","meta":{"footnotes":""},"categories":[29],"tags":[4700],"class_list":["post-83551","post","type-post","status-publish","format-standard","has-post-thumbnail","hentry","category-c2nota1","tag-lo-informo-el-ministerio-de-salud"],"featured_image_urls":{"full":["https:\/\/infoecos.com.ar\/wp-content\/uploads\/2021\/08\/coronavirustelam.jpg",1004,565,false],"thumbnail":["https:\/\/infoecos.com.ar\/wp-content\/uploads\/2021\/08\/coronavirustelam-150x150.jpg",150,150,true],"medium":["https:\/\/infoecos.com.ar\/wp-content\/uploads\/2021\/08\/coronavirustelam-460x259.jpg",460,259,true],"medium_large":["https:\/\/infoecos.com.ar\/wp-content\/uploads\/2021\/08\/coronavirustelam-768x432.jpg",640,360,true],"large":["https:\/\/infoecos.com.ar\/wp-content\/uploads\/2021\/08\/coronavirustelam-920x518.jpg",640,360,true],"1536x1536":["https:\/\/infoecos.com.ar\/wp-content\/uploads\/2021\/08\/coronavirustelam.jpg",1004,565,false],"2048x2048":["https:\/\/infoecos.com.ar\/wp-content\/uploads\/2021\/08\/coronavirustelam.jpg",1004,565,false],"covernews-slider-full":["https:\/\/infoecos.com.ar\/wp-content\/uploads\/2021\/08\/coronavirustelam.jpg",1004,565,false],"covernews-slider-center":["https:\/\/infoecos.com.ar\/wp-content\/uploads\/2021\/08\/coronavirustelam-936x565.jpg",800,483,true],"covernews-featured":["https:\/\/infoecos.com.ar\/wp-content\/uploads\/2021\/08\/coronavirustelam.jpg",1004,565,false],"covernews-medium":["https:\/\/infoecos.com.ar\/wp-content\/uploads\/2021\/08\/coronavirustelam-720x380.jpg",540,285,true],"covernews-medium-square":["https:\/\/infoecos.com.ar\/wp-content\/uploads\/2021\/08\/coronavirustelam-675x450.jpg",375,250,true]},"author_info":{"info":["Jorge Matheus"]},"category_info":"<a href=\"https:\/\/infoecos.com.ar\/index.php\/category\/c2nota1\/\" rel=\"category tag\">C2 nota 1<\/a>","tag_info":"C2 nota 1","comment_count":"0","_links":{"self":[{"href":"https:\/\/infoecos.com.ar\/index.php\/wp-json\/wp\/v2\/posts\/83551","targetHints":{"allow":["GET"]}}],"collection":[{"href":"https:\/\/infoecos.com.ar\/index.php\/wp-json\/wp\/v2\/posts"}],"about":[{"href":"https:\/\/infoecos.com.ar\/index.php\/wp-json\/wp\/v2\/types\/post"}],"author":[{"embeddable":true,"href":"https:\/\/infoecos.com.ar\/index.php\/wp-json\/wp\/v2\/users\/2"}],"replies":[{"embeddable":true,"href":"https:\/\/infoecos.com.ar\/index.php\/wp-json\/wp\/v2\/comments?post=83551"}],"version-history":[{"count":2,"href":"https:\/\/infoecos.com.ar\/index.php\/wp-json\/wp\/v2\/posts\/83551\/revisions"}],"predecessor-version":[{"id":83556,"href":"https:\/\/infoecos.com.ar\/index.php\/wp-json\/wp\/v2\/posts\/83551\/revisions\/83556"}],"wp:featuredmedia":[{"embeddable":true,"href":"https:\/\/infoecos.com.ar\/index.php\/wp-json\/wp\/v2\/media\/83552"}],"wp:attachment":[{"href":"https:\/\/infoecos.com.ar\/index.php\/wp-json\/wp\/v2\/media?parent=83551"}],"wp:term":[{"taxonomy":"category","embeddable":true,"href":"https:\/\/infoecos.com.ar\/index.php\/wp-json\/wp\/v2\/categories?post=83551"},{"taxonomy":"post_tag","embeddable":true,"href":"https:\/\/infoecos.com.ar\/index.php\/wp-json\/wp\/v2\/tags?post=83551"}],"curies":[{"name":"wp","href":"https:\/\/api.w.org\/{rel}","templated":true}]}}