{"id":83561,"date":"2021-08-18T05:03:03","date_gmt":"2021-08-18T08:03:03","guid":{"rendered":"http:\/\/infoecos.com.ar\/?p=83561"},"modified":"2021-08-19T05:18:00","modified_gmt":"2021-08-19T08:18:00","slug":"desde-el-1-de-septiembre-proximo-deben-volver-al-trabajo-presenciales-los-estatales","status":"publish","type":"post","link":"https:\/\/infoecos.com.ar\/index.php\/desde-el-1-de-septiembre-proximo-deben-volver-al-trabajo-presenciales-los-estatales\/","title":{"rendered":"Desde el 1\u00b0 de septiembre pr\u00f3ximo deben volver al trabajo presencial los estatales"},"content":{"rendered":"\n<p class=\"wp-block-paragraph\">El Gobierno nacional formaliz\u00f3 este martes los requisitos para el retorno al trabajo presencial de los empleados estatales a partir del 1\u00b0 de septiembre pr\u00f3ximo, ante el avance del plan estrat\u00e9gico de vacunaci\u00f3n contra la Covid-19, as\u00ed como el descenso de la tasa de casos positivos de la enfermedad.<\/p>\n\n\n\n<p class=\"wp-block-paragraph\">La medida se adopt\u00f3 mediante la resoluci\u00f3n 91\/2021, firmada por la secretaria de Gesti\u00f3n y Empleo P\u00fablico de la Jefatura de Gabinete de Ministros,&nbsp;<strong>Ana Castellani,<\/strong>&nbsp;y publicada en el Bolet\u00edn Oficial, que comprende a todos los trabajadores de la Administraci\u00f3n P\u00fablica Nacional del pa\u00eds.<\/p>\n\n\n\n<div class=\"wp-block-image is-style-default\"><figure class=\"aligncenter size-medium\"><img decoding=\"async\" src=\"http:\/\/infoecos.com.ar\/wp-content\/uploads\/565587566b3e0_1420_-460x345.jpg\" alt=\"\" class=\"wp-image-52539\"\/><figcaption>Casa Rosada<\/figcaption><\/figure><\/div>\n\n\n\n<p class=\"wp-block-paragraph\">Se se\u00f1ala en la norma que \u201cser\u00e1n convocables al retorno a la actividad laboral presencial los trabajadores que hubieren recibido al menos la primera dosis de cualquiera de las vacunas destinadas a generar inmunidad adquirida contra la Covid-19\u201d, autorizadas en la Argentina, independientemente de la edad y la condici\u00f3n de riesgo, luego de 14 d\u00edas posteriores a la inoculaci\u00f3n.<\/p>\n\n\n\n<p class=\"wp-block-paragraph\">La modalidad de prestaci\u00f3n de trabajo deber\u00e1 ser notificada fehacientemente por su superior jer\u00e1rquico a cada agente por lo menos 72 horas h\u00e1biles antes de su efectivo cumplimiento, y quedan exceptuados de la obligatoriedad del trabajo presencial s\u00f3lo los empleados con inmunodeficiencias, categor\u00eda que comprende a los pacientes oncol\u00f3gicos, con HIV, y trasplantados, y a las personas gestantes.<\/p>\n\n\n\n<p class=\"wp-block-paragraph\">Las oficinas de recursos humanos de los distintos organismos y jurisdicciones deber\u00e1n solicitar a quienes fueren convocados, el correspondiente Certificado de Vacunaci\u00f3n, al cual podr\u00e1n acceder desde la aplicaci\u00f3n Mi Argentina.<\/p>\n\n\n\n<p class=\"wp-block-paragraph\">Se puntualiza en la resoluci\u00f3n que los agentes que sean citados en forma fehaciente para realizar trabajo presencial y no lo cumplieren, \u201cser\u00e1n pasibles de las sanciones que correspondan de conformidad con el r\u00e9gimen disciplinario aplicable\u201d.<\/p>\n\n\n\n<p class=\"wp-block-paragraph\">Podr\u00e1 realizarse el trabajo remoto cuando, por la adecuaci\u00f3n a los protocolos de cuidado contra el Covid aprobado por la Comisi\u00f3n de Condiciones y Medio Ambiente de Trabajo, o por aquellos que fueren aplicables seg\u00fan la normativa vigente, sea necesaria la alternancia de la modalidad presencial.<\/p>\n\n\n\n<p class=\"wp-block-paragraph\"><strong>Fuente: codigobaires.com.ar (totalmente renovada)<\/strong><\/p>\n","protected":false},"excerpt":{"rendered":"<p>Quedan exceptuados de la obligatoriedad del trabajo presencial s\u00f3lo los empleados con inmunodeficiencias<\/p>\n","protected":false},"author":2,"featured_media":52539,"comment_status":"closed","ping_status":"open","sticky":false,"template":"","format":"standard","meta":{"footnotes":""},"categories":[1334],"tags":[4703],"class_list":["post-83561","post","type-post","status-publish","format-standard","has-post-thumbnail","hentry","category-inferior14","tag-todos-los-trabajadores-administracion-publica-nacional"],"featured_image_urls":{"full":"","thumbnail":"","medium":"","medium_large":"","large":"","1536x1536":"","2048x2048":"","covernews-slider-full":"","covernews-slider-center":"","covernews-featured":"","covernews-medium":"","covernews-medium-square":""},"author_info":{"info":["Jorge Matheus"]},"category_info":"<a href=\"https:\/\/infoecos.com.ar\/index.php\/category\/inferior14\/\" rel=\"category tag\">Bloque inferior - 14<\/a>","tag_info":"Bloque inferior - 14","comment_count":"0","_links":{"self":[{"href":"https:\/\/infoecos.com.ar\/index.php\/wp-json\/wp\/v2\/posts\/83561","targetHints":{"allow":["GET"]}}],"collection":[{"href":"https:\/\/infoecos.com.ar\/index.php\/wp-json\/wp\/v2\/posts"}],"about":[{"href":"https:\/\/infoecos.com.ar\/index.php\/wp-json\/wp\/v2\/types\/post"}],"author":[{"embeddable":true,"href":"https:\/\/infoecos.com.ar\/index.php\/wp-json\/wp\/v2\/users\/2"}],"replies":[{"embeddable":true,"href":"https:\/\/infoecos.com.ar\/index.php\/wp-json\/wp\/v2\/comments?post=83561"}],"version-history":[{"count":2,"href":"https:\/\/infoecos.com.ar\/index.php\/wp-json\/wp\/v2\/posts\/83561\/revisions"}],"predecessor-version":[{"id":83563,"href":"https:\/\/infoecos.com.ar\/index.php\/wp-json\/wp\/v2\/posts\/83561\/revisions\/83563"}],"wp:attachment":[{"href":"https:\/\/infoecos.com.ar\/index.php\/wp-json\/wp\/v2\/media?parent=83561"}],"wp:term":[{"taxonomy":"category","embeddable":true,"href":"https:\/\/infoecos.com.ar\/index.php\/wp-json\/wp\/v2\/categories?post=83561"},{"taxonomy":"post_tag","embeddable":true,"href":"https:\/\/infoecos.com.ar\/index.php\/wp-json\/wp\/v2\/tags?post=83561"}],"curies":[{"name":"wp","href":"https:\/\/api.w.org\/{rel}","templated":true}]}}