{"id":83564,"date":"2021-08-18T05:20:32","date_gmt":"2021-08-18T08:20:32","guid":{"rendered":"http:\/\/infoecos.com.ar\/?p=83564"},"modified":"2021-08-19T05:17:30","modified_gmt":"2021-08-19T08:17:30","slug":"se-inauguro-la-sede-de-la-universidad-nacional-del-noroeste-bonaerense-en-general-villegas","status":"publish","type":"post","link":"https:\/\/infoecos.com.ar\/index.php\/se-inauguro-la-sede-de-la-universidad-nacional-del-noroeste-bonaerense-en-general-villegas\/","title":{"rendered":"Se inaugur\u00f3 la sede de la Universidad Nacional del Noroeste Bonaerense en General Villegas"},"content":{"rendered":"\n<p class=\"wp-block-paragraph\">El Intendente municipal de General Villegas, Eduardo Campana, junto al Rector de la Universidad Nacional del Noroeste Bonaerense (UNNOBA), Dr. Guillermo R. Tamarit, la Vicerrectora Mag. Danya Tavela (precandidata a Diputada Nacional por #DarelPaso) y la Directora de Educaci\u00f3n, Lic. Maricel Mangas inauguraron este martes el Edificio del Centro Universitario de la UNNOBA en la capital del distrito que lleva el nombre del escritor \u201cManuel Puig\u201d.<\/p>\n\n\n\n<div class=\"wp-block-image is-style-default\"><figure class=\"aligncenter size-medium\"><img loading=\"lazy\" decoding=\"async\" width=\"460\" height=\"345\" src=\"http:\/\/infoecos.com.ar\/wp-content\/uploads\/2021\/08\/inauguracionunobavillegas-460x345.jpg\" alt=\"\" class=\"wp-image-83565\" srcset=\"https:\/\/infoecos.com.ar\/wp-content\/uploads\/2021\/08\/inauguracionunobavillegas-460x345.jpg 460w, https:\/\/infoecos.com.ar\/wp-content\/uploads\/2021\/08\/inauguracionunobavillegas-920x690.jpg 920w, https:\/\/infoecos.com.ar\/wp-content\/uploads\/2021\/08\/inauguracionunobavillegas-768x576.jpg 768w, https:\/\/infoecos.com.ar\/wp-content\/uploads\/2021\/08\/inauguracionunobavillegas-1024x768.jpg 1024w, https:\/\/infoecos.com.ar\/wp-content\/uploads\/2021\/08\/inauguracionunobavillegas.jpg 1280w\" sizes=\"auto, (max-width: 460px) 100vw, 460px\" \/><\/figure><\/div>\n\n\n\n<p class=\"wp-block-paragraph\">En su discurso el Intendente Campana asegur\u00f3: \u201cquiero agradecerles a todos ustedes la presencia en un d\u00eda tan importante para nuestra querida ciudad. Quienes conocimos este edificio y lo vemos brillar con esta blancura, con el cartel de UNNOBA y el nombre de Manuel Puig es algo que nos enaltece y nos hace crecer porque pensamos en quienes nos antecedieron y estoy seguro que muchos de ellos pensaron que General Villegas necesitaba y en el futuro \u00edbamos a tener una Universidad\u00bb.<\/p>\n\n\n\n<p class=\"wp-block-paragraph\">\u00abUno se tiene que sentir orgulloso y lo m\u00e1s importante es que nosotros dejamos un legado trascendente que justamente hace a uno de nuestros ejes de gesti\u00f3n que es la educaci\u00f3n. Una educaci\u00f3n que es tan necesaria porque va a evitar que muchos de nuestros j\u00f3venes, hijos o nietos, de los que estemos aqu\u00ed emigren a una ciudad m\u00e1s grande\u00bb, expuso m\u00e1s adelante el mandatario comunal. <\/p>\n\n\n\n<div class=\"wp-block-image is-style-default\"><figure class=\"aligncenter size-medium\"><img loading=\"lazy\" decoding=\"async\" width=\"460\" height=\"345\" src=\"http:\/\/infoecos.com.ar\/wp-content\/uploads\/2021\/08\/inauguracionunobavillegas1-460x345.jpg\" alt=\"\" class=\"wp-image-83566\" srcset=\"https:\/\/infoecos.com.ar\/wp-content\/uploads\/2021\/08\/inauguracionunobavillegas1-460x345.jpg 460w, https:\/\/infoecos.com.ar\/wp-content\/uploads\/2021\/08\/inauguracionunobavillegas1-920x690.jpg 920w, https:\/\/infoecos.com.ar\/wp-content\/uploads\/2021\/08\/inauguracionunobavillegas1-768x576.jpg 768w, https:\/\/infoecos.com.ar\/wp-content\/uploads\/2021\/08\/inauguracionunobavillegas1.jpg 1024w\" sizes=\"auto, (max-width: 460px) 100vw, 460px\" \/><\/figure><\/div>\n\n\n\n<p class=\"wp-block-paragraph\">Campana destac\u00f3 el trabajo de Mangas, Tamarit e Itoiz y el acompa\u00f1amiento de los estudiantes a los cursos.<\/p>\n\n\n\n<div class=\"wp-block-image is-style-default\"><figure class=\"aligncenter size-medium\"><img loading=\"lazy\" decoding=\"async\" width=\"460\" height=\"345\" src=\"http:\/\/infoecos.com.ar\/wp-content\/uploads\/2021\/08\/villegasunnoba1-460x345.jpg\" alt=\"\" class=\"wp-image-83567\" srcset=\"https:\/\/infoecos.com.ar\/wp-content\/uploads\/2021\/08\/villegasunnoba1-460x345.jpg 460w, https:\/\/infoecos.com.ar\/wp-content\/uploads\/2021\/08\/villegasunnoba1-920x690.jpg 920w, https:\/\/infoecos.com.ar\/wp-content\/uploads\/2021\/08\/villegasunnoba1-768x576.jpg 768w, https:\/\/infoecos.com.ar\/wp-content\/uploads\/2021\/08\/villegasunnoba1-1536x1152.jpg 1536w, https:\/\/infoecos.com.ar\/wp-content\/uploads\/2021\/08\/villegasunnoba1-1024x768.jpg 1024w, https:\/\/infoecos.com.ar\/wp-content\/uploads\/2021\/08\/villegasunnoba1.jpg 1600w\" sizes=\"auto, (max-width: 460px) 100vw, 460px\" \/><\/figure><\/div>\n","protected":false},"excerpt":{"rendered":"<p>\u00abUno se tiene que sentir orgulloso y lo m\u00e1s importante es que nosotros dejamos un legado trascendente\u00bb, dijo el intendente Campana<\/p>\n","protected":false},"author":2,"featured_media":83567,"comment_status":"closed","ping_status":"open","sticky":false,"template":"","format":"standard","meta":{"footnotes":""},"categories":[1333],"tags":[4704],"class_list":["post-83564","post","type-post","status-publish","format-standard","has-post-thumbnail","hentry","category-inferior13","tag-lleva-el-nombre-del-escritor-manuel-puig"],"featured_image_urls":{"full":["https:\/\/infoecos.com.ar\/wp-content\/uploads\/2021\/08\/villegasunnoba1.jpg",1600,1200,false],"thumbnail":["https:\/\/infoecos.com.ar\/wp-content\/uploads\/2021\/08\/villegasunnoba1-150x150.jpg",150,150,true],"medium":["https:\/\/infoecos.com.ar\/wp-content\/uploads\/2021\/08\/villegasunnoba1-460x345.jpg",460,345,true],"medium_large":["https:\/\/infoecos.com.ar\/wp-content\/uploads\/2021\/08\/villegasunnoba1-768x576.jpg",640,480,true],"large":["https:\/\/infoecos.com.ar\/wp-content\/uploads\/2021\/08\/villegasunnoba1-920x690.jpg",640,480,true],"1536x1536":["https:\/\/infoecos.com.ar\/wp-content\/uploads\/2021\/08\/villegasunnoba1-1536x1152.jpg",1536,1152,true],"2048x2048":["https:\/\/infoecos.com.ar\/wp-content\/uploads\/2021\/08\/villegasunnoba1.jpg",1600,1200,false],"covernews-slider-full":["https:\/\/infoecos.com.ar\/wp-content\/uploads\/2021\/08\/villegasunnoba1-1536x1020.jpg",1077,715,true],"covernews-slider-center":["https:\/\/infoecos.com.ar\/wp-content\/uploads\/2021\/08\/villegasunnoba1-936x897.jpg",522,500,true],"covernews-featured":["https:\/\/infoecos.com.ar\/wp-content\/uploads\/2021\/08\/villegasunnoba1-1024x768.jpg",1024,768,true],"covernews-medium":["https:\/\/infoecos.com.ar\/wp-content\/uploads\/2021\/08\/villegasunnoba1-720x380.jpg",540,285,true],"covernews-medium-square":["https:\/\/infoecos.com.ar\/wp-content\/uploads\/2021\/08\/villegasunnoba1-675x450.jpg",375,250,true]},"author_info":{"info":["Jorge Matheus"]},"category_info":"<a href=\"https:\/\/infoecos.com.ar\/index.php\/category\/inferior13\/\" rel=\"category tag\">Bloque inferior - 13<\/a>","tag_info":"Bloque inferior - 13","comment_count":"0","_links":{"self":[{"href":"https:\/\/infoecos.com.ar\/index.php\/wp-json\/wp\/v2\/posts\/83564","targetHints":{"allow":["GET"]}}],"collection":[{"href":"https:\/\/infoecos.com.ar\/index.php\/wp-json\/wp\/v2\/posts"}],"about":[{"href":"https:\/\/infoecos.com.ar\/index.php\/wp-json\/wp\/v2\/types\/post"}],"author":[{"embeddable":true,"href":"https:\/\/infoecos.com.ar\/index.php\/wp-json\/wp\/v2\/users\/2"}],"replies":[{"embeddable":true,"href":"https:\/\/infoecos.com.ar\/index.php\/wp-json\/wp\/v2\/comments?post=83564"}],"version-history":[{"count":1,"href":"https:\/\/infoecos.com.ar\/index.php\/wp-json\/wp\/v2\/posts\/83564\/revisions"}],"predecessor-version":[{"id":83568,"href":"https:\/\/infoecos.com.ar\/index.php\/wp-json\/wp\/v2\/posts\/83564\/revisions\/83568"}],"wp:featuredmedia":[{"embeddable":true,"href":"https:\/\/infoecos.com.ar\/index.php\/wp-json\/wp\/v2\/media\/83567"}],"wp:attachment":[{"href":"https:\/\/infoecos.com.ar\/index.php\/wp-json\/wp\/v2\/media?parent=83564"}],"wp:term":[{"taxonomy":"category","embeddable":true,"href":"https:\/\/infoecos.com.ar\/index.php\/wp-json\/wp\/v2\/categories?post=83564"},{"taxonomy":"post_tag","embeddable":true,"href":"https:\/\/infoecos.com.ar\/index.php\/wp-json\/wp\/v2\/tags?post=83564"}],"curies":[{"name":"wp","href":"https:\/\/api.w.org\/{rel}","templated":true}]}}