{"id":83584,"date":"2021-08-18T05:54:48","date_gmt":"2021-08-18T08:54:48","guid":{"rendered":"http:\/\/infoecos.com.ar\/?p=83584"},"modified":"2021-08-19T05:16:18","modified_gmt":"2021-08-19T08:16:18","slug":"se-construyen-28-viviendas-avanzan-las-obras-del-hospital-y-el-colegio-secundario-en-tres-lomas","status":"publish","type":"post","link":"https:\/\/infoecos.com.ar\/index.php\/se-construyen-28-viviendas-avanzan-las-obras-del-hospital-y-el-colegio-secundario-en-tres-lomas\/","title":{"rendered":"Se construyen 28 viviendas, avanzan las obras del Hospital y el Colegio Secundario en Tres Lomas"},"content":{"rendered":"\n<p>La oficina de prensa del municipio de Tres Lomas inform\u00f3 que el intendente Roberto \u00c1lvarez realiz\u00f3 este martes una recorrida por distintas obras que se est\u00e1n llevando a cabo en la ciudad cabecera.<\/p>\n\n\n\n<p>En el barrio \u201cRicardo Rom\u00e1n Yani\u201d verific\u00f3 la construcci\u00f3n de 18 viviendas, pertenecientes al programa \u201cPlan Bonaerense II\u201d. La construcci\u00f3n de estas unidades habitacionales se realiza por administraci\u00f3n municipal, y con mano de obra local.<\/p>\n\n\n\n<div class=\"wp-block-image is-style-default\"><figure class=\"aligncenter size-medium\"><img loading=\"lazy\" decoding=\"async\" width=\"460\" height=\"307\" src=\"http:\/\/infoecos.com.ar\/wp-content\/uploads\/2021\/08\/Viviendas-1-460x307.jpeg\" alt=\"\" class=\"wp-image-83585\" srcset=\"https:\/\/infoecos.com.ar\/wp-content\/uploads\/2021\/08\/Viviendas-1-460x307.jpeg 460w, https:\/\/infoecos.com.ar\/wp-content\/uploads\/2021\/08\/Viviendas-1-920x613.jpeg 920w, https:\/\/infoecos.com.ar\/wp-content\/uploads\/2021\/08\/Viviendas-1-768x512.jpeg 768w, https:\/\/infoecos.com.ar\/wp-content\/uploads\/2021\/08\/Viviendas-1-1024x682.jpeg 1024w, https:\/\/infoecos.com.ar\/wp-content\/uploads\/2021\/08\/Viviendas-1-675x450.jpeg 675w, https:\/\/infoecos.com.ar\/wp-content\/uploads\/2021\/08\/Viviendas-1.jpeg 1280w\" sizes=\"(max-width: 460px) 100vw, 460px\" \/><\/figure><\/div>\n\n\n\n<p>En el mismo lugar se est\u00e1n construyendo por administraci\u00f3n municipal 10 nuevas viviendas para personal de la polic\u00eda de Tres Lomas, a trav\u00e9s de la Caja de Retiros y Jubilaciones y Pensiones de la Polic\u00eda de la Provincia de Buenos Aires.<\/p>\n\n\n\n<div class=\"wp-block-image is-style-default\"><figure class=\"aligncenter size-medium\"><img loading=\"lazy\" decoding=\"async\" width=\"460\" height=\"307\" src=\"http:\/\/infoecos.com.ar\/wp-content\/uploads\/2021\/08\/Viviendas-2-460x307.jpeg\" alt=\"\" class=\"wp-image-83586\" srcset=\"https:\/\/infoecos.com.ar\/wp-content\/uploads\/2021\/08\/Viviendas-2-460x307.jpeg 460w, https:\/\/infoecos.com.ar\/wp-content\/uploads\/2021\/08\/Viviendas-2-920x613.jpeg 920w, https:\/\/infoecos.com.ar\/wp-content\/uploads\/2021\/08\/Viviendas-2-768x512.jpeg 768w, https:\/\/infoecos.com.ar\/wp-content\/uploads\/2021\/08\/Viviendas-2-1024x682.jpeg 1024w, https:\/\/infoecos.com.ar\/wp-content\/uploads\/2021\/08\/Viviendas-2-675x450.jpeg 675w, https:\/\/infoecos.com.ar\/wp-content\/uploads\/2021\/08\/Viviendas-2.jpeg 1280w\" sizes=\"(max-width: 460px) 100vw, 460px\" \/><\/figure><\/div>\n\n\n\n<p>\u00c1lvarez tambi\u00e9n estuvo en el Hospital Municipal donde se est\u00e1 realizando la ampliaci\u00f3n del sector administrativo. Habr\u00e1 un espacio para oficinas, una sala de reuniones, un sector de archivo y su correspondiente faja sanitaria. <\/p>\n\n\n\n<div class=\"wp-block-image is-style-default\"><figure class=\"aligncenter size-medium\"><img loading=\"lazy\" decoding=\"async\" width=\"460\" height=\"307\" src=\"http:\/\/infoecos.com.ar\/wp-content\/uploads\/2021\/08\/Hospital-2-460x307.jpeg\" alt=\"\" class=\"wp-image-83587\" srcset=\"https:\/\/infoecos.com.ar\/wp-content\/uploads\/2021\/08\/Hospital-2-460x307.jpeg 460w, https:\/\/infoecos.com.ar\/wp-content\/uploads\/2021\/08\/Hospital-2-920x613.jpeg 920w, https:\/\/infoecos.com.ar\/wp-content\/uploads\/2021\/08\/Hospital-2-768x512.jpeg 768w, https:\/\/infoecos.com.ar\/wp-content\/uploads\/2021\/08\/Hospital-2-1024x682.jpeg 1024w, https:\/\/infoecos.com.ar\/wp-content\/uploads\/2021\/08\/Hospital-2-675x450.jpeg 675w, https:\/\/infoecos.com.ar\/wp-content\/uploads\/2021\/08\/Hospital-2.jpeg 1280w\" sizes=\"(max-width: 460px) 100vw, 460px\" \/><\/figure><\/div>\n\n\n\n<p>El intendente recorri\u00f3 las obras de construcci\u00f3n del edificio que albergar\u00e1 al nuevo colegio secundario, el cual contar\u00e1 con 6 aulas, 1 sector administrativo, 1 laboratorio, 1 sal\u00f3n de usos m\u00faltiples y las correspondientes fajas sanitarias (970 metros cuadrados).<\/p>\n\n\n\n<div class=\"wp-block-image is-style-default\"><figure class=\"aligncenter size-medium\"><img loading=\"lazy\" decoding=\"async\" width=\"460\" height=\"307\" src=\"http:\/\/infoecos.com.ar\/wp-content\/uploads\/2021\/08\/Escuela-Secundaria-1-460x307.jpeg\" alt=\"\" class=\"wp-image-83588\" srcset=\"https:\/\/infoecos.com.ar\/wp-content\/uploads\/2021\/08\/Escuela-Secundaria-1-460x307.jpeg 460w, https:\/\/infoecos.com.ar\/wp-content\/uploads\/2021\/08\/Escuela-Secundaria-1-920x613.jpeg 920w, https:\/\/infoecos.com.ar\/wp-content\/uploads\/2021\/08\/Escuela-Secundaria-1-768x512.jpeg 768w, https:\/\/infoecos.com.ar\/wp-content\/uploads\/2021\/08\/Escuela-Secundaria-1-1024x682.jpeg 1024w, https:\/\/infoecos.com.ar\/wp-content\/uploads\/2021\/08\/Escuela-Secundaria-1-675x450.jpeg 675w, https:\/\/infoecos.com.ar\/wp-content\/uploads\/2021\/08\/Escuela-Secundaria-1.jpeg 1280w\" sizes=\"(max-width: 460px) 100vw, 460px\" \/><\/figure><\/div>\n","protected":false},"excerpt":{"rendered":"<p>\u00c1lvarez observando la construcci\u00f3n de otra obra: el CAPS del Barrio San Cayetano<\/p>\n","protected":false},"author":2,"featured_media":83589,"comment_status":"closed","ping_status":"open","sticky":false,"template":"","format":"standard","meta":{"footnotes":""},"categories":[1331],"tags":[4707],"class_list":["post-83584","post","type-post","status-publish","format-standard","has-post-thumbnail","hentry","category-inferior11","tag-el-intendente-recorrio-los-lugares"],"yoast_head":"<!-- This site is optimized with the Yoast SEO plugin v23.4 - https:\/\/yoast.com\/wordpress\/plugins\/seo\/ -->\n<title>Se construyen 28 viviendas, avanzan las obras del Hospital y el Colegio Secundario en Tres Lomas - Infoecos<\/title>\n<meta name=\"robots\" content=\"index, follow, max-snippet:-1, max-image-preview:large, max-video-preview:-1\" \/>\n<link rel=\"canonical\" href=\"https:\/\/infoecos.com.ar\/index.php\/se-construyen-28-viviendas-avanzan-las-obras-del-hospital-y-el-colegio-secundario-en-tres-lomas\/\" \/>\n<meta property=\"og:locale\" content=\"es_ES\" \/>\n<meta property=\"og:type\" content=\"article\" \/>\n<meta property=\"og:title\" content=\"Se construyen 28 viviendas, avanzan las obras del Hospital y el Colegio Secundario en Tres Lomas - Infoecos\" \/>\n<meta property=\"og:description\" content=\"\u00c1lvarez observando la construcci\u00f3n de otra obra: el CAPS del Barrio San Cayetano\" \/>\n<meta property=\"og:url\" content=\"https:\/\/infoecos.com.ar\/index.php\/se-construyen-28-viviendas-avanzan-las-obras-del-hospital-y-el-colegio-secundario-en-tres-lomas\/\" \/>\n<meta property=\"og:site_name\" content=\"Infoecos\" \/>\n<meta property=\"article:publisher\" content=\"https:\/\/www.facebook.com\/profile.php?id=100063200290284\" \/>\n<meta property=\"article:published_time\" content=\"2021-08-18T08:54:48+00:00\" \/>\n<meta property=\"article:modified_time\" content=\"2021-08-19T08:16:18+00:00\" \/>\n<meta property=\"og:image\" content=\"https:\/\/infoecos.com.ar\/wp-content\/uploads\/2021\/08\/CAPS-San-Cayetano.jpeg\" \/>\n\t<meta property=\"og:image:width\" content=\"1280\" \/>\n\t<meta property=\"og:image:height\" content=\"691\" \/>\n\t<meta property=\"og:image:type\" content=\"image\/jpeg\" \/>\n<meta name=\"author\" content=\"Jorge Matheus\" \/>\n<meta name=\"twitter:card\" content=\"summary_large_image\" \/>\n<meta name=\"twitter:creator\" content=\"@infoecos\" \/>\n<meta name=\"twitter:site\" content=\"@infoecos\" \/>\n<meta name=\"twitter:label1\" content=\"Escrito por\" \/>\n\t<meta name=\"twitter:data1\" content=\"Jorge Matheus\" \/>\n\t<meta name=\"twitter:label2\" content=\"Tiempo de lectura\" \/>\n\t<meta name=\"twitter:data2\" content=\"1 minuto\" \/>\n<script type=\"application\/ld+json\" class=\"yoast-schema-graph\">{\"@context\":\"https:\/\/schema.org\",\"@graph\":[{\"@type\":\"Article\",\"@id\":\"https:\/\/infoecos.com.ar\/index.php\/se-construyen-28-viviendas-avanzan-las-obras-del-hospital-y-el-colegio-secundario-en-tres-lomas\/#article\",\"isPartOf\":{\"@id\":\"https:\/\/infoecos.com.ar\/index.php\/se-construyen-28-viviendas-avanzan-las-obras-del-hospital-y-el-colegio-secundario-en-tres-lomas\/\"},\"author\":{\"name\":\"Jorge Matheus\",\"@id\":\"https:\/\/infoecos.com.ar\/#\/schema\/person\/8f5ace5ce73b4b4aac4b7245aee6f191\"},\"headline\":\"Se construyen 28 viviendas, avanzan las obras del Hospital y el Colegio Secundario en Tres Lomas\",\"datePublished\":\"2021-08-18T08:54:48+00:00\",\"dateModified\":\"2021-08-19T08:16:18+00:00\",\"mainEntityOfPage\":{\"@id\":\"https:\/\/infoecos.com.ar\/index.php\/se-construyen-28-viviendas-avanzan-las-obras-del-hospital-y-el-colegio-secundario-en-tres-lomas\/\"},\"wordCount\":205,\"publisher\":{\"@id\":\"https:\/\/infoecos.com.ar\/#organization\"},\"image\":{\"@id\":\"https:\/\/infoecos.com.ar\/index.php\/se-construyen-28-viviendas-avanzan-las-obras-del-hospital-y-el-colegio-secundario-en-tres-lomas\/#primaryimage\"},\"thumbnailUrl\":\"https:\/\/infoecos.com.ar\/wp-content\/uploads\/2021\/08\/CAPS-San-Cayetano.jpeg\",\"keywords\":[\"EL INTENDENTE RECORRI\u00d3 LOS LUGARES\"],\"articleSection\":[\"Bloque inferior - 11\"],\"inLanguage\":\"es\"},{\"@type\":\"WebPage\",\"@id\":\"https:\/\/infoecos.com.ar\/index.php\/se-construyen-28-viviendas-avanzan-las-obras-del-hospital-y-el-colegio-secundario-en-tres-lomas\/\",\"url\":\"https:\/\/infoecos.com.ar\/index.php\/se-construyen-28-viviendas-avanzan-las-obras-del-hospital-y-el-colegio-secundario-en-tres-lomas\/\",\"name\":\"Se construyen 28 viviendas, avanzan las obras del Hospital y el Colegio Secundario en Tres Lomas - Infoecos\",\"isPartOf\":{\"@id\":\"https:\/\/infoecos.com.ar\/#website\"},\"primaryImageOfPage\":{\"@id\":\"https:\/\/infoecos.com.ar\/index.php\/se-construyen-28-viviendas-avanzan-las-obras-del-hospital-y-el-colegio-secundario-en-tres-lomas\/#primaryimage\"},\"image\":{\"@id\":\"https:\/\/infoecos.com.ar\/index.php\/se-construyen-28-viviendas-avanzan-las-obras-del-hospital-y-el-colegio-secundario-en-tres-lomas\/#primaryimage\"},\"thumbnailUrl\":\"https:\/\/infoecos.com.ar\/wp-content\/uploads\/2021\/08\/CAPS-San-Cayetano.jpeg\",\"datePublished\":\"2021-08-18T08:54:48+00:00\",\"dateModified\":\"2021-08-19T08:16:18+00:00\",\"breadcrumb\":{\"@id\":\"https:\/\/infoecos.com.ar\/index.php\/se-construyen-28-viviendas-avanzan-las-obras-del-hospital-y-el-colegio-secundario-en-tres-lomas\/#breadcrumb\"},\"inLanguage\":\"es\",\"potentialAction\":[{\"@type\":\"ReadAction\",\"target\":[\"https:\/\/infoecos.com.ar\/index.php\/se-construyen-28-viviendas-avanzan-las-obras-del-hospital-y-el-colegio-secundario-en-tres-lomas\/\"]}]},{\"@type\":\"ImageObject\",\"inLanguage\":\"es\",\"@id\":\"https:\/\/infoecos.com.ar\/index.php\/se-construyen-28-viviendas-avanzan-las-obras-del-hospital-y-el-colegio-secundario-en-tres-lomas\/#primaryimage\",\"url\":\"https:\/\/infoecos.com.ar\/wp-content\/uploads\/2021\/08\/CAPS-San-Cayetano.jpeg\",\"contentUrl\":\"https:\/\/infoecos.com.ar\/wp-content\/uploads\/2021\/08\/CAPS-San-Cayetano.jpeg\",\"width\":1280,\"height\":691},{\"@type\":\"BreadcrumbList\",\"@id\":\"https:\/\/infoecos.com.ar\/index.php\/se-construyen-28-viviendas-avanzan-las-obras-del-hospital-y-el-colegio-secundario-en-tres-lomas\/#breadcrumb\",\"itemListElement\":[{\"@type\":\"ListItem\",\"position\":1,\"name\":\"Portada\",\"item\":\"https:\/\/infoecos.com.ar\/\"},{\"@type\":\"ListItem\",\"position\":2,\"name\":\"Se construyen 28 viviendas, avanzan las obras del Hospital y el Colegio Secundario en Tres Lomas\"}]},{\"@type\":\"WebSite\",\"@id\":\"https:\/\/infoecos.com.ar\/#website\",\"url\":\"https:\/\/infoecos.com.ar\/\",\"name\":\"Infoecos\",\"description\":\"Noticias de trenque lauquen y la zona\",\"publisher\":{\"@id\":\"https:\/\/infoecos.com.ar\/#organization\"},\"alternateName\":\"Noticias\",\"potentialAction\":[{\"@type\":\"SearchAction\",\"target\":{\"@type\":\"EntryPoint\",\"urlTemplate\":\"https:\/\/infoecos.com.ar\/?s={search_term_string}\"},\"query-input\":{\"@type\":\"PropertyValueSpecification\",\"valueRequired\":true,\"valueName\":\"search_term_string\"}}],\"inLanguage\":\"es\"},{\"@type\":\"Organization\",\"@id\":\"https:\/\/infoecos.com.ar\/#organization\",\"name\":\"Infoecos\",\"alternateName\":\"Noticias\",\"url\":\"https:\/\/infoecos.com.ar\/\",\"logo\":{\"@type\":\"ImageObject\",\"inLanguage\":\"es\",\"@id\":\"https:\/\/infoecos.com.ar\/#\/schema\/logo\/image\/\",\"url\":\"https:\/\/infoecos.com.ar\/wp-content\/uploads\/2024\/03\/cropped-logo.png\",\"contentUrl\":\"https:\/\/infoecos.com.ar\/wp-content\/uploads\/2024\/03\/cropped-logo.png\",\"width\":374,\"height\":90,\"caption\":\"Infoecos\"},\"image\":{\"@id\":\"https:\/\/infoecos.com.ar\/#\/schema\/logo\/image\/\"},\"sameAs\":[\"https:\/\/www.facebook.com\/profile.php?id=100063200290284\",\"https:\/\/x.com\/infoecos\"]},{\"@type\":\"Person\",\"@id\":\"https:\/\/infoecos.com.ar\/#\/schema\/person\/8f5ace5ce73b4b4aac4b7245aee6f191\",\"name\":\"Jorge Matheus\",\"url\":\"https:\/\/infoecos.com.ar\/index.php\/author\/jomatheus\/\"}]}<\/script>\n<!-- \/ Yoast SEO plugin. -->","yoast_head_json":{"title":"Se construyen 28 viviendas, avanzan las obras del Hospital y el Colegio Secundario en Tres Lomas - Infoecos","robots":{"index":"index","follow":"follow","max-snippet":"max-snippet:-1","max-image-preview":"max-image-preview:large","max-video-preview":"max-video-preview:-1"},"canonical":"https:\/\/infoecos.com.ar\/index.php\/se-construyen-28-viviendas-avanzan-las-obras-del-hospital-y-el-colegio-secundario-en-tres-lomas\/","og_locale":"es_ES","og_type":"article","og_title":"Se construyen 28 viviendas, avanzan las obras del Hospital y el Colegio Secundario en Tres Lomas - Infoecos","og_description":"\u00c1lvarez observando la construcci\u00f3n de otra obra: el CAPS del Barrio San Cayetano","og_url":"https:\/\/infoecos.com.ar\/index.php\/se-construyen-28-viviendas-avanzan-las-obras-del-hospital-y-el-colegio-secundario-en-tres-lomas\/","og_site_name":"Infoecos","article_publisher":"https:\/\/www.facebook.com\/profile.php?id=100063200290284","article_published_time":"2021-08-18T08:54:48+00:00","article_modified_time":"2021-08-19T08:16:18+00:00","og_image":[{"width":1280,"height":691,"url":"https:\/\/infoecos.com.ar\/wp-content\/uploads\/2021\/08\/CAPS-San-Cayetano.jpeg","type":"image\/jpeg"}],"author":"Jorge Matheus","twitter_card":"summary_large_image","twitter_creator":"@infoecos","twitter_site":"@infoecos","twitter_misc":{"Escrito por":"Jorge Matheus","Tiempo de lectura":"1 minuto"},"schema":{"@context":"https:\/\/schema.org","@graph":[{"@type":"Article","@id":"https:\/\/infoecos.com.ar\/index.php\/se-construyen-28-viviendas-avanzan-las-obras-del-hospital-y-el-colegio-secundario-en-tres-lomas\/#article","isPartOf":{"@id":"https:\/\/infoecos.com.ar\/index.php\/se-construyen-28-viviendas-avanzan-las-obras-del-hospital-y-el-colegio-secundario-en-tres-lomas\/"},"author":{"name":"Jorge Matheus","@id":"https:\/\/infoecos.com.ar\/#\/schema\/person\/8f5ace5ce73b4b4aac4b7245aee6f191"},"headline":"Se construyen 28 viviendas, avanzan las obras del Hospital y el Colegio Secundario en Tres Lomas","datePublished":"2021-08-18T08:54:48+00:00","dateModified":"2021-08-19T08:16:18+00:00","mainEntityOfPage":{"@id":"https:\/\/infoecos.com.ar\/index.php\/se-construyen-28-viviendas-avanzan-las-obras-del-hospital-y-el-colegio-secundario-en-tres-lomas\/"},"wordCount":205,"publisher":{"@id":"https:\/\/infoecos.com.ar\/#organization"},"image":{"@id":"https:\/\/infoecos.com.ar\/index.php\/se-construyen-28-viviendas-avanzan-las-obras-del-hospital-y-el-colegio-secundario-en-tres-lomas\/#primaryimage"},"thumbnailUrl":"https:\/\/infoecos.com.ar\/wp-content\/uploads\/2021\/08\/CAPS-San-Cayetano.jpeg","keywords":["EL INTENDENTE RECORRI\u00d3 LOS LUGARES"],"articleSection":["Bloque inferior - 11"],"inLanguage":"es"},{"@type":"WebPage","@id":"https:\/\/infoecos.com.ar\/index.php\/se-construyen-28-viviendas-avanzan-las-obras-del-hospital-y-el-colegio-secundario-en-tres-lomas\/","url":"https:\/\/infoecos.com.ar\/index.php\/se-construyen-28-viviendas-avanzan-las-obras-del-hospital-y-el-colegio-secundario-en-tres-lomas\/","name":"Se construyen 28 viviendas, avanzan las obras del Hospital y el Colegio Secundario en Tres Lomas - Infoecos","isPartOf":{"@id":"https:\/\/infoecos.com.ar\/#website"},"primaryImageOfPage":{"@id":"https:\/\/infoecos.com.ar\/index.php\/se-construyen-28-viviendas-avanzan-las-obras-del-hospital-y-el-colegio-secundario-en-tres-lomas\/#primaryimage"},"image":{"@id":"https:\/\/infoecos.com.ar\/index.php\/se-construyen-28-viviendas-avanzan-las-obras-del-hospital-y-el-colegio-secundario-en-tres-lomas\/#primaryimage"},"thumbnailUrl":"https:\/\/infoecos.com.ar\/wp-content\/uploads\/2021\/08\/CAPS-San-Cayetano.jpeg","datePublished":"2021-08-18T08:54:48+00:00","dateModified":"2021-08-19T08:16:18+00:00","breadcrumb":{"@id":"https:\/\/infoecos.com.ar\/index.php\/se-construyen-28-viviendas-avanzan-las-obras-del-hospital-y-el-colegio-secundario-en-tres-lomas\/#breadcrumb"},"inLanguage":"es","potentialAction":[{"@type":"ReadAction","target":["https:\/\/infoecos.com.ar\/index.php\/se-construyen-28-viviendas-avanzan-las-obras-del-hospital-y-el-colegio-secundario-en-tres-lomas\/"]}]},{"@type":"ImageObject","inLanguage":"es","@id":"https:\/\/infoecos.com.ar\/index.php\/se-construyen-28-viviendas-avanzan-las-obras-del-hospital-y-el-colegio-secundario-en-tres-lomas\/#primaryimage","url":"https:\/\/infoecos.com.ar\/wp-content\/uploads\/2021\/08\/CAPS-San-Cayetano.jpeg","contentUrl":"https:\/\/infoecos.com.ar\/wp-content\/uploads\/2021\/08\/CAPS-San-Cayetano.jpeg","width":1280,"height":691},{"@type":"BreadcrumbList","@id":"https:\/\/infoecos.com.ar\/index.php\/se-construyen-28-viviendas-avanzan-las-obras-del-hospital-y-el-colegio-secundario-en-tres-lomas\/#breadcrumb","itemListElement":[{"@type":"ListItem","position":1,"name":"Portada","item":"https:\/\/infoecos.com.ar\/"},{"@type":"ListItem","position":2,"name":"Se construyen 28 viviendas, avanzan las obras del Hospital y el Colegio Secundario en Tres Lomas"}]},{"@type":"WebSite","@id":"https:\/\/infoecos.com.ar\/#website","url":"https:\/\/infoecos.com.ar\/","name":"Infoecos","description":"Noticias de trenque lauquen y la zona","publisher":{"@id":"https:\/\/infoecos.com.ar\/#organization"},"alternateName":"Noticias","potentialAction":[{"@type":"SearchAction","target":{"@type":"EntryPoint","urlTemplate":"https:\/\/infoecos.com.ar\/?s={search_term_string}"},"query-input":{"@type":"PropertyValueSpecification","valueRequired":true,"valueName":"search_term_string"}}],"inLanguage":"es"},{"@type":"Organization","@id":"https:\/\/infoecos.com.ar\/#organization","name":"Infoecos","alternateName":"Noticias","url":"https:\/\/infoecos.com.ar\/","logo":{"@type":"ImageObject","inLanguage":"es","@id":"https:\/\/infoecos.com.ar\/#\/schema\/logo\/image\/","url":"https:\/\/infoecos.com.ar\/wp-content\/uploads\/2024\/03\/cropped-logo.png","contentUrl":"https:\/\/infoecos.com.ar\/wp-content\/uploads\/2024\/03\/cropped-logo.png","width":374,"height":90,"caption":"Infoecos"},"image":{"@id":"https:\/\/infoecos.com.ar\/#\/schema\/logo\/image\/"},"sameAs":["https:\/\/www.facebook.com\/profile.php?id=100063200290284","https:\/\/x.com\/infoecos"]},{"@type":"Person","@id":"https:\/\/infoecos.com.ar\/#\/schema\/person\/8f5ace5ce73b4b4aac4b7245aee6f191","name":"Jorge Matheus","url":"https:\/\/infoecos.com.ar\/index.php\/author\/jomatheus\/"}]}},"featured_image_urls":{"full":["https:\/\/infoecos.com.ar\/wp-content\/uploads\/2021\/08\/CAPS-San-Cayetano.jpeg",1280,691,false],"thumbnail":["https:\/\/infoecos.com.ar\/wp-content\/uploads\/2021\/08\/CAPS-San-Cayetano-150x150.jpeg",150,150,true],"medium":["https:\/\/infoecos.com.ar\/wp-content\/uploads\/2021\/08\/CAPS-San-Cayetano-460x248.jpeg",460,248,true],"medium_large":["https:\/\/infoecos.com.ar\/wp-content\/uploads\/2021\/08\/CAPS-San-Cayetano-768x415.jpeg",640,346,true],"large":["https:\/\/infoecos.com.ar\/wp-content\/uploads\/2021\/08\/CAPS-San-Cayetano-920x497.jpeg",640,346,true],"1536x1536":["https:\/\/infoecos.com.ar\/wp-content\/uploads\/2021\/08\/CAPS-San-Cayetano.jpeg",1280,691,false],"2048x2048":["https:\/\/infoecos.com.ar\/wp-content\/uploads\/2021\/08\/CAPS-San-Cayetano.jpeg",1280,691,false],"covernews-slider-full":["https:\/\/infoecos.com.ar\/wp-content\/uploads\/2021\/08\/CAPS-San-Cayetano.jpeg",1115,602,false],"covernews-slider-center":["https:\/\/infoecos.com.ar\/wp-content\/uploads\/2021\/08\/CAPS-San-Cayetano-936x691.jpeg",677,500,true],"covernews-featured":["https:\/\/infoecos.com.ar\/wp-content\/uploads\/2021\/08\/CAPS-San-Cayetano-1024x553.jpeg",1024,553,true],"covernews-medium":["https:\/\/infoecos.com.ar\/wp-content\/uploads\/2021\/08\/CAPS-San-Cayetano-720x380.jpeg",540,285,true],"covernews-medium-square":["https:\/\/infoecos.com.ar\/wp-content\/uploads\/2021\/08\/CAPS-San-Cayetano-675x450.jpeg",375,250,true]},"author_info":{"info":["Jorge Matheus"]},"category_info":"<a href=\"https:\/\/infoecos.com.ar\/index.php\/category\/inferior11\/\" rel=\"category tag\">Bloque inferior - 11<\/a>","tag_info":"Bloque inferior - 11","comment_count":"0","_links":{"self":[{"href":"https:\/\/infoecos.com.ar\/index.php\/wp-json\/wp\/v2\/posts\/83584"}],"collection":[{"href":"https:\/\/infoecos.com.ar\/index.php\/wp-json\/wp\/v2\/posts"}],"about":[{"href":"https:\/\/infoecos.com.ar\/index.php\/wp-json\/wp\/v2\/types\/post"}],"author":[{"embeddable":true,"href":"https:\/\/infoecos.com.ar\/index.php\/wp-json\/wp\/v2\/users\/2"}],"replies":[{"embeddable":true,"href":"https:\/\/infoecos.com.ar\/index.php\/wp-json\/wp\/v2\/comments?post=83584"}],"version-history":[{"count":1,"href":"https:\/\/infoecos.com.ar\/index.php\/wp-json\/wp\/v2\/posts\/83584\/revisions"}],"predecessor-version":[{"id":83590,"href":"https:\/\/infoecos.com.ar\/index.php\/wp-json\/wp\/v2\/posts\/83584\/revisions\/83590"}],"wp:featuredmedia":[{"embeddable":true,"href":"https:\/\/infoecos.com.ar\/index.php\/wp-json\/wp\/v2\/media\/83589"}],"wp:attachment":[{"href":"https:\/\/infoecos.com.ar\/index.php\/wp-json\/wp\/v2\/media?parent=83584"}],"wp:term":[{"taxonomy":"category","embeddable":true,"href":"https:\/\/infoecos.com.ar\/index.php\/wp-json\/wp\/v2\/categories?post=83584"},{"taxonomy":"post_tag","embeddable":true,"href":"https:\/\/infoecos.com.ar\/index.php\/wp-json\/wp\/v2\/tags?post=83584"}],"curies":[{"name":"wp","href":"https:\/\/api.w.org\/{rel}","templated":true}]}}