{"id":83637,"date":"2021-08-18T18:21:54","date_gmt":"2021-08-18T21:21:54","guid":{"rendered":"http:\/\/infoecos.com.ar\/?p=83637"},"modified":"2021-08-19T03:32:02","modified_gmt":"2021-08-19T06:32:02","slug":"el-ex-presidente-de-la-juventud-radical-de-la-provincia-de-buenos-aires-sera-secretario-de-gestion-y-administracion-publica-en-trenque-lauquen","status":"publish","type":"post","link":"https:\/\/infoecos.com.ar\/index.php\/el-ex-presidente-de-la-juventud-radical-de-la-provincia-de-buenos-aires-sera-secretario-de-gestion-y-administracion-publica-en-trenque-lauquen\/","title":{"rendered":"El ex presidente de la Juventud Radical de la provincia de Buenos Aires ser\u00e1 secretario de Gesti\u00f3n y Administraci\u00f3n P\u00fablica en Trenque Lauquen"},"content":{"rendered":"\n<p class=\"wp-block-paragraph\">El intendente municipal de Trenque Lauquen, doctor Miguel Fern\u00e1ndez, confirm\u00f3 al medio digital <strong>datatrenque.com.ar <\/strong>que el ex presidente de la Juventud Radical de la provincia de Buenos Aires, doctor Mart\u00edn Borrazas, se sumar\u00e1 a su equipo de gobierno el pr\u00f3ximo primero de septiembre.<\/p>\n\n\n\n<div class=\"wp-block-image is-style-default\"><figure class=\"aligncenter size-medium\"><img loading=\"lazy\" decoding=\"async\" width=\"368\" height=\"460\" src=\"http:\/\/infoecos.com.ar\/wp-content\/uploads\/2021\/07\/martinborrazas-368x460.jpg\" alt=\"\" class=\"wp-image-82004\" srcset=\"https:\/\/infoecos.com.ar\/wp-content\/uploads\/2021\/07\/martinborrazas-368x460.jpg 368w, https:\/\/infoecos.com.ar\/wp-content\/uploads\/2021\/07\/martinborrazas.jpg 480w\" sizes=\"auto, (max-width: 368px) 100vw, 368px\" \/><\/figure><\/div>\n\n\n\n<p class=\"wp-block-paragraph\">El dirigente que actualmente reside en La Plata volver\u00e1 de esta manera a su pueblo natal, donde viven sus padres y hermano, \u00e9ste \u00faltimo actual concejal por Juntos por el Cambio.<\/p>\n\n\n\n<p class=\"wp-block-paragraph\">Borrazas es abogado, casado, padre de un ni\u00f1o muy peque\u00f1o.<\/p>\n\n\n\n<p class=\"wp-block-paragraph\">Fern\u00e1ndez en el mencionado sitio manifest\u00f3 en torno a la decisi\u00f3n de convocarlo para reemplazar a Pablo Silvani que \u00abMart\u00edn demostr\u00f3 mucho compromiso en la pol\u00edtica provincial, no solo a nivel local, sino tambi\u00e9n provincial\u00bb. Destac\u00f3 como virtudes de qui\u00e9n ser\u00e1 funcionario comunal desde el pr\u00f3ximo mes que \u00abtiene capacidad de escucha, es humilde, lo que no sabe lo pregunta y tiene af\u00e1n por progresar en la pol\u00edtica\u00bb. <\/p>\n\n\n\n<p class=\"wp-block-paragraph\">El intendente expres\u00f3 que \u00abpretende que Borrazas tenga una gesti\u00f3n en la calle y que lo acompa\u00f1e en todas las gestiones que se realicen a nivel provincial y nacional\u00bb.<\/p>\n\n\n\n<p class=\"wp-block-paragraph\"><\/p>\n","protected":false},"excerpt":{"rendered":"<p>El intendente municipal de Trenque Lauquen, doctor Miguel Fern\u00e1ndez, lo confirm\u00f3 ayer<\/p>\n","protected":false},"author":2,"featured_media":50957,"comment_status":"closed","ping_status":"open","sticky":false,"template":"","format":"standard","meta":{"footnotes":""},"categories":[24],"tags":[4716],"class_list":["post-83637","post","type-post","status-publish","format-standard","has-post-thumbnail","hentry","category-c1nota3","tag-martin-borrazas-en-reemplazo-de-pablo-silvani"],"featured_image_urls":{"full":"","thumbnail":"","medium":"","medium_large":"","large":"","1536x1536":"","2048x2048":"","covernews-slider-full":"","covernews-slider-center":"","covernews-featured":"","covernews-medium":"","covernews-medium-square":""},"author_info":{"info":["Jorge Matheus"]},"category_info":"<a href=\"https:\/\/infoecos.com.ar\/index.php\/category\/c1nota3\/\" rel=\"category tag\">C1 N3<\/a>","tag_info":"C1 N3","comment_count":"0","_links":{"self":[{"href":"https:\/\/infoecos.com.ar\/index.php\/wp-json\/wp\/v2\/posts\/83637","targetHints":{"allow":["GET"]}}],"collection":[{"href":"https:\/\/infoecos.com.ar\/index.php\/wp-json\/wp\/v2\/posts"}],"about":[{"href":"https:\/\/infoecos.com.ar\/index.php\/wp-json\/wp\/v2\/types\/post"}],"author":[{"embeddable":true,"href":"https:\/\/infoecos.com.ar\/index.php\/wp-json\/wp\/v2\/users\/2"}],"replies":[{"embeddable":true,"href":"https:\/\/infoecos.com.ar\/index.php\/wp-json\/wp\/v2\/comments?post=83637"}],"version-history":[{"count":2,"href":"https:\/\/infoecos.com.ar\/index.php\/wp-json\/wp\/v2\/posts\/83637\/revisions"}],"predecessor-version":[{"id":83687,"href":"https:\/\/infoecos.com.ar\/index.php\/wp-json\/wp\/v2\/posts\/83637\/revisions\/83687"}],"wp:attachment":[{"href":"https:\/\/infoecos.com.ar\/index.php\/wp-json\/wp\/v2\/media?parent=83637"}],"wp:term":[{"taxonomy":"category","embeddable":true,"href":"https:\/\/infoecos.com.ar\/index.php\/wp-json\/wp\/v2\/categories?post=83637"},{"taxonomy":"post_tag","embeddable":true,"href":"https:\/\/infoecos.com.ar\/index.php\/wp-json\/wp\/v2\/tags?post=83637"}],"curies":[{"name":"wp","href":"https:\/\/api.w.org\/{rel}","templated":true}]}}